{"id":392947,"date":"2018-09-03T00:05:08","date_gmt":"2018-09-03T05:05:08","guid":{"rendered":"https:\/\/www.diarioimagen.net\/?p=392947"},"modified":"2018-09-04T01:01:34","modified_gmt":"2018-09-04T06:01:34","slug":"revisan-amlo-y-su-equipo-plan-energetico","status":"publish","type":"post","link":"https:\/\/www.diarioimagen.net\/?p=392947","title":{"rendered":"Revisan AMLO y su equipo plan energ\u00e9tico"},"content":{"rendered":"<ul>\n<li><strong><em>Perforaci\u00f3n y extracci\u00f3n de hidrocarburos y nueva refiner\u00eda<\/em><\/strong><\/li>\n<\/ul>\n<p>&nbsp;<\/p>\n<div id=\"attachment_393077\" style=\"width: 470px\" class=\"wp-caption aligncenter\"><a href=\"https:\/\/www.diarioimagen.net\/?attachment_id=393077\" rel=\"attachment wp-att-393077\"><img loading=\"lazy\" decoding=\"async\" aria-describedby=\"caption-attachment-393077\" class=\"size-large wp-image-393077\" src=\"https:\/\/www.diarioimagen.net\/wp-content\/uploads\/2018\/09\/equipo-3446-460x259.jpg\" alt=\"\" width=\"460\" height=\"259\" srcset=\"https:\/\/www.diarioimagen.net\/wp-content\/uploads\/2018\/09\/equipo-3446-460x259.jpg 460w, https:\/\/www.diarioimagen.net\/wp-content\/uploads\/2018\/09\/equipo-3446-240x135.jpg 240w, https:\/\/www.diarioimagen.net\/wp-content\/uploads\/2018\/09\/equipo-3446-235x132.jpg 235w, https:\/\/www.diarioimagen.net\/wp-content\/uploads\/2018\/09\/equipo-3446-202x114.jpg 202w, https:\/\/www.diarioimagen.net\/wp-content\/uploads\/2018\/09\/equipo-3446-350x196.jpg 350w, https:\/\/www.diarioimagen.net\/wp-content\/uploads\/2018\/09\/equipo-3446-220x123.jpg 220w, https:\/\/www.diarioimagen.net\/wp-content\/uploads\/2018\/09\/equipo-3446-237x132.jpg 237w, https:\/\/www.diarioimagen.net\/wp-content\/uploads\/2018\/09\/equipo-3446.jpg 480w\" sizes=\"auto, (max-width: 460px) 100vw, 460px\" \/><\/a><p id=\"caption-attachment-393077\" class=\"wp-caption-text\">Roc\u00edo Nahle precis\u00f3 que en la reuni\u00f3n hablaron de los proyectos de perforaci\u00f3n y extracci\u00f3n de hidrocarburos, la nueva refiner\u00eda y la recuperaci\u00f3n de hidroel\u00e9ctricas.<\/p><\/div>\n<p>&nbsp;<\/p>\n<p>El Presidente electo, Andr\u00e9s Manuekl L\u00f3pez Obrador, sostuvo ayer domingo una reuni\u00f3n con los pr\u00f3ximos secretarios de Hacienda, Energ\u00eda, Comunicaciones y Transportes, Medio Ambiente, as\u00ed como el gobernador electo de Tabasco y el pr\u00f3ximo director de Pemex para dise\u00f1ar el presupuesto que recibir\u00e1 el sector energ\u00e9tico.<\/p>\n<p>La futura secretaria de Energ\u00eda, Roc\u00edo Nahle, precis\u00f3 que en la reuni\u00f3n hablaron de los proyectos de perforaci\u00f3n y extracci\u00f3n de hidrocarburos, la nueva refiner\u00eda y la recuperaci\u00f3n de hidroel\u00e9ctricas.<\/p>\n<p>Entrevistada luego de la reuni\u00f3n que sostuvieron en la casa de transici\u00f3n, junto con parte de su gabinete de asuntos econ\u00f3micos, destac\u00f3 que la inversi\u00f3n extra que representar\u00e1n estos proyectos estar\u00e1 considerada en el presupuesto del siguiente a\u00f1o del sector energ\u00e9tico, como lo anunci\u00f3 L\u00f3pez Obrador.<\/p>\n<p>El futuro gobierno de Andr\u00e9s Manuel L\u00f3pez Obrador aumentar\u00e1 la inversi\u00f3n a Pemex y la CFE con el objetivo de hacerlas competitivas y convertirlas nuevamente en un \u201cgran negocio\u201d a nivel mundial.<\/p>\n<p>Detall\u00f3 que en el Presupuesto de Egresos de la Federaci\u00f3n 2019 ya estar\u00e1n etiquetados 75 mil millones de pesos para exploraci\u00f3n y perforaci\u00f3n.<\/p>\n<p>As\u00ed como 25 mil millones de pesos para la rehabilitaci\u00f3n de las refiner\u00edas, 55 mil millones de pesos para la primera etapa de la construcci\u00f3n de la nueva refiner\u00eda y 25 mil millones de pesos para la rehabilitaci\u00f3n de las hidroel\u00e9ctricas.<\/p>\n<p>\u201cLes recuerdo que hace un a\u00f1o o dos se le recort\u00f3 a Pemex 100 mil millones de pesos en inversi\u00f3n, lo que estamos haciendo es regresando su capacidad de inversi\u00f3n a las empresas del Estado para que puedan competir\u201d, mencion\u00f3 la actual senadora.<\/p>\n<p>\u201cIr ajustando un presupuesto para que unas empresas de este tama\u00f1o como CFE, como Pemex -que aportan a las arcas de M\u00e9xico-, pues tambi\u00e9n tengan inversi\u00f3n para que puedan generar m\u00e1s ganancia\u201d.<\/p>\n<p>Nahle expuso que a partir del primero de diciembre, la nueva administraci\u00f3n federal revisar\u00e1 de manera minuciosa todos los contratos en materia de energ\u00eda entregados en el actual sexenio. Cuestionada sobre el futuro del sindicato de Pemex, encabezado por Carlos Romero Deschamps, indic\u00f3 que ser\u00e1 en esa misma fecha cuando la empresa y su consejo de administraci\u00f3n decidan c\u00f3mo proceder al respecto.<\/p>\n<p>Nahle recalc\u00f3, en entrevista con medios, que la prioridad del pr\u00f3ximo Gobierno es recuperar la productividad de Pemex.<\/p>\n<p>\u201cEn eso nos estamos enfocando. Va a volver a refinar, va a volver a producir, va a volver, tenemos que darle la vuelta y hacer una empresa petrolera como las tantas que hay en el mundo, todas las empresas petroleras en el mundo son un gran negocio\u201d, argument\u00f3.<\/p>\n<p>\u201cNo entiendo por qu\u00e9 la de M\u00e9xico no. Tambi\u00e9n va a ser un gran negocio\u201d.<\/p>\n<p>En tanto, Ad\u00e1n Augusto L\u00f3pez, Gobernador electo de Tabasco, asegur\u00f3 que la entidad ser\u00e1 l\u00edder nacional en materia energ\u00e9tica.<\/p>\n<p>\u201cTabasco va a ser la capital energ\u00e9tica del Pa\u00eds\u201d, manifest\u00f3.<\/p>\n","protected":false},"excerpt":{"rendered":"<p>El Presidente electo, Andr\u00e9s Manuekl L\u00f3pez Obrador, sostuvo ayer domingo una reuni\u00f3n con los pr\u00f3ximos secretarios de Hacienda, Energ\u00eda, Comunicaciones y Transportes, Medio Ambiente, as\u00ed como el gobernador electo de Tabasco y el pr\u00f3ximo director de Pemex para dise\u00f1ar el presupuesto que recibir\u00e1 el sector energ\u00e9tico.<\/p>\n","protected":false},"author":3,"featured_media":393077,"comment_status":"open","ping_status":"open","sticky":false,"template":"","format":"standard","meta":{"_monsterinsights_skip_tracking":false,"_monsterinsights_sitenote_active":false,"_monsterinsights_sitenote_note":"","_monsterinsights_sitenote_category":0,"footnotes":""},"categories":[3],"tags":[2545,77813,24594,50515],"class_list":["post-392947","post","type-post","status-publish","format-standard","has-post-thumbnail","hentry","category-nacional","tag-amlo","tag-energetico","tag-equipo","tag-revision"],"_links":{"self":[{"href":"https:\/\/www.diarioimagen.net\/index.php?rest_route=\/wp\/v2\/posts\/392947","targetHints":{"allow":["GET"]}}],"collection":[{"href":"https:\/\/www.diarioimagen.net\/index.php?rest_route=\/wp\/v2\/posts"}],"about":[{"href":"https:\/\/www.diarioimagen.net\/index.php?rest_route=\/wp\/v2\/types\/post"}],"author":[{"embeddable":true,"href":"https:\/\/www.diarioimagen.net\/index.php?rest_route=\/wp\/v2\/users\/3"}],"replies":[{"embeddable":true,"href":"https:\/\/www.diarioimagen.net\/index.php?rest_route=%2Fwp%2Fv2%2Fcomments&post=392947"}],"version-history":[{"count":0,"href":"https:\/\/www.diarioimagen.net\/index.php?rest_route=\/wp\/v2\/posts\/392947\/revisions"}],"wp:featuredmedia":[{"embeddable":true,"href":"https:\/\/www.diarioimagen.net\/index.php?rest_route=\/wp\/v2\/media\/393077"}],"wp:attachment":[{"href":"https:\/\/www.diarioimagen.net\/index.php?rest_route=%2Fwp%2Fv2%2Fmedia&parent=392947"}],"wp:term":[{"taxonomy":"category","embeddable":true,"href":"https:\/\/www.diarioimagen.net\/index.php?rest_route=%2Fwp%2Fv2%2Fcategories&post=392947"},{"taxonomy":"post_tag","embeddable":true,"href":"https:\/\/www.diarioimagen.net\/index.php?rest_route=%2Fwp%2Fv2%2Ftags&post=392947"}],"curies":[{"name":"wp","href":"https:\/\/api.w.org\/{rel}","templated":true}]}}