{"id":392974,"date":"2018-09-03T00:08:22","date_gmt":"2018-09-03T05:08:22","guid":{"rendered":"https:\/\/www.diarioimagen.net\/?p=392974"},"modified":"2018-09-03T06:11:13","modified_gmt":"2018-09-03T11:11:13","slug":"adan-barron-inicia-construccion-de-tanque-elevado-en-la-zona-sur","status":"publish","type":"post","link":"https:\/\/www.diarioimagen.net\/?p=392974","title":{"rendered":"Ad\u00e1n Barr\u00f3n inicia construcci\u00f3n de tanque elevado en la zona sur"},"content":{"rendered":"<ul>\n<li><em><strong>Con una inversi\u00f3n de 15 millones de pesos<\/strong><\/em><\/li>\n<\/ul>\n<p>&nbsp;<\/p>\n<div id=\"attachment_393059\" style=\"width: 470px\" class=\"wp-caption aligncenter\"><a href=\"https:\/\/www.diarioimagen.net\/?attachment_id=393059\" rel=\"attachment wp-att-393059\"><img loading=\"lazy\" decoding=\"async\" aria-describedby=\"caption-attachment-393059\" class=\"size-large wp-image-393059\" src=\"https:\/\/www.diarioimagen.net\/wp-content\/uploads\/2018\/09\/TULTITLAN-3446-460x259.jpg\" alt=\"\" width=\"460\" height=\"259\" srcset=\"https:\/\/www.diarioimagen.net\/wp-content\/uploads\/2018\/09\/TULTITLAN-3446-460x259.jpg 460w, https:\/\/www.diarioimagen.net\/wp-content\/uploads\/2018\/09\/TULTITLAN-3446-240x135.jpg 240w, https:\/\/www.diarioimagen.net\/wp-content\/uploads\/2018\/09\/TULTITLAN-3446-235x132.jpg 235w, https:\/\/www.diarioimagen.net\/wp-content\/uploads\/2018\/09\/TULTITLAN-3446-202x114.jpg 202w, https:\/\/www.diarioimagen.net\/wp-content\/uploads\/2018\/09\/TULTITLAN-3446-350x196.jpg 350w, https:\/\/www.diarioimagen.net\/wp-content\/uploads\/2018\/09\/TULTITLAN-3446-220x123.jpg 220w, https:\/\/www.diarioimagen.net\/wp-content\/uploads\/2018\/09\/TULTITLAN-3446-237x132.jpg 237w, https:\/\/www.diarioimagen.net\/wp-content\/uploads\/2018\/09\/TULTITLAN-3446.jpg 480w\" sizes=\"auto, (max-width: 460px) 100vw, 460px\" \/><\/a><p id=\"caption-attachment-393059\" class=\"wp-caption-text\">El tanque permitir\u00e1 un almacenamiento de 1 mill\u00f3n 350 mililitros de agua potable con la cual se garantiza el abasto del vital l\u00edquido a m\u00e1s de mil familias tultitlenses.<\/p><\/div>\n<p>&nbsp;<\/p>\n<p><strong>Tultitl\u00e1n, Estado de M\u00e9xico<\/strong>.- Con la firme determinaci\u00f3n\u00a0 de mejorar el suministro de agua potable en las partes altas del municipio, el presidente municipal, Ad\u00e1n Barr\u00f3n Elizalde, a trav\u00e9s de los Servicios de Agua Potable, Alcantarillado y Saneamiento de Agua Potable del municipio (APAST), iniciaron los trabajos de construcci\u00f3n del tanque elevado de agua potable en el COBAEM, ubicado en\u00a0 Solidaridad 3ra secci\u00f3n de la zona sur.<\/p>\n<p>Dicho dep\u00f3sito permitir\u00e1 un almacenamiento de 1 mill\u00f3n 350 mililitros de agua potable, con la cual se garantiza el abasto del vital l\u00edquido a m\u00e1s de mil familias tultitlenses.<\/p>\n<p>Es as\u00ed que el Ejecutivo local representa la obra m\u00e1s significativa de la administraci\u00f3n 2016-2018, no s\u00f3lo por la inversi\u00f3n municipal de 15 millones de pesos, sino tambi\u00e9n por el impacto beneficio que recibir\u00e1 la ciudadan\u00eda, de contar con una mejor distribuci\u00f3n de agua potable, que por a\u00f1os demandaban.<\/p>\n<p>Por otra parte en representaci\u00f3n del edil, la presidenta del Sistema Municipal DIF Karen S\u00e1mano se\u00f1al\u00f3 que, \u201cestos beneficios son gracias al pago oportuno sus impuestos de predial y agua potable, es lo que nos da los elementos para poder invertir en m\u00e1s obras para el municipio y as\u00ed mejorar la calidad de vida de las familias tultitlenses\u201d.<\/p>\n<p>Asimismo, el director general del Colegio de Bachilleres del Estado de M\u00e9xico, Armando M\u00e9ndez Guti\u00e9rrez, coment\u00f3 que \u201cGracias al edil, que siempre nos ha apoyado, desde las pipas de agua que llegan semanalmente hasta el inicio de la construcci\u00f3n de este nuevo tanque de agua que no solo beneficiar\u00e1 al colegio de bachilleres si no a todas la colonias aleda\u00f1as de la Solidaridad 3ra. secci\u00f3n\u201d &#8211;<\/p>\n<p>Finalmente, autoridades municipales y vecinos dieron banderazo de inicio de arranque de obra, que beneficiar\u00e1 a las familias\u00a0 de esa comunidad.<\/p>\n","protected":false},"excerpt":{"rendered":"<p>Con la firme determinaci\u00f3n  de mejorar el suministro de agua potable en las partes altas del municipio, el presidente municipal, Ad\u00e1n Barr\u00f3n Elizalde, a trav\u00e9s de los Servicios de Agua Potable, Alcantarillado y Saneamiento de Agua Potable del municipio (APAST), iniciaron los trabajos de construcci\u00f3n del tanque elevado de agua potable en el COBAEM, ubicado en  Solidaridad 3ra secci\u00f3n de la zona sur.<\/p>\n","protected":false},"author":3,"featured_media":393059,"comment_status":"open","ping_status":"open","sticky":false,"template":"","format":"standard","meta":{"_monsterinsights_skip_tracking":false,"_monsterinsights_sitenote_active":false,"_monsterinsights_sitenote_note":"","_monsterinsights_sitenote_category":0,"footnotes":""},"categories":[35155],"tags":[43675,578],"class_list":["post-392974","post","type-post","status-publish","format-standard","has-post-thumbnail","hentry","category-estado-de-mexico-estado-de-mexico","tag-estado-de-mexico","tag-tultitlan"],"_links":{"self":[{"href":"https:\/\/www.diarioimagen.net\/index.php?rest_route=\/wp\/v2\/posts\/392974","targetHints":{"allow":["GET"]}}],"collection":[{"href":"https:\/\/www.diarioimagen.net\/index.php?rest_route=\/wp\/v2\/posts"}],"about":[{"href":"https:\/\/www.diarioimagen.net\/index.php?rest_route=\/wp\/v2\/types\/post"}],"author":[{"embeddable":true,"href":"https:\/\/www.diarioimagen.net\/index.php?rest_route=\/wp\/v2\/users\/3"}],"replies":[{"embeddable":true,"href":"https:\/\/www.diarioimagen.net\/index.php?rest_route=%2Fwp%2Fv2%2Fcomments&post=392974"}],"version-history":[{"count":0,"href":"https:\/\/www.diarioimagen.net\/index.php?rest_route=\/wp\/v2\/posts\/392974\/revisions"}],"wp:featuredmedia":[{"embeddable":true,"href":"https:\/\/www.diarioimagen.net\/index.php?rest_route=\/wp\/v2\/media\/393059"}],"wp:attachment":[{"href":"https:\/\/www.diarioimagen.net\/index.php?rest_route=%2Fwp%2Fv2%2Fmedia&parent=392974"}],"wp:term":[{"taxonomy":"category","embeddable":true,"href":"https:\/\/www.diarioimagen.net\/index.php?rest_route=%2Fwp%2Fv2%2Fcategories&post=392974"},{"taxonomy":"post_tag","embeddable":true,"href":"https:\/\/www.diarioimagen.net\/index.php?rest_route=%2Fwp%2Fv2%2Ftags&post=392974"}],"curies":[{"name":"wp","href":"https:\/\/api.w.org\/{rel}","templated":true}]}}