{"id":393008,"date":"2018-09-03T00:00:24","date_gmt":"2018-09-03T05:00:24","guid":{"rendered":"https:\/\/www.diarioimagen.net\/?p=393008"},"modified":"2018-09-03T02:02:06","modified_gmt":"2018-09-03T07:02:06","slug":"intentos-por-confrontar-a-hector-serrano-con-sheinbaum","status":"publish","type":"post","link":"https:\/\/www.diarioimagen.net\/?p=393008","title":{"rendered":"Intentos por confrontar a H\u00e9ctor Serrano con Sheinbaum"},"content":{"rendered":"<h2>La Retaguardia<\/h2>\n<h5>Adriana Moreno Cordero<\/h5>\n<p>&nbsp;<\/p>\n<ul>\n<li><em><strong>Moreno C\u00e1rdenas y Murat Hinojosa\u201cse ponen las pilas\u201d<\/strong><\/em><\/li>\n<\/ul>\n<p>&nbsp;<\/p>\n<p>&nbsp;<\/p>\n<p>Uno de los diputados que lleg\u00f3 a la bancada del Partido de la Revoluci\u00f3n Democr\u00e1tica, fue <strong>H\u00e9ctor Serrano Cort\u00e9s<\/strong>, por la IV Circunscripci\u00f3n de la Ciudad de M\u00e9xico y a\u00fan desde antes de su arribo\u00a0 al Palacio Legislativo de San L\u00e1zaro, se puede percibir de manera muy palpable que hay voces an\u00f3nimas que insisten en confrontarlo con la Jefa de Gobierno electa de la CDMX, <strong>Claudia Sheinbaum<\/strong>.<\/p>\n<p>En entrevista, el diputado se\u00f1al\u00f3 espec\u00edficamente: \u201chay algunos que seguramente se presentaron ante ella anteponi\u00e9ndome como la oposici\u00f3n reacia y yo creo que algunos lograron esa posici\u00f3n de ella habl\u00e1ndole al o\u00eddo\u201d.<\/p>\n<p>De hecho, Serrano afirm\u00f3 que no tiene elementos para juzgar a\u00a0 Sheinbaum Pardo, pues no la conoce y nunca la ha tratado, as\u00ed que habr\u00eda que corroborar qu\u00e9 \u201cnegras intenciones\u201d tienen esas manos que guardan toda la intenci\u00f3n de \u201cmecer la cuna\u201d.<\/p>\n<p>Respecto a su perfil pol\u00edtico, el ex secretario de Movilidad es un hombre que no guarda resentimientos, que comprende y se adapta a los tiempos pol\u00edticos y desde luego entiende a la perfecci\u00f3n que tanto en la vida como en la pol\u00edtica, los altibajos son cosa normal.<\/p>\n<p>Tan es as\u00ed, que el diputado Serrano no tiene pensado abandonar a su partido, el PRD, debido a la dif\u00edcil situaci\u00f3n por la que atraviesa, \u201cjam\u00e1s nadie puede acusarme de traidor ni de mal agradecido\u201d, \u00bfas\u00ed o m\u00e1s claro?<\/p>\n<p>Desde el primer d\u00eda que el diputado Serrano Cort\u00e9s puso un pie en el Palacio Legislativo de San L\u00e1zaro, explic\u00f3 que su labor legislativa ser\u00e1 trabajar a favor de propuestas como un salario digno para los trabajadores y se comprometi\u00f3 a, junto con sus compa\u00f1eros de bancada, ser \u201cuna oposici\u00f3n responsable\u2026 no buscaremos confrontaci\u00f3n pero habremos de plantear propuestas\u201d.<\/p>\n<p>Ahora bien, sobre la relaci\u00f3n tanto del ex secretario de Gobierno de la CDMX, como con la bancada del sol azteca en la C\u00e1mara de Diputados que coordina <strong>Jos\u00e9 Ricardo Gallardo Cardona<\/strong>, con el presidente electo, <strong>Andr\u00e9s Manuel L\u00f3pez Obrador<\/strong>, \u00e9sta ser\u00e1 de respeto y de acompa\u00f1amiento a sus propuestas siempre y cuando \u00e9stas sean buenas para la ciudadan\u00eda.<\/p>\n<p>\u201cHay propuestas que no solamente el PRD acompa\u00f1ar\u00eda, \u00bfqui\u00e9n no est\u00e1 a favor de beneficiar a la clase trabajadora incrementando el salario m\u00ednimo?, \u00bfqui\u00e9n no est\u00e1 a favor de que se luche contra la corrupci\u00f3n y se incrementen de manera efectiva las penas contra este delito?\u201d.<\/p>\n<p>Finalmente, Serrano Cort\u00e9s dijo tener solo agradecimiento tanto para el ex jefe de Gobierno de la CDMX y ahora senador <strong>Miguel Angel Mancera<\/strong>, como para el futuro secretario de Relaciones Exteriores, <strong>Marcelo Ebrard<\/strong>.<\/p>\n<p style=\"text-align: center;\"><strong>Municiones<\/strong><\/p>\n<p>*** Son dos j\u00f3venes gobernadores pri\u00edstas los que se est\u00e1n \u201cponiendo las pilas\u201d para renovar al PRI\u00a0 y sacarlo del s\u00f3tano electoral en el que se encuentra y se trata ni m\u00e1s ni menos que de los mandatarios estatales de Campeche, <strong>Alejandro Moreno<\/strong> y Oaxaca, <strong>Alejandro Murat<\/strong>, sin duda, ellos son la esperanza del Revolucionario Institucional.<\/p>\n<p>Resulta que ambos participaron en un encuentro de respaldo al PRI que se llev\u00f3 a cabo en Monterrey, Nuevo Le\u00f3n. Moreno C\u00e1rdenas y Murat Hinojosa, dieron su total apoyo a los candidatos pri\u00edstas ganadores de las alcald\u00edas de los municipios de Monterrey y Guadalupe, la ex senadora <strong>Cristina D\u00edaz<\/strong> y <strong>Adri\u00e1n de la Garza<\/strong>, luego del fallo a su favor del Tribunal Estatal Electoral.<\/p>\n<p>Inclusive \u201cAlito\u201d Moreno convoc\u00f3 a los inconformes panistas a reconocer claramente su derrota, mientras que Murat subray\u00f3 que la diferencia de votos en Monterrey fue de m\u00e1s de seis mil sufragios, mientras que en Guadalupe, cinco mil votos.<\/p>\n<p>*** Por cierto, a la hora de fijar su posicionamiento, el coordinador de la fracci\u00f3n perredista en la C\u00e1mara de Diputados, <strong>Jos\u00e9 Ricardo Gallardo<\/strong>, supo enviar un mensaje al que lo quiso tomar al se\u00f1alar que en \u201cesta nueva etapa de nuestra historia, los mexicanos tenemos una gran esperanza en mejorar, esperamos que se cumplan las promesas de campa\u00f1a, que no se repita el vicio de la mentira y del enga\u00f1o p\u00fablico como m\u00e9todo para conseguir votos<\/p>\n<p>*** L\u00f3pez Obrador celebr\u00f3 postura que tuvo el PRI, en el per\u00edodo de apertura de sesiones en el Congreso de la Uni\u00f3n pues asegur\u00f3 que lo que se necesita es la reconciliaci\u00f3n.<\/p>\n<p>Esto, por el discurso de la dirigente tricolor, <strong>Claudia Ruiz Massieu<\/strong>, quien dijo que su bancada en la C\u00e1mara Alta, no va a obstruir los cambios que beneficien a M\u00e9xico. Desde su coche, a las afueras de su casa de campa\u00f1a, el tabasque\u00f1o dijo: \u201cqu\u00e9 bueno que se pongan de acuerdo y que haya armon\u00eda y no haya pleitos\u201d.<\/p>\n<p>El presidente electo no quiso hacer comentarios sobre el VI Informe de Gobierno del presidente Enrique Pe\u00f1a porque no lo ha revisado; \u201cno puedo as\u00ed a bote pronto decirles algo\u201d \u201csi hay algo ma\u00f1ana les informo, contest\u00f3.<\/p>\n<p>*** <strong>Ad\u00e1n Augusto L\u00f3pez<\/strong>, gobernador electo de Tabasco estuvo en la Casa de Campa\u00f1a de L\u00f3pez Obrador y declar\u00f3 que a partir de enero se notar\u00e1 un cambio en el asunto de la seguridad en la entidad.<\/p>\n<p>Asimismo, se comprometi\u00f3 a restablecer los servicios de salud al ciento por ciento. Eso s\u00ed, L\u00f3pez fue muy cuidadoso al referirse a quien el \u00faltimo d\u00eda de este a\u00f1o, se convertir\u00e1 en su antecesor: <strong>Arturo N\u00fa\u00f1ez<\/strong>, de quien dijo, es un pol\u00edtico profesional que sabr\u00e1 afrontar el \u00faltimo tramo de su gobierno. \u00bfSer\u00e1?<\/p>\n<p><a href=\"mailto:morcora@gmail.com\" target=\"_blank\" rel=\"noopener\"><em>morcora@gmail.com<\/em><\/a><\/p>\n","protected":false},"excerpt":{"rendered":"<p><span style=\"color: #005497;\"><strong>Adriana Moreno Cordero<\/strong><\/span><\/p>\n","protected":false},"author":3,"featured_media":0,"comment_status":"open","ping_status":"open","sticky":false,"template":"","format":"standard","meta":{"_monsterinsights_skip_tracking":false,"_monsterinsights_sitenote_active":false,"_monsterinsights_sitenote_note":"","_monsterinsights_sitenote_category":0,"footnotes":""},"categories":[69370],"tags":[69369,69368],"class_list":["post-393008","post","type-post","status-publish","format-standard","hentry","category-adriana-moreno-cordero","tag-adriana-moreno-cordero","tag-la-retaguardia"],"_links":{"self":[{"href":"https:\/\/www.diarioimagen.net\/index.php?rest_route=\/wp\/v2\/posts\/393008","targetHints":{"allow":["GET"]}}],"collection":[{"href":"https:\/\/www.diarioimagen.net\/index.php?rest_route=\/wp\/v2\/posts"}],"about":[{"href":"https:\/\/www.diarioimagen.net\/index.php?rest_route=\/wp\/v2\/types\/post"}],"author":[{"embeddable":true,"href":"https:\/\/www.diarioimagen.net\/index.php?rest_route=\/wp\/v2\/users\/3"}],"replies":[{"embeddable":true,"href":"https:\/\/www.diarioimagen.net\/index.php?rest_route=%2Fwp%2Fv2%2Fcomments&post=393008"}],"version-history":[{"count":0,"href":"https:\/\/www.diarioimagen.net\/index.php?rest_route=\/wp\/v2\/posts\/393008\/revisions"}],"wp:attachment":[{"href":"https:\/\/www.diarioimagen.net\/index.php?rest_route=%2Fwp%2Fv2%2Fmedia&parent=393008"}],"wp:term":[{"taxonomy":"category","embeddable":true,"href":"https:\/\/www.diarioimagen.net\/index.php?rest_route=%2Fwp%2Fv2%2Fcategories&post=393008"},{"taxonomy":"post_tag","embeddable":true,"href":"https:\/\/www.diarioimagen.net\/index.php?rest_route=%2Fwp%2Fv2%2Ftags&post=393008"}],"curies":[{"name":"wp","href":"https:\/\/api.w.org\/{rel}","templated":true}]}}