{"id":393014,"date":"2018-09-03T00:03:39","date_gmt":"2018-09-03T05:03:39","guid":{"rendered":"https:\/\/www.diarioimagen.net\/?p=393014"},"modified":"2018-09-04T05:54:03","modified_gmt":"2018-09-04T10:54:03","slug":"gobierno-mediocre","status":"publish","type":"post","link":"https:\/\/www.diarioimagen.net\/?p=393014","title":{"rendered":"Gobierno mediocre"},"content":{"rendered":"<h2>De pe a pa<\/h2>\n<h5>Alberto Vieyra G.<\/h5>\n<p>&nbsp;<\/p>\n<p>En el tumbaburros de la Real Academia de la Lengua Espa\u00f1ola, el t\u00e9rmino mediocre tiene dos acepciones o significados: 1. De calidad media, y 2. De poco m\u00e9rito, tirando a malo. As\u00ed podr\u00edan calificar los estudiosos y los sencillos habitantes de M\u00e9xico al r\u00e9gimen de Enrique Pe\u00f1a Nieto, sexenio que pasar\u00e1 tambi\u00e9n a la historia como \u201cEl despe\u00f1adero\u201d de la naci\u00f3n azteca.<\/p>\n<p>\u201cNo hemos conseguido dar a los mexicanos paz y tranquilidad\u201d, y con esa inmensa frase de menos de mediocridad se autocalificar\u00eda Enrique Pe\u00f1a Nieto, reconociendo con ello que no pudo acabar con la violencia que impera en Mexitlitico, a raz\u00f3n de una absurda guerra declarada por Felipe Calder\u00f3n Hinojosa en contra de las mafias criminales que tiene a M\u00e9xico en \u00a1jaque! y continuada err\u00f3neamente por Pe\u00f1a Nieto.<\/p>\n<p>\u00bfPor qu\u00e9 no pudo Pe\u00f1a Nieto con el paquete? \u00bfY por qu\u00e9 no podr\u00e1 el nuevo presidente electo pacificar a M\u00e9xico?\u00a0 Muy f\u00e1cil, porque el problema de Mexitlitico es de orden econ\u00f3mico. S\u00ed, la econom\u00eda neoliberal por el injusto reparto de la riqueza no s\u00f3lo presagia m\u00e1s y malos tiempos para M\u00e9xico, sino porque en la miseria en las que viven millones y millones de compatriotas que no tienen empleo y los que lo tienen, viven con sueldos miserables, mientras que un pu\u00f1ado de 50 familias amasan una fortuna de m\u00e1s del 75 por ciento de la riqueza nacional, esta sencilla raz\u00f3n podr\u00eda desatar una nueva revoluci\u00f3n.<\/p>\n<p>No soy agorero del desastre, pero ya el economista Franc\u00e9s Thomas Piketty y especialistas mexicanos en este tema y en asuntos de guerrillas, como el periodista \u00c1ngel Trejo Raygadas, advierten que, si no se le da la vuelta a la hoja criminal del neoliberalismo econ\u00f3mico, los estallidos sociales no se har\u00e1n esperar. La cuesti\u00f3n es que: \u00bfL\u00f3pez Obrador tendr\u00e1 la capacidad, para hilar muy fino y mandar a la rechintola a ese modelo econ\u00f3mico y a ese pu\u00f1ado de ricachones?<\/p>\n<p>Pero el punto es que, el mediocre gobierno de Pe\u00f1a Nieto nom\u00e1s no pudo y se la paso los 6 a\u00f1os como el m\u00e1talas callando o m\u00e1s bien cacareado lo que no ten\u00eda peso ni mucho menos valor.<\/p>\n<p>Pe\u00f1a Nieto no pudo construir el tren bala M\u00e9xico-Quer\u00e9taro y claro est\u00e1 que fue doblegado por poderosos intereses espan\u00f3filos. Tampoco terminar\u00e1 el tren suburbano M\u00e9xico-Toluca, hospitales, escuelas de medio tiempo, el tren Maya, el Nuevo Aeropuerto Internacional de la Ciudad de M\u00e9xico; su gobierno deja muchos pendientes que tendr\u00e1 que terminar el gobierno de ya saben qui\u00e9n\u2026 quien comenzar\u00e1 tarde en su programa de gobierno, porque tendr\u00e1 que hacerle la chamba a EPN. En fin, la historia juzgar\u00e1 a Enrique Pe\u00f1a Nieto y su mediocre gobierno como un sexenio perdido para M\u00e9xico no para \u00e9l y su familia.<\/p>\n<p>Sexenio tambi\u00e9n en el que ya van m\u00e1s de 50 periodistas muertos y prevaleci\u00f3 la impunidad. Ning\u00fan presidente despu\u00e9s de Antonio Lopez de Santa Anna se ha ido a la rechintola tan criticado como Pe\u00f1a Nieto.<\/p>\n<p>Y ya en septiembre, mes de la patria, aclaro que en la mitolog\u00eda azteca, el primer nombre de M\u00e9xico ser\u00eda el de Mexitlitico, que en n\u00e1huatl quiere decir metztli-Luna-xictli-ombligo,\u00a0 y co\u2013lugar, o sea, lugar en el ombligo de la luna. Aqu\u00ed entre \u2018nos del 1 al 10 \u00bfCon cu\u00e1nto calificar\u00eda a usted al gobierno de Enrique Pe\u00f1a Nieto?..<\/p>\n<p><em><a href=\"mailto:info@agenciamn.com\" target=\"_blank\" rel=\"noopener\">info@agenciamn.com<\/a><\/em><\/p>\n<p>&nbsp;<\/p>\n","protected":false},"excerpt":{"rendered":"<p><span style=\"color: #005497;\"><strong>Alberto Vieyra G.<\/strong><\/span><\/p>\n","protected":false},"author":3,"featured_media":0,"comment_status":"open","ping_status":"open","sticky":false,"template":"","format":"standard","meta":{"_monsterinsights_skip_tracking":false,"_monsterinsights_sitenote_active":false,"_monsterinsights_sitenote_note":"","_monsterinsights_sitenote_category":0,"footnotes":""},"categories":[4596],"tags":[4597],"class_list":["post-393014","post","type-post","status-publish","format-standard","hentry","category-alberto-vieyra-g","tag-de-pe-a-pa"],"_links":{"self":[{"href":"https:\/\/www.diarioimagen.net\/index.php?rest_route=\/wp\/v2\/posts\/393014","targetHints":{"allow":["GET"]}}],"collection":[{"href":"https:\/\/www.diarioimagen.net\/index.php?rest_route=\/wp\/v2\/posts"}],"about":[{"href":"https:\/\/www.diarioimagen.net\/index.php?rest_route=\/wp\/v2\/types\/post"}],"author":[{"embeddable":true,"href":"https:\/\/www.diarioimagen.net\/index.php?rest_route=\/wp\/v2\/users\/3"}],"replies":[{"embeddable":true,"href":"https:\/\/www.diarioimagen.net\/index.php?rest_route=%2Fwp%2Fv2%2Fcomments&post=393014"}],"version-history":[{"count":0,"href":"https:\/\/www.diarioimagen.net\/index.php?rest_route=\/wp\/v2\/posts\/393014\/revisions"}],"wp:attachment":[{"href":"https:\/\/www.diarioimagen.net\/index.php?rest_route=%2Fwp%2Fv2%2Fmedia&parent=393014"}],"wp:term":[{"taxonomy":"category","embeddable":true,"href":"https:\/\/www.diarioimagen.net\/index.php?rest_route=%2Fwp%2Fv2%2Fcategories&post=393014"},{"taxonomy":"post_tag","embeddable":true,"href":"https:\/\/www.diarioimagen.net\/index.php?rest_route=%2Fwp%2Fv2%2Ftags&post=393014"}],"curies":[{"name":"wp","href":"https:\/\/api.w.org\/{rel}","templated":true}]}}