{"id":393179,"date":"2018-09-04T00:09:36","date_gmt":"2018-09-04T05:09:36","guid":{"rendered":"https:\/\/www.diarioimagen.net\/?p=393179"},"modified":"2018-09-04T03:46:03","modified_gmt":"2018-09-04T08:46:03","slug":"crece-6-4-monto-destinado-por-uaem-a-implementos-de-trabajo","status":"publish","type":"post","link":"https:\/\/www.diarioimagen.net\/?p=393179","title":{"rendered":"Crece 6.4% monto destinado por UAEM a implementos de trabajo"},"content":{"rendered":"<ul>\n<li><strong><em>Entregan de manera simb\u00f3lica 28 mil 769 enseres<\/em><\/strong><\/li>\n<\/ul>\n<p>&nbsp;<\/p>\n<div id=\"attachment_393231\" style=\"width: 470px\" class=\"wp-caption aligncenter\"><a href=\"https:\/\/www.diarioimagen.net\/?attachment_id=393231\" rel=\"attachment wp-att-393231\"><img loading=\"lazy\" decoding=\"async\" aria-describedby=\"caption-attachment-393231\" class=\"size-large wp-image-393231\" src=\"https:\/\/www.diarioimagen.net\/wp-content\/uploads\/2018\/09\/UAEM-3447-460x259.jpg\" alt=\"\" width=\"460\" height=\"259\" srcset=\"https:\/\/www.diarioimagen.net\/wp-content\/uploads\/2018\/09\/UAEM-3447-460x259.jpg 460w, https:\/\/www.diarioimagen.net\/wp-content\/uploads\/2018\/09\/UAEM-3447-240x135.jpg 240w, https:\/\/www.diarioimagen.net\/wp-content\/uploads\/2018\/09\/UAEM-3447-235x132.jpg 235w, https:\/\/www.diarioimagen.net\/wp-content\/uploads\/2018\/09\/UAEM-3447-202x114.jpg 202w, https:\/\/www.diarioimagen.net\/wp-content\/uploads\/2018\/09\/UAEM-3447-350x196.jpg 350w, https:\/\/www.diarioimagen.net\/wp-content\/uploads\/2018\/09\/UAEM-3447-220x123.jpg 220w, https:\/\/www.diarioimagen.net\/wp-content\/uploads\/2018\/09\/UAEM-3447-237x132.jpg 237w, https:\/\/www.diarioimagen.net\/wp-content\/uploads\/2018\/09\/UAEM-3447.jpg 480w\" sizes=\"auto, (max-width: 460px) 100vw, 460px\" \/><\/a><p id=\"caption-attachment-393231\" class=\"wp-caption-text\">El rector de la UAEM, Alfredo Barrera Baca, entreg\u00f3 de simb\u00f3licamente 28 mil 769 enseres -guantes de m\u00ednima y alta seguridad, fajas sacrolumbares, chamarras, impermeables, mascarillas especiales, caretas y calzado de seguridad-, entre otros.<\/p><\/div>\n<p>&nbsp;<\/p>\n<p><strong>Toluca, Estado de M\u00e9xico<\/strong>.-En beneficio de 6 mil 800 profesores afiliados a la Federaci\u00f3n de Asociaciones Aut\u00f3nomas de Personal Acad\u00e9mico (FAAPAUAEM), la Universidad Aut\u00f3noma del Estado de M\u00e9xico destinar\u00e1 este a\u00f1o, 5 millones 238 mil pesos a la entrega de implementos de trabajo, es decir, 6.4 por ciento m\u00e1s que el a\u00f1o anterior.<\/p>\n<p>Al entregar de manera simb\u00f3lica 28 mil 769 enseres -guantes de m\u00ednima y alta seguridad, fajas sacrolumbares, chamarras, impermeables, mascarillas especiales, caretas y calzado de seguridad, entre otros-, el rector de la UAEM, Alfredo Barrera Baca, subray\u00f3 el valor del trabajo que realiza el personal acad\u00e9mico de esta casa de estudios.<\/p>\n<p>En el auditorio de la sede de la FAAPAUAEM, Alfredo Barrera Baca destac\u00f3 que el material entregado permitir\u00e1 a los profesores e investigadores universitarios desarrollar sus actividades de forma adecuada, con seguridad e higiene.<\/p>\n<p>En tanto, la secretaria general de la agrupaci\u00f3n sindical, Gilda Gonz\u00e1lez Villase\u00f1or, agradeci\u00f3 y reconoci\u00f3 la entrega de los implementos de trabajo, muestra de la importancia que para la m\u00e1xima casa de estudios mexiquense tiene la labor docente.<\/p>\n<p>\u201cVelar por la seguridad de su personal es primordial para la UAEM. Tambi\u00e9n reconozco el esfuerzo, dedicaci\u00f3n y compromiso de los acad\u00e9micos en el desarrollo de sus actividades, mediante las cuales refrendan el amor por nuestra universidad\u201d.<\/p>\n<p>En este evento tambi\u00e9n estuvieron presentes el secretario de Administraci\u00f3n, Javier Gonz\u00e1lez Mart\u00ednez, y la directora de Recursos Humanos de la UAEM, Mar\u00eda de los \u00c1ngeles Araujo Gonz\u00e1lez, as\u00ed como el presidente de la asociaci\u00f3n del Centro Universitario UAEM Valle de Teotihuacan, Eliseo Su\u00e1rez Mungu\u00eda.<\/p>\n","protected":false},"excerpt":{"rendered":"<p>En beneficio de 6 mil 800 profesores afiliados a la Federaci\u00f3n de Asociaciones Aut\u00f3nomas de Personal Acad\u00e9mico (FAAPAUAEM), la Universidad Aut\u00f3noma del Estado de M\u00e9xico destinar\u00e1 este a\u00f1o, 5 millones 238 mil pesos a la entrega de implementos de trabajo, es decir, 6.4 por ciento m\u00e1s que el a\u00f1o anterior. <\/p>\n","protected":false},"author":3,"featured_media":393231,"comment_status":"open","ping_status":"open","sticky":false,"template":"","format":"standard","meta":{"_monsterinsights_skip_tracking":false,"_monsterinsights_sitenote_active":false,"_monsterinsights_sitenote_note":"","_monsterinsights_sitenote_category":0,"footnotes":""},"categories":[35155],"tags":[43675,452,1491],"class_list":["post-393179","post","type-post","status-publish","format-standard","has-post-thumbnail","hentry","category-estado-de-mexico-estado-de-mexico","tag-estado-de-mexico","tag-toluca","tag-uaem"],"_links":{"self":[{"href":"https:\/\/www.diarioimagen.net\/index.php?rest_route=\/wp\/v2\/posts\/393179","targetHints":{"allow":["GET"]}}],"collection":[{"href":"https:\/\/www.diarioimagen.net\/index.php?rest_route=\/wp\/v2\/posts"}],"about":[{"href":"https:\/\/www.diarioimagen.net\/index.php?rest_route=\/wp\/v2\/types\/post"}],"author":[{"embeddable":true,"href":"https:\/\/www.diarioimagen.net\/index.php?rest_route=\/wp\/v2\/users\/3"}],"replies":[{"embeddable":true,"href":"https:\/\/www.diarioimagen.net\/index.php?rest_route=%2Fwp%2Fv2%2Fcomments&post=393179"}],"version-history":[{"count":0,"href":"https:\/\/www.diarioimagen.net\/index.php?rest_route=\/wp\/v2\/posts\/393179\/revisions"}],"wp:featuredmedia":[{"embeddable":true,"href":"https:\/\/www.diarioimagen.net\/index.php?rest_route=\/wp\/v2\/media\/393231"}],"wp:attachment":[{"href":"https:\/\/www.diarioimagen.net\/index.php?rest_route=%2Fwp%2Fv2%2Fmedia&parent=393179"}],"wp:term":[{"taxonomy":"category","embeddable":true,"href":"https:\/\/www.diarioimagen.net\/index.php?rest_route=%2Fwp%2Fv2%2Fcategories&post=393179"},{"taxonomy":"post_tag","embeddable":true,"href":"https:\/\/www.diarioimagen.net\/index.php?rest_route=%2Fwp%2Fv2%2Ftags&post=393179"}],"curies":[{"name":"wp","href":"https:\/\/api.w.org\/{rel}","templated":true}]}}