{"id":393275,"date":"2018-09-04T00:06:43","date_gmt":"2018-09-04T05:06:43","guid":{"rendered":"https:\/\/www.diarioimagen.net\/?p=393275"},"modified":"2018-09-04T05:36:03","modified_gmt":"2018-09-04T10:36:03","slug":"rendir-cuentas","status":"publish","type":"post","link":"https:\/\/www.diarioimagen.net\/?p=393275","title":{"rendered":"Rendir cuentas"},"content":{"rendered":"<h2>Folclor urbano<\/h2>\n<h5>Salvador Estrada<\/h5>\n<p>&nbsp;<\/p>\n<p>En la \u00e9poca pri\u00edsta, en el siglo pasado, los sindicatos, el movimiento obrero organizado, eran mansas ovejas que escuchaban la voz del pastor y estaban a sus \u00f3rdenes y en los informes del gobernante estaban ah\u00ed aplaudiendo, echando porras \u00a0y vivas.<\/p>\n<p>Y as\u00ed de serviciales los dirigentes sindicales no ten\u00edan problema con el mandatario en turno y eran due\u00f1os y se\u00f1ores de sus agremiados y si alguien se pon\u00eda bronco le aplicaban \u201cla cl\u00e1usula \u00a0de exclusi\u00f3n\u201d.<\/p>\n<p>El voto obrero era fundamental sost\u00e9n de los pri\u00edstas para permanecer en el poder y el d\u00eda del trabajo mostraban su fuerza al desfilar junto al mandatario.<\/p>\n<p>Pero en este siglo el amarre que ten\u00edan los trabajadores con su sindicato se rompi\u00f3 y los trabajadores empezaron a tener libertades y, aunque todav\u00eda eran sujetados por las prestaciones sociales, dieron su voto al candidato de su predilecci\u00f3n.<\/p>\n<p>La democracia mexicana era incipiente, ante la hegemon\u00eda \u00a0del PRI, pero el PAN, con un candidato brabuc\u00f3n y ranchero, Vicente Fox, se enfrent\u00f3 al candidato pri\u00edsta, y gan\u00f3 y volvi\u00f3 a ganar con Felipe Calder\u00f3n. Ninguno de los dos \u201csacaron al buey de la barranca\u201d.<\/p>\n<p>Ahora la democracia mexicana que \u00a0apunta a ser una aut\u00e9ntica democracia, con el triunfo de Manuel L\u00f3pez Obrador, quien pide transparencia y honestidad y quiere llamar a cuentas a todos los que manejan dinero p\u00fablico, hace pensar que M\u00e9xico va a cambiar.<\/p>\n<p>Aqu\u00ed entran los sindicatos, petroleros, electricistas, maestros \u00a0y otros m\u00e1s, los que tendr\u00e1n que declarar su patrimonio y rendir cuentas a sus agremiados.<\/p>\n<p>El Sindicato de Trabajadores Petroleros de la Rep\u00fablica Mexicana es uno de los m\u00e1s poderosos, cuyo dirigente ya tiene \u201csus a\u00f1os\u201d en el \u00a0cargo, est\u00e1 en \u00e9l desde el siglo pasado, y es se\u00f1alado como uno de los m\u00e1s ricos lideres sindicales.<\/p>\n<p>Los sindicatos grandes y tambi\u00e9n los peque\u00f1os se acostumbraron a la pol\u00edtica de Fidel Vel\u00e1zquez, permanecer en el cargo porque \u201cas\u00ed lo quieren las bases\u201d y ya tienen m\u00e1s de treinta a\u00f1os en la dirigencia sindical.<span class=\"Apple-converted-space\">\u00a0<\/span><\/p>\n<p>Tambi\u00e9n est\u00e1n desde el siglo pasado.<span class=\"Apple-converted-space\">\u00a0<\/span><\/p>\n<p>Para evitar actos de corrupci\u00f3n los dirigentes sindicales no deben durar en el cargo tantos a\u00f1os. Tres ser\u00eda \u00a0lo ideal, \u00a0pero la duraci\u00f3n en el cargo es decisi\u00f3n de los trabajadores, quienes \u00a0as\u00ed lo deben de plasmar en sus estatutos. No m\u00e1s reelecciones.<\/p>\n<p>Adem\u00e1s la Ley Federal de Trabajo se debe reformar para que los dirigentes rindan cuentas cada a\u00f1o y la pol\u00edtica de transparencia sea real en todos los sectores. No m\u00e1s lideres sindicales ricos y sus agremiados pobres.<\/p>\n<p><em><a href=\"mailto:chavasec@yahoo.com.mx\" target=\"_blank\" rel=\"noopener\">chavasec@yahoo.com.mx<\/a><\/em><\/p>\n","protected":false},"excerpt":{"rendered":"<p><span style=\"color: #005497;\"><strong>Salvador Estrada<\/strong><\/span><\/p>\n","protected":false},"author":1,"featured_media":0,"comment_status":"open","ping_status":"open","sticky":false,"template":"","format":"standard","meta":{"_monsterinsights_skip_tracking":false,"_monsterinsights_sitenote_active":false,"_monsterinsights_sitenote_note":"","_monsterinsights_sitenote_category":0,"footnotes":""},"categories":[41601],"tags":[41599,43674,41600],"class_list":["post-393275","post","type-post","status-publish","format-standard","hentry","category-salvador-estrada-opinion","tag-folclor-urbano","tag-opinion","tag-salvador-estrada"],"_links":{"self":[{"href":"https:\/\/www.diarioimagen.net\/index.php?rest_route=\/wp\/v2\/posts\/393275","targetHints":{"allow":["GET"]}}],"collection":[{"href":"https:\/\/www.diarioimagen.net\/index.php?rest_route=\/wp\/v2\/posts"}],"about":[{"href":"https:\/\/www.diarioimagen.net\/index.php?rest_route=\/wp\/v2\/types\/post"}],"author":[{"embeddable":true,"href":"https:\/\/www.diarioimagen.net\/index.php?rest_route=\/wp\/v2\/users\/1"}],"replies":[{"embeddable":true,"href":"https:\/\/www.diarioimagen.net\/index.php?rest_route=%2Fwp%2Fv2%2Fcomments&post=393275"}],"version-history":[{"count":0,"href":"https:\/\/www.diarioimagen.net\/index.php?rest_route=\/wp\/v2\/posts\/393275\/revisions"}],"wp:attachment":[{"href":"https:\/\/www.diarioimagen.net\/index.php?rest_route=%2Fwp%2Fv2%2Fmedia&parent=393275"}],"wp:term":[{"taxonomy":"category","embeddable":true,"href":"https:\/\/www.diarioimagen.net\/index.php?rest_route=%2Fwp%2Fv2%2Fcategories&post=393275"},{"taxonomy":"post_tag","embeddable":true,"href":"https:\/\/www.diarioimagen.net\/index.php?rest_route=%2Fwp%2Fv2%2Ftags&post=393275"}],"curies":[{"name":"wp","href":"https:\/\/api.w.org\/{rel}","templated":true}]}}