{"id":393283,"date":"2018-09-04T00:03:27","date_gmt":"2018-09-04T05:03:27","guid":{"rendered":"https:\/\/www.diarioimagen.net\/?p=393283"},"modified":"2018-09-05T05:02:50","modified_gmt":"2018-09-05T10:02:50","slug":"cifras-del-horror","status":"publish","type":"post","link":"https:\/\/www.diarioimagen.net\/?p=393283","title":{"rendered":"Cifras del horror"},"content":{"rendered":"<h2>De pe a pa<\/h2>\n<h5>Alberto Vieyra G.<\/h5>\n<p>&nbsp;<\/p>\n<p>\u00a1Se los trag\u00f3 la tierra! Las cifras del horror son estremecedoras. Pare oreja y si tiene ni\u00f1os cu\u00eddelos como a las ni\u00f1as de sus ojos, porque los mafiosos <i>robachicos<\/i> est\u00e1n haciendo que M\u00e9xico se convierta en la <i>meca<\/i> de ni\u00f1os desaparecidos.<\/p>\n<p>En los \u00faltimos 10 a\u00f1os han desaparecido como por arte de magia en el territorio azteca, la escandalosa cifra de 5 mil 452 menores de edad que van desde los ni\u00f1os de pecho hasta los 17 a\u00f1os. Nadie sabe de su paradero. Pareciera que se los trag\u00f3 la tierra.<\/p>\n<p>Las cifras del horror hacen temblar hasta los m\u00e1s valientes, pues en la \u00faltima d\u00e9cada 3 mil 217 ni\u00f1as y 2 mil 235 ni\u00f1os les han sido arrebatados a sus padres misteriosamente, el 70 por ciento de ellos durante el r\u00e9gimen de Enrique Pe\u00f1a Nieto y el 30 por ciento durante el desgobierno de Felipe Calder\u00f3n, de acuerdo con el \u201cRegistro Nacional de Personas Desaparecidas\u201d y la Fundaci\u00f3n para la Justicia y el Estado Democr\u00e1tico de Derecho.<\/p>\n<p>\u00bfQu\u00e9 nos dice este silencioso fen\u00f3meno y tan significativas cifras del horror? Que los ni\u00f1os son v\u00edctimas de las mafias criminales que se han multiplicado como hongos, a raz\u00f3n de un maldito modelo econ\u00f3mico neoliberal que ha empobrecido a millones y millones y ha enriquecido escandalosamente a no m\u00e1s de 50 familias mexicanas. Ese es el meollo del asunto: la injusta distribuci\u00f3n de la riqueza y la falta de oportunidades de empleos dignos para nuestros compatriotas.<\/p>\n<p>Nos dice tambi\u00e9n que el Estado mexicano, muchas veces corro\u00eddo por las mafias criminales, no sirve, pues seg\u00fan el INEGI en muchos casos de investigaci\u00f3n se aduce que los menores de edad pudieron haber sido raptados por sus padres, en casos en el que el matrimonio es un desastre. \u00bfY d\u00f3nde no lo es? \u00bfPor qu\u00e9 nada sabemos de ese estremecedor fen\u00f3meno? \u00bfPor qu\u00e9 algunos medios de comunicaci\u00f3n callan? Sus razones tendr\u00e1n, principalmente por falta de denuncias o porque en otros casos se ven involucrados importantes personajes de la vida eclesi\u00e1stica, pol\u00edtica el arte, el deporte, empresarios y un pu\u00f1ado m\u00e1s de pederastas que lucran con los menores que son vendidos en el mercado negro hasta en 100 mil pesos para que sean abusados sexualmente.<\/p>\n<p>En su libro <i>Carriolas vac\u00edas, <\/i>la periodista jalisciense Mar\u00eda Antonieta Flores Astorga, documenta el <i>modus operandi<\/i> de algunas mafias criminales que trafican con ni\u00f1os en Jalisco, Michoac\u00e1n, Nayarit, Chihuahua, Sonora, Sinaloa y otras entidades del centro del pa\u00eds, que en muchos casos se hacen pasar como miembros de empresas trasnacionales dedicadas a la alimentaci\u00f3n infantil y los arrebatan de sus padres mediante enga\u00f1os prometi\u00e9ndoles que posar\u00e1n para promocionar <i>Gerber<\/i>, por ejemplo, y otras marcas reconocidas mundialmente. Les pagan bien y los ni\u00f1os y ni\u00f1as que han tenido suerte son devueltos a sus padres, pero violados y en la mayor\u00eda de los casos desaparecen sin dejar rastro.<\/p>\n<p>\u00bfEl nuevo gobierno lopezobradorista ser\u00e1 capaz de frenar esas escandalosas cifras del horror y dar certidumbre a mis tres lectores y radioescuchas y a la patria mexicana para que la tierra no se siga tragando a los ni\u00f1os?<span class=\"Apple-converted-space\">\u00a0<\/span><\/p>\n<p><em><a href=\"mailto:info@agenciamn.com\" target=\"_blank\" rel=\"noopener\">info@agenciamn.com<\/a><\/em><\/p>\n","protected":false},"excerpt":{"rendered":"<p><span style=\"color: #005497;\"><strong>Alberto Vieyra G.<\/strong><\/span><\/p>\n","protected":false},"author":1,"featured_media":0,"comment_status":"open","ping_status":"open","sticky":false,"template":"","format":"standard","meta":{"_monsterinsights_skip_tracking":false,"_monsterinsights_sitenote_active":false,"_monsterinsights_sitenote_note":"","_monsterinsights_sitenote_category":0,"footnotes":""},"categories":[4596],"tags":[4597,43674],"class_list":["post-393283","post","type-post","status-publish","format-standard","hentry","category-alberto-vieyra-g","tag-de-pe-a-pa","tag-opinion"],"_links":{"self":[{"href":"https:\/\/www.diarioimagen.net\/index.php?rest_route=\/wp\/v2\/posts\/393283","targetHints":{"allow":["GET"]}}],"collection":[{"href":"https:\/\/www.diarioimagen.net\/index.php?rest_route=\/wp\/v2\/posts"}],"about":[{"href":"https:\/\/www.diarioimagen.net\/index.php?rest_route=\/wp\/v2\/types\/post"}],"author":[{"embeddable":true,"href":"https:\/\/www.diarioimagen.net\/index.php?rest_route=\/wp\/v2\/users\/1"}],"replies":[{"embeddable":true,"href":"https:\/\/www.diarioimagen.net\/index.php?rest_route=%2Fwp%2Fv2%2Fcomments&post=393283"}],"version-history":[{"count":0,"href":"https:\/\/www.diarioimagen.net\/index.php?rest_route=\/wp\/v2\/posts\/393283\/revisions"}],"wp:attachment":[{"href":"https:\/\/www.diarioimagen.net\/index.php?rest_route=%2Fwp%2Fv2%2Fmedia&parent=393283"}],"wp:term":[{"taxonomy":"category","embeddable":true,"href":"https:\/\/www.diarioimagen.net\/index.php?rest_route=%2Fwp%2Fv2%2Fcategories&post=393283"},{"taxonomy":"post_tag","embeddable":true,"href":"https:\/\/www.diarioimagen.net\/index.php?rest_route=%2Fwp%2Fv2%2Ftags&post=393283"}],"curies":[{"name":"wp","href":"https:\/\/api.w.org\/{rel}","templated":true}]}}