{"id":393296,"date":"2018-09-05T00:10:57","date_gmt":"2018-09-05T05:10:57","guid":{"rendered":"https:\/\/www.diarioimagen.net\/?p=393296"},"modified":"2018-09-05T03:26:12","modified_gmt":"2018-09-05T08:26:12","slug":"capacitaran-edayos-a-mas-de-26-mil-mexiquenses-en-diversos-oficios","status":"publish","type":"post","link":"https:\/\/www.diarioimagen.net\/?p=393296","title":{"rendered":"Capacitar\u00e1n Edayos a m\u00e1s de 26 mil en diversos oficios"},"content":{"rendered":"<h2>Arco Norte<\/h2>\n<h5>Jos\u00e9 Luis Monta\u00f1ez Aguilar<\/h5>\n<p>&nbsp;<\/p>\n<div id=\"attachment_393297\" style=\"width: 470px\" class=\"wp-caption aligncenter\"><img loading=\"lazy\" decoding=\"async\" aria-describedby=\"caption-attachment-393297\" class=\"size-large wp-image-393297\" src=\"https:\/\/www.diarioimagen.net\/wp-content\/uploads\/2018\/09\/EDAYOS5-portal-460x268.jpg\" alt=\"\" width=\"460\" height=\"268\" srcset=\"https:\/\/www.diarioimagen.net\/wp-content\/uploads\/2018\/09\/EDAYOS5-portal-460x268.jpg 460w, https:\/\/www.diarioimagen.net\/wp-content\/uploads\/2018\/09\/EDAYOS5-portal-240x140.jpg 240w, https:\/\/www.diarioimagen.net\/wp-content\/uploads\/2018\/09\/EDAYOS5-portal.jpg 480w\" sizes=\"auto, (max-width: 460px) 100vw, 460px\" \/><p id=\"caption-attachment-393297\" class=\"wp-caption-text\">Mexiquenses eligieron las EDAYOS como el sistema educativo para el desarrollo de habilidades y destrezas t\u00e9cnicas, que les permite obtener un empleo.<\/p><\/div>\n<p>&nbsp;<\/p>\n<p>Alrededor de 26 mil mexiquenses eligieron las Escuelas de Artes y Oficios (EDAYOS), como el sistema educativo para el desarrollo de habilidades y destrezas t\u00e9cnicas, que les permite obtener un empleo o iniciar un proyecto de vida, inform\u00f3 el director general del Instituto de Capacitaci\u00f3n y Adiestramiento para el Trabajo Industrial (ICATI), Jaime Rebollo Hern\u00e1ndez.<\/p>\n<p>\u201cLas EDAYOS culminaron su \u00faltimo periodo de cursos de capacitaci\u00f3n el pasado mes de agosto, con 25 mil 477 mexiquenses capacitados, y para este semestre ya suman m\u00e1s de 26 mil inscritos\u201d, inform\u00f3 el funcionario, quien agreg\u00f3 que a\u00fan hay cupo en algunos talleres.<\/p>\n<p>Al inaugurar los cursos escolarizados y sabatinos, del periodo septiembre 2018-febrero 2019, en la EDAYO Tec\u00e1mac, el Secretario atribuy\u00f3 la confianza de los ciudadanos inscritos, a la efectividad de la instituci\u00f3n en la impartici\u00f3n de capacitaci\u00f3n.<\/p>\n<p>Inform\u00f3 que los planteles que cuentan con mayor matr\u00edcula son los de Naucalpan, en el Valle de M\u00e9xico, y Zinacantepec, en el Valle de Toluca, con alrededor de dos mil alumnos inscritos en cada uno, mientras que las especialidades con mayor demanda son Cultora de belleza, Gastronom\u00eda, Confecci\u00f3n vers\u00e1til de prendas, Computaci\u00f3n y Mec\u00e1nica automotriz.<\/p>\n<p>Jaime Rebollo exhort\u00f3 a los alumnos a aprovechar la oferta de capacitaci\u00f3n con que cuenta el Gobierno del Estado de M\u00e9xico, reconocida como la m\u00e1s grande a nivel nacional, con 45 EDAYOS y 17 Unidades de Capacitaci\u00f3n Externa, que funcionan en coordinaci\u00f3n con autoridades municipales.<\/p>\n<p>El Director General del ICATI tambi\u00e9n visit\u00f3 los planteles de Cuautitl\u00e1n Izcalli y Huixquilucan, para iniciar los cursos de capacitaci\u00f3n y reiter\u00f3 que durante estos d\u00edas seguir\u00e1n abiertas las inscripciones en planteles con cupo disponible y que para mayores informes se puede consultar la p\u00e1ginas http:\/\/ icati.edomex.gob.mx\/, y las cuentas de facebook y twitter @ICATIedomex.<\/p>\n<p><em><a href=\"mailto:montanezaguilar@gmail.com\" target=\"_blank\" rel=\"noopener\">montanezaguilar@gmail.com<\/a><\/em><\/p>\n","protected":false},"excerpt":{"rendered":"<p><span style=\"color: #005497;\">Jos\u00e9 Luis Monta\u00f1ez Aguilar<\/span><br \/>\n<br \/>\nAlrededor de 26 mil mexiquenses eligieron las Escuelas de Artes y Oficios (EDAYOS), como el sistema educativo para el desarrollo de habilidades y destrezas t\u00e9cnicas, que les permite obtener un empleo o iniciar un proyecto de vida, inform\u00f3 el Director General del Instituto de Capacitaci\u00f3n y Adiestramiento para el Trabajo Industrial (ICATI), Jaime Rebollo Hern\u00e1ndez.<\/p>\n","protected":false},"author":5,"featured_media":393297,"comment_status":"open","ping_status":"open","sticky":false,"template":"","format":"standard","meta":{"_monsterinsights_skip_tracking":false,"_monsterinsights_sitenote_active":false,"_monsterinsights_sitenote_note":"","_monsterinsights_sitenote_category":0,"footnotes":""},"categories":[5],"tags":[77864,77865,77867,77866],"class_list":["post-393296","post","type-post","status-publish","format-standard","has-post-thumbnail","hentry","category-estado-de-mexico","tag-26-mil-mexiquenses","tag-diversos-oficios","tag-edayo-tecamac","tag-servicio-de-la-preparacion"],"_links":{"self":[{"href":"https:\/\/www.diarioimagen.net\/index.php?rest_route=\/wp\/v2\/posts\/393296","targetHints":{"allow":["GET"]}}],"collection":[{"href":"https:\/\/www.diarioimagen.net\/index.php?rest_route=\/wp\/v2\/posts"}],"about":[{"href":"https:\/\/www.diarioimagen.net\/index.php?rest_route=\/wp\/v2\/types\/post"}],"author":[{"embeddable":true,"href":"https:\/\/www.diarioimagen.net\/index.php?rest_route=\/wp\/v2\/users\/5"}],"replies":[{"embeddable":true,"href":"https:\/\/www.diarioimagen.net\/index.php?rest_route=%2Fwp%2Fv2%2Fcomments&post=393296"}],"version-history":[{"count":0,"href":"https:\/\/www.diarioimagen.net\/index.php?rest_route=\/wp\/v2\/posts\/393296\/revisions"}],"wp:featuredmedia":[{"embeddable":true,"href":"https:\/\/www.diarioimagen.net\/index.php?rest_route=\/wp\/v2\/media\/393297"}],"wp:attachment":[{"href":"https:\/\/www.diarioimagen.net\/index.php?rest_route=%2Fwp%2Fv2%2Fmedia&parent=393296"}],"wp:term":[{"taxonomy":"category","embeddable":true,"href":"https:\/\/www.diarioimagen.net\/index.php?rest_route=%2Fwp%2Fv2%2Fcategories&post=393296"},{"taxonomy":"post_tag","embeddable":true,"href":"https:\/\/www.diarioimagen.net\/index.php?rest_route=%2Fwp%2Fv2%2Ftags&post=393296"}],"curies":[{"name":"wp","href":"https:\/\/api.w.org\/{rel}","templated":true}]}}