{"id":393364,"date":"2018-09-05T00:09:10","date_gmt":"2018-09-05T05:09:10","guid":{"rendered":"https:\/\/www.diarioimagen.net\/?p=393364"},"modified":"2018-09-05T06:14:30","modified_gmt":"2018-09-05T11:14:30","slug":"uaem-solicitara-al-nuevo-gobierno-federal-elevar-presupuesto-barrera","status":"publish","type":"post","link":"https:\/\/www.diarioimagen.net\/?p=393364","title":{"rendered":"UAEM solicitar\u00e1 al nuevo gobierno federal elevar presupuesto: Barrera"},"content":{"rendered":"<ul>\n<li><strong><em>Esfuerzos por ampliar la matr\u00edcula<\/em><\/strong><\/li>\n<\/ul>\n<p>&nbsp;<\/p>\n<div id=\"attachment_393449\" style=\"width: 470px\" class=\"wp-caption aligncenter\"><a href=\"https:\/\/www.diarioimagen.net\/?attachment_id=393449\" rel=\"attachment wp-att-393449\"><img loading=\"lazy\" decoding=\"async\" aria-describedby=\"caption-attachment-393449\" class=\"size-large wp-image-393449\" src=\"https:\/\/www.diarioimagen.net\/wp-content\/uploads\/2018\/09\/UAEM-3448-460x259.jpg\" alt=\"\" width=\"460\" height=\"259\" srcset=\"https:\/\/www.diarioimagen.net\/wp-content\/uploads\/2018\/09\/UAEM-3448-460x259.jpg 460w, https:\/\/www.diarioimagen.net\/wp-content\/uploads\/2018\/09\/UAEM-3448-240x135.jpg 240w, https:\/\/www.diarioimagen.net\/wp-content\/uploads\/2018\/09\/UAEM-3448-235x132.jpg 235w, https:\/\/www.diarioimagen.net\/wp-content\/uploads\/2018\/09\/UAEM-3448-202x114.jpg 202w, https:\/\/www.diarioimagen.net\/wp-content\/uploads\/2018\/09\/UAEM-3448-350x196.jpg 350w, https:\/\/www.diarioimagen.net\/wp-content\/uploads\/2018\/09\/UAEM-3448-220x123.jpg 220w, https:\/\/www.diarioimagen.net\/wp-content\/uploads\/2018\/09\/UAEM-3448-237x132.jpg 237w, https:\/\/www.diarioimagen.net\/wp-content\/uploads\/2018\/09\/UAEM-3448.jpg 480w\" sizes=\"auto, (max-width: 460px) 100vw, 460px\" \/><\/a><p id=\"caption-attachment-393449\" class=\"wp-caption-text\">El rector de la UAEM, Alfredo Barrera Baca, afirma que se han esforzado por ampliar la matr\u00edcula, por multiplicar los espacios educativos y por proveer ense\u00f1anza de calidad.<\/p><\/div>\n<p>&nbsp;<\/p>\n<p><strong>Toluca, Estado de M\u00e9xico<\/strong>.\u2013 \u201cLos acad\u00e9micos que hemos forjado las universidades p\u00fablicas estatales estamos obligados a solicitar al pr\u00f3ximo gobierno federal que incremente nuestro presupuesto, reconociendo as\u00ed que nos hemos esforzado por ampliar la matr\u00edcula, por multiplicar los espacios educativos y por proveer educaci\u00f3n de calidad, con una planta docente cada vez m\u00e1s capacitada y calificada\u201d.<\/p>\n<p>Al encabezar el primer informe de actividades del director de la Facultad de Contadur\u00eda y Administraci\u00f3n de la UAEM, Marcos Rafael Garc\u00eda P\u00e9rez, el rector de la Universidad Aut\u00f3noma del Estado de M\u00e9xico, Alfredo Barrera Baca, sostuvo que aunque la m\u00e1xima casa de estudios mexiquense genera recursos propios, a trav\u00e9s de la impartici\u00f3n de programas de estudio, cursos de capacitaci\u00f3n a servidores p\u00fablicos y proyectos de triple h\u00e9lice, su presupuesto es insuficiente para contribuir al fortalecimiento de\u00a0 la educaci\u00f3n superior.<\/p>\n<p>En el Campus \u201cLos Uribe\u201d de la UAEM, destac\u00f3 la pertinencia social de las tem\u00e1ticas que abordan los cuerpos acad\u00e9micos de la Facultad de Contadur\u00eda y Administraci\u00f3n, directamente relacionadas con la generaci\u00f3n de conocimiento y la formaci\u00f3n de capital humano para el estudio del comportamiento financiero, las tecnolog\u00edas de la informaci\u00f3n en la econom\u00eda del conocimiento y las finanzas burs\u00e1tiles.<\/p>\n<p>De igual manera, reconoci\u00f3 a la comunidad de la Facultad de Contadur\u00eda y Administraci\u00f3n, que suma tres mil 825 estudiantes, la mayor matr\u00edcula de la Aut\u00f3noma mexiquense; adem\u00e1s, recientemente se aprob\u00f3 el Doctorado en Administraci\u00f3n y Alta Direcci\u00f3n.<\/p>\n<p>Marcos Rafael Garc\u00eda P\u00e9rez subray\u00f3 que \u201clos logros de la Facultad durante el reciente a\u00f1o no hubieran sido posibles sin un adecuado y responsable ejercicio de los recursos asignados. 61 por ciento de ellos se destin\u00f3 al rubro de becas, en beneficio de nuestros estudiantes\u201d.<\/p>\n<p>El resto, abund\u00f3, se aplic\u00f3 al financiamiento de estancias acad\u00e9micas y de investigaci\u00f3n, participaci\u00f3n de estudiantes y docentes en cursos para el aprendizaje del idioma ingl\u00e9s, promoci\u00f3n y divulgaci\u00f3n del trabajo de investigaci\u00f3n y programas de movilidad estudiantil y acad\u00e9mica.<\/p>\n<p>En el rubro de infraestructura, Garc\u00eda P\u00e9rez report\u00f3 el equipamiento de una sala especializada de computaci\u00f3n, el mantenimiento de diversos edificios, como el \u201cC\u201d, que fue impermeabilizado, cambio de l\u00e1mparas ne\u00f3n por leds, cambio de domos rotos consecuencia de fen\u00f3menos naturales, as\u00ed como la remodelaci\u00f3n de los sanitarios del edificio \u201cD\u201d.<\/p>\n","protected":false},"excerpt":{"rendered":"<p>\u201cLos acad\u00e9micos que hemos forjado las universidades p\u00fablicas estatales estamos obligados a solicitar al pr\u00f3ximo gobierno federal que incremente nuestro presupuesto, reconociendo as\u00ed que nos hemos esforzado por ampliar la matr\u00edcula, por multiplicar los espacios educativos y por proveer educaci\u00f3n de calidad, con una planta docente cada vez m\u00e1s capacitada y calificada\u201d.<\/p>\n","protected":false},"author":3,"featured_media":393449,"comment_status":"open","ping_status":"open","sticky":false,"template":"","format":"standard","meta":{"_monsterinsights_skip_tracking":false,"_monsterinsights_sitenote_active":false,"_monsterinsights_sitenote_note":"","_monsterinsights_sitenote_category":0,"footnotes":""},"categories":[35155],"tags":[43675,6053,452,1491],"class_list":["post-393364","post","type-post","status-publish","format-standard","has-post-thumbnail","hentry","category-estado-de-mexico-estado-de-mexico","tag-estado-de-mexico","tag-presupuesto","tag-toluca","tag-uaem"],"_links":{"self":[{"href":"https:\/\/www.diarioimagen.net\/index.php?rest_route=\/wp\/v2\/posts\/393364","targetHints":{"allow":["GET"]}}],"collection":[{"href":"https:\/\/www.diarioimagen.net\/index.php?rest_route=\/wp\/v2\/posts"}],"about":[{"href":"https:\/\/www.diarioimagen.net\/index.php?rest_route=\/wp\/v2\/types\/post"}],"author":[{"embeddable":true,"href":"https:\/\/www.diarioimagen.net\/index.php?rest_route=\/wp\/v2\/users\/3"}],"replies":[{"embeddable":true,"href":"https:\/\/www.diarioimagen.net\/index.php?rest_route=%2Fwp%2Fv2%2Fcomments&post=393364"}],"version-history":[{"count":0,"href":"https:\/\/www.diarioimagen.net\/index.php?rest_route=\/wp\/v2\/posts\/393364\/revisions"}],"wp:featuredmedia":[{"embeddable":true,"href":"https:\/\/www.diarioimagen.net\/index.php?rest_route=\/wp\/v2\/media\/393449"}],"wp:attachment":[{"href":"https:\/\/www.diarioimagen.net\/index.php?rest_route=%2Fwp%2Fv2%2Fmedia&parent=393364"}],"wp:term":[{"taxonomy":"category","embeddable":true,"href":"https:\/\/www.diarioimagen.net\/index.php?rest_route=%2Fwp%2Fv2%2Fcategories&post=393364"},{"taxonomy":"post_tag","embeddable":true,"href":"https:\/\/www.diarioimagen.net\/index.php?rest_route=%2Fwp%2Fv2%2Ftags&post=393364"}],"curies":[{"name":"wp","href":"https:\/\/api.w.org\/{rel}","templated":true}]}}