{"id":393378,"date":"2018-09-05T00:08:42","date_gmt":"2018-09-05T05:08:42","guid":{"rendered":"https:\/\/www.diarioimagen.net\/?p=393378"},"modified":"2018-09-05T05:39:03","modified_gmt":"2018-09-05T10:39:03","slug":"expide-gobierno-de-metepec-licencia-de-funcionamiento-comercial-en-48-hrs","status":"publish","type":"post","link":"https:\/\/www.diarioimagen.net\/?p=393378","title":{"rendered":"Expide gobierno de Metepec licencia de funcionamiento comercial en 48 hrs."},"content":{"rendered":"<ul>\n<li><strong><em>Agilizan tr\u00e1mite con total transparencia<\/em><\/strong><\/li>\n<\/ul>\n<p>&nbsp;<\/p>\n<div id=\"attachment_393467\" style=\"width: 470px\" class=\"wp-caption aligncenter\"><a href=\"https:\/\/www.diarioimagen.net\/?attachment_id=393467\" rel=\"attachment wp-att-393467\"><img loading=\"lazy\" decoding=\"async\" aria-describedby=\"caption-attachment-393467\" class=\"size-large wp-image-393467\" src=\"https:\/\/www.diarioimagen.net\/wp-content\/uploads\/2018\/09\/METEPEC-3448-460x259.jpg\" alt=\"\" width=\"460\" height=\"259\" srcset=\"https:\/\/www.diarioimagen.net\/wp-content\/uploads\/2018\/09\/METEPEC-3448-460x259.jpg 460w, https:\/\/www.diarioimagen.net\/wp-content\/uploads\/2018\/09\/METEPEC-3448-240x135.jpg 240w, https:\/\/www.diarioimagen.net\/wp-content\/uploads\/2018\/09\/METEPEC-3448-235x132.jpg 235w, https:\/\/www.diarioimagen.net\/wp-content\/uploads\/2018\/09\/METEPEC-3448-202x114.jpg 202w, https:\/\/www.diarioimagen.net\/wp-content\/uploads\/2018\/09\/METEPEC-3448-350x196.jpg 350w, https:\/\/www.diarioimagen.net\/wp-content\/uploads\/2018\/09\/METEPEC-3448-220x123.jpg 220w, https:\/\/www.diarioimagen.net\/wp-content\/uploads\/2018\/09\/METEPEC-3448-237x132.jpg 237w, https:\/\/www.diarioimagen.net\/wp-content\/uploads\/2018\/09\/METEPEC-3448.jpg 480w\" sizes=\"auto, (max-width: 460px) 100vw, 460px\" \/><\/a><p id=\"caption-attachment-393467\" class=\"wp-caption-text\">Las altas para unidades econ\u00f3micas de bajo impacto, pueden ser tramitadas de manera presencial en las oficinas de la Direcci\u00f3n de Desarrollo Econ\u00f3mico, Tur\u00edstico y Artesanal.<\/p><\/div>\n<p>&nbsp;<\/p>\n<p><strong>Metepec, Estado de M\u00e9xico<\/strong>.- Derivado de la modernizaci\u00f3n administrativa en tr\u00e1mites, implementado por el actual gobierno de Metepec, que permite la expedici\u00f3n en l\u00ednea de licencias de funcionamiento comercial permanente de bajo riesgo en s\u00f3lo 48 horas, en los \u00faltimos a\u00f1os el municipio registra considerable incremento de inversiones y consecuente generaci\u00f3n de empleos.<\/p>\n<p>Producto de la aplicaci\u00f3n del esquema, adherido al Acuerdo que establece el Sistema de Apertura R\u00e1pida de Empresas (SARE), de enero a julio de este a\u00f1o se han emitido 270 licencias de funcionamiento de bajo riesgo, que han permitido generar 351 empleos directos y una captaci\u00f3n de inversi\u00f3n de 57 millones 180 mil 267 pesos.<\/p>\n<p>Lo anterior, responde al estudio denominado, \u00cdndice de Herramientas Electr\u00f3nicas de Gobiernos Locales, realizado en 2015 por el Instituto Mexicano para la Competitividad (IMCO), que capta la percepci\u00f3n de empresarios donde el 68 por ciento considera que la corrupci\u00f3n disminuir\u00eda con m\u00e1s tr\u00e1mites en l\u00ednea.\u00a0 A trav\u00e9s del SARE que involucra a empresas de bajo riesgo, posibilita la apertura y operaci\u00f3n de una unidad econ\u00f3mica en un m\u00e1ximo de 72 horas, logro de la administraci\u00f3n del alcalde David L\u00f3pez C\u00e1rdenas, que fue posible con la implementaci\u00f3n de 3 acciones fundamentales: la creaci\u00f3n de una Ventanilla \u00danica, donde en un s\u00f3lo lugar se efect\u00faan los procedimientos.<\/p>\n<p>Administrativos; el dise\u00f1o del Formato \u00danico, donde se requisita la solicitud que es sometida al an\u00e1lisis costo-beneficio de la nueva inversi\u00f3n y la Resoluci\u00f3n M\u00e1xima de 72 horas, con el objetivo de que el inversionista obtenga respuesta a su solicitud, logrando emitir una licencia en 48 horas.<\/p>\n<p>Cabe se\u00f1alar que las altas para unidades econ\u00f3micas de bajo impacto, pueden ser tramitadas de manera presencial en las oficinas de la Direcci\u00f3n de Desarrollo Econ\u00f3mico, Tur\u00edstico y Artesanal o bien, mediante el SARE en caso de que el giro solicitado se encuentre dentro del cat\u00e1logo desarrollado para la operaci\u00f3n de dicho sistema, mismo que puede verificarse en el sitio: http:\/\/metepec.gob.mx\/pagina\/tramites.php<\/p>\n<p>Resaltar que todas las licencias emitidas, independiente de su impacto: alto, mediano o bajo \u2013esta \u00faltima sin costo alguno-, tienen car\u00e1cter de permanente, \u00fanicamente deber\u00e1 ser tramitado su refrendo anual, en cumplimiento a la Ley de Competitividad y Ordenamiento Comercial del Estado de M\u00e9xico.<\/p>\n<p>El mecanismo de orientaci\u00f3n, solicitud, gesti\u00f3n y proceso hasta la obtenci\u00f3n de la licencia, inhibe toda posibilidad de alg\u00fan acto de corrupci\u00f3n, lo que abona a la simplificaci\u00f3n del tr\u00e1mite con total transparencia para confianza de los inversionistas y \u00a0emprendedores.<\/p>\n<p>En ese contexto y conforme lo contempla el Sistema de Clasificaci\u00f3n Industrial de Am\u00e9rica del Norte (SCIAN), en la p\u00e1gina web del municipio est\u00e1n publicados para su consulta 357 giros comerciales disponibles, evitando con ello la discrecionalidad de todo funcionario p\u00fablico para la emisi\u00f3n de la licencia.<\/p>\n<p>Resultado de dicho esfuerzo es la incorporaci\u00f3n de Metepec al Programa de Reconocimiento y Operaci\u00f3n del SARE (PROSARE), que la hoy Comisi\u00f3n Nacional de Mejora Regulatoria (CONAMER), otorga a los municipios que cumplen con los est\u00e1ndares m\u00ednimos para el funcionamiento del SARE.<\/p>\n<p>As\u00ed, los compromisos de Metepec por proporcionar tr\u00e1mites claros y sencillos, basados en las expectativas de los usuarios, permiti\u00f3 la implementaci\u00f3n y comunicaci\u00f3n de un documento denominado: Carta de Servicios de la Licencia Comercial Tipo SARE, la cual tiene como caracter\u00edstica principal los compromisos que Metepec asume ante los peticionarios, as\u00ed como las medidas de subsanaci\u00f3n en caso de incumplimiento; dicha carta se encuentra hoy certificada bajo la metodolog\u00eda de una norma internacional.<\/p>\n","protected":false},"excerpt":{"rendered":"<p>Derivado de la modernizaci\u00f3n administrativa en tr\u00e1mites, implementado por el actual gobierno de Metepec, que permite la expedici\u00f3n en l\u00ednea de licencias de funcionamiento comercial permanente de bajo riesgo en s\u00f3lo 48 horas, en los \u00faltimos a\u00f1os el municipio registra considerable incremento de inversiones y consecuente generaci\u00f3n de empleos.<\/p>\n","protected":false},"author":3,"featured_media":393467,"comment_status":"open","ping_status":"open","sticky":false,"template":"","format":"standard","meta":{"_monsterinsights_skip_tracking":false,"_monsterinsights_sitenote_active":false,"_monsterinsights_sitenote_note":"","_monsterinsights_sitenote_category":0,"footnotes":""},"categories":[35155],"tags":[76703,43675,70060,876],"class_list":["post-393378","post","type-post","status-publish","format-standard","has-post-thumbnail","hentry","category-estado-de-mexico-estado-de-mexico","tag-comercial","tag-estado-de-mexico","tag-funcionamiento","tag-metepec"],"_links":{"self":[{"href":"https:\/\/www.diarioimagen.net\/index.php?rest_route=\/wp\/v2\/posts\/393378","targetHints":{"allow":["GET"]}}],"collection":[{"href":"https:\/\/www.diarioimagen.net\/index.php?rest_route=\/wp\/v2\/posts"}],"about":[{"href":"https:\/\/www.diarioimagen.net\/index.php?rest_route=\/wp\/v2\/types\/post"}],"author":[{"embeddable":true,"href":"https:\/\/www.diarioimagen.net\/index.php?rest_route=\/wp\/v2\/users\/3"}],"replies":[{"embeddable":true,"href":"https:\/\/www.diarioimagen.net\/index.php?rest_route=%2Fwp%2Fv2%2Fcomments&post=393378"}],"version-history":[{"count":0,"href":"https:\/\/www.diarioimagen.net\/index.php?rest_route=\/wp\/v2\/posts\/393378\/revisions"}],"wp:featuredmedia":[{"embeddable":true,"href":"https:\/\/www.diarioimagen.net\/index.php?rest_route=\/wp\/v2\/media\/393467"}],"wp:attachment":[{"href":"https:\/\/www.diarioimagen.net\/index.php?rest_route=%2Fwp%2Fv2%2Fmedia&parent=393378"}],"wp:term":[{"taxonomy":"category","embeddable":true,"href":"https:\/\/www.diarioimagen.net\/index.php?rest_route=%2Fwp%2Fv2%2Fcategories&post=393378"},{"taxonomy":"post_tag","embeddable":true,"href":"https:\/\/www.diarioimagen.net\/index.php?rest_route=%2Fwp%2Fv2%2Ftags&post=393378"}],"curies":[{"name":"wp","href":"https:\/\/api.w.org\/{rel}","templated":true}]}}