{"id":393380,"date":"2018-09-05T00:07:13","date_gmt":"2018-09-05T05:07:13","guid":{"rendered":"https:\/\/www.diarioimagen.net\/?p=393380"},"modified":"2018-09-05T05:37:46","modified_gmt":"2018-09-05T10:37:46","slug":"se-suman-21-nuevos-elementos-a-la-fuerza-policial-de-tultepec","status":"publish","type":"post","link":"https:\/\/www.diarioimagen.net\/?p=393380","title":{"rendered":"Se suman 21 nuevos elementos a la fuerza policial de Tultepec"},"content":{"rendered":"<ul>\n<li><strong><em>Reci\u00e9n graduados de la academia<\/em><\/strong><\/li>\n<\/ul>\n<p>&nbsp;<\/p>\n<div id=\"attachment_393464\" style=\"width: 470px\" class=\"wp-caption aligncenter\"><a href=\"https:\/\/www.diarioimagen.net\/?attachment_id=393464\" rel=\"attachment wp-att-393464\"><img loading=\"lazy\" decoding=\"async\" aria-describedby=\"caption-attachment-393464\" class=\"size-large wp-image-393464\" src=\"https:\/\/www.diarioimagen.net\/wp-content\/uploads\/2018\/09\/TULTEPEC-3448-460x225.jpg\" alt=\"\" width=\"460\" height=\"225\" srcset=\"https:\/\/www.diarioimagen.net\/wp-content\/uploads\/2018\/09\/TULTEPEC-3448-460x225.jpg 460w, https:\/\/www.diarioimagen.net\/wp-content\/uploads\/2018\/09\/TULTEPEC-3448-240x118.jpg 240w, https:\/\/www.diarioimagen.net\/wp-content\/uploads\/2018\/09\/TULTEPEC-3448.jpg 700w\" sizes=\"auto, (max-width: 460px) 100vw, 460px\" \/><\/a><p id=\"caption-attachment-393464\" class=\"wp-caption-text\">Armando Portuguez Fuentes exhort\u00f3 a los nuevos elementos a velar por la integridad de la ciudadan\u00eda, as\u00ed como por la conservaci\u00f3n de su patrimonio.<\/p><\/div>\n<p>&nbsp;<\/p>\n<p><strong>Tultepec, Estado de M\u00e9xico<\/strong>.- Al dar la bienvenida a 21 nuevos cadetes reci\u00e9n graduados de la Academia de Polic\u00eda de Tultepec, autoridades municipales encabezadas por el alcalde Armando Portuguez Fuentes, exhort\u00f3 a los nuevos elementos a velar por la integridad de la ciudadan\u00eda, as\u00ed como por la conservaci\u00f3n de su patrimonio.<\/p>\n<p>\u201cPorque la seguridad p\u00fablica es una de las demandas m\u00e1s sentidas de la poblaci\u00f3n, el compromiso de este gobierno es lograr con hechos que la ciudadan\u00eda vea\u00a0en los polic\u00edas a un aliado, a un protector y para ello estamos trabajando\u201d, afirm\u00f3 Pablo Tapia Almaraz, comisario de Seguridad Ciudadana.<\/p>\n<p>Los nuevos elementos fueron presentados durante una ceremonia c\u00edvica celebrada en la explanada municipal, en la que estuvieron presentes integrantes del cabildo y directores de \u00e1rea de la administraci\u00f3n municipal.<\/p>\n<p>El comisario reconoci\u00f3 que el presente gobierno siempre se ha pronunciado por dignificar la labor policial y en aras de elevar la calidad de su servicio siempre ha impulsado el desarrollo profesional de los elementos, en un marco de disciplina, legalidad y de derechos humanos.<\/p>\n<p>Como parte del programa de Capacitaci\u00f3n, Profesionalizaci\u00f3n y Actualizaci\u00f3n de la Polic\u00eda Municipal de Tultepec, a principios del presente a\u00f1o, se recibieron 47 solicitudes para integrarse al adiestramiento, pero s\u00f3lo 26 expedientes cumplieron los requisitos, de los cuales s\u00f3lo 21 concluyeron la capacitaci\u00f3n, mismos que a partir de hoy fueron integrados en el estado de fuerza municipal.<\/p>\n<p>Explic\u00f3 que la capacitaci\u00f3n tuvo una duraci\u00f3n de 400 horas, donde se contemplan capacitaci\u00f3n b\u00e1sica de 7 habilidades policiales, adem\u00e1s de 3 materias adicionales, como son Marco Jur\u00eddico de Actuaci\u00f3n, Orden Cerrado Policial y Fundamentos de Monitoreo (video vigilancia).<\/p>\n<p>Precis\u00f3 que esta Generaci\u00f3n de Academia Municipal, inici\u00f3 su curso b\u00e1sico de capacitaci\u00f3n el 10 de julio y concluy\u00f3 el 31 de agosto en el cual 17 elementos acreditaron el adiestramiento y ser\u00e1n destinados para la cobertura en servicios establecidos, custodias y vialidad. Iniciaron servicio el d\u00eda lunes 3 de septiembre.<\/p>\n<p>\u201cNuestro objetivo es que cada elemento de seguridad ciudadana cuente con los valores, aptitudes, conocimientos y el equipamiento para servir a la ciudadan\u00eda con honestidad, con compromiso y de manera integral y eficaz\u201d, asever\u00f3.<\/p>\n<p>Para lograrlo, este gobierno garantiza la entrega del equipamiento completo para todos los elementos, a fin de enfrentar de la mejor manera la dif\u00edcil tarea de preservar el orden y la seguridad de los tultepequenses. Cuentan adem\u00e1s con seguridad social y prestaciones de ley, desayuno y comida\u00a0durante su turno.<\/p>\n<p>\u201cUno de los objetivos primordiales de la presente administraci\u00f3n, de acuerdo con lo instruido por el alcalde Armando Portuguez Fuentes, es dignificar las condiciones laborales de cada uno de los elementos, para que la polic\u00eda se desempe\u00f1e de la mejor manera en favor de la ciudadan\u00eda\u201d, afirm\u00f3.<\/p>\n","protected":false},"excerpt":{"rendered":"<p>Al dar la bienvenida a 21 nuevos cadetes reci\u00e9n graduados de la Academia de Polic\u00eda de Tultepec, autoridades municipales encabezadas por el alcalde Armando Portuguez Fuentes, exhort\u00f3 a los nuevos elementos a velar por la integridad de la ciudadan\u00eda, as\u00ed como por la conservaci\u00f3n de su patrimonio.<\/p>\n","protected":false},"author":3,"featured_media":393464,"comment_status":"open","ping_status":"open","sticky":false,"template":"","format":"standard","meta":{"_monsterinsights_skip_tracking":false,"_monsterinsights_sitenote_active":false,"_monsterinsights_sitenote_note":"","_monsterinsights_sitenote_category":0,"footnotes":""},"categories":[35155],"tags":[43675,66854,3802],"class_list":["post-393380","post","type-post","status-publish","format-standard","has-post-thumbnail","hentry","category-estado-de-mexico-estado-de-mexico","tag-estado-de-mexico","tag-fuerza-policial","tag-tultepec"],"_links":{"self":[{"href":"https:\/\/www.diarioimagen.net\/index.php?rest_route=\/wp\/v2\/posts\/393380","targetHints":{"allow":["GET"]}}],"collection":[{"href":"https:\/\/www.diarioimagen.net\/index.php?rest_route=\/wp\/v2\/posts"}],"about":[{"href":"https:\/\/www.diarioimagen.net\/index.php?rest_route=\/wp\/v2\/types\/post"}],"author":[{"embeddable":true,"href":"https:\/\/www.diarioimagen.net\/index.php?rest_route=\/wp\/v2\/users\/3"}],"replies":[{"embeddable":true,"href":"https:\/\/www.diarioimagen.net\/index.php?rest_route=%2Fwp%2Fv2%2Fcomments&post=393380"}],"version-history":[{"count":0,"href":"https:\/\/www.diarioimagen.net\/index.php?rest_route=\/wp\/v2\/posts\/393380\/revisions"}],"wp:featuredmedia":[{"embeddable":true,"href":"https:\/\/www.diarioimagen.net\/index.php?rest_route=\/wp\/v2\/media\/393464"}],"wp:attachment":[{"href":"https:\/\/www.diarioimagen.net\/index.php?rest_route=%2Fwp%2Fv2%2Fmedia&parent=393380"}],"wp:term":[{"taxonomy":"category","embeddable":true,"href":"https:\/\/www.diarioimagen.net\/index.php?rest_route=%2Fwp%2Fv2%2Fcategories&post=393380"},{"taxonomy":"post_tag","embeddable":true,"href":"https:\/\/www.diarioimagen.net\/index.php?rest_route=%2Fwp%2Fv2%2Ftags&post=393380"}],"curies":[{"name":"wp","href":"https:\/\/api.w.org\/{rel}","templated":true}]}}