{"id":393385,"date":"2018-09-05T00:05:44","date_gmt":"2018-09-05T05:05:44","guid":{"rendered":"https:\/\/www.diarioimagen.net\/?p=393385"},"modified":"2018-09-05T05:43:19","modified_gmt":"2018-09-05T10:43:19","slug":"urge-estrategia-adecuada-contra-inseguridad-afirma-ulises-murguia","status":"publish","type":"post","link":"https:\/\/www.diarioimagen.net\/?p=393385","title":{"rendered":"Urge estrategia adecuada contra inseguridad, afirma Ulises Murgu\u00eda"},"content":{"rendered":"<ul>\n<li><strong><em>Ante la grave situaci\u00f3n que vive el pa\u00eds<\/em><\/strong><\/li>\n<\/ul>\n<p>&nbsp;<\/p>\n<div id=\"attachment_393473\" style=\"width: 470px\" class=\"wp-caption aligncenter\"><a href=\"https:\/\/www.diarioimagen.net\/?attachment_id=393473\" rel=\"attachment wp-att-393473\"><img loading=\"lazy\" decoding=\"async\" aria-describedby=\"caption-attachment-393473\" class=\"size-large wp-image-393473\" src=\"https:\/\/www.diarioimagen.net\/wp-content\/uploads\/2018\/09\/TLALNEPANTLA-3448-460x306.jpg\" alt=\"\" width=\"460\" height=\"306\" srcset=\"https:\/\/www.diarioimagen.net\/wp-content\/uploads\/2018\/09\/TLALNEPANTLA-3448-460x306.jpg 460w, https:\/\/www.diarioimagen.net\/wp-content\/uploads\/2018\/09\/TLALNEPANTLA-3448-240x160.jpg 240w, https:\/\/www.diarioimagen.net\/wp-content\/uploads\/2018\/09\/TLALNEPANTLA-3448.jpg 700w\" sizes=\"auto, (max-width: 460px) 100vw, 460px\" \/><\/a><p id=\"caption-attachment-393473\" class=\"wp-caption-text\">El diputado Ulises Murgu\u00eda insisti\u00f3 en que urge estrategia contra inseguridad.<\/p><\/div>\n<p>&nbsp;<\/p>\n<p><strong>Tlalnepantla, Estado de M\u00e9xico<\/strong>.- El diputado federal por el distrito 19, Ulises Murgu\u00eda Soto, se\u00f1al\u00f3 que ante la grave situaci\u00f3n de inseguridad p\u00fablica que vive el pa\u00eds, con el apoyo y la estrategia del presidente electo\u00a0Andr\u00e9s Manuel L\u00f3pez Obrador y su proyecto de naci\u00f3n para el periodo de gobierno 2018-2024,\u00a0las cosas van a ir por buen camino, aunque reconoci\u00f3 que no es una tarea nada f\u00e1cil.<\/p>\n<p>En entrevista, el legislador indic\u00f3 que los delitos de alto impacto que se cometen en M\u00e9xico actualmente como los secuestros y extorsiones, mismos que han crecido exponencialmente por la enorme corrupci\u00f3n que ha solapado a las bandas delictivas, esto podr\u00e1 cambiar pero ser\u00e1 mediante un proceso gradual, al que abonar\u00e1 mucho que hoy se cuente con un Congreso de mayor\u00eda, sensible y emp\u00e1tico con la sociedad mexicana.<\/p>\n<p>Luego de mencionar que el problema de seguridad p\u00fablica tiene a M\u00e9xico a punto de un colapso econ\u00f3mico y social en lo general, ya que este c\u00e1ncer afecta tanto a ricos como a las clases sociales en estado de m\u00e1s vulnerabilidad econ\u00f3mica, detall\u00f3 que con el \u00a0enorme compromiso de los integrantes del pr\u00f3ximo gabinete federal para devolver a las familias la tranquilidad que merecen, puesto que es un derecho plasmado en la Carta Magna, subray\u00f3 que estos delitos atroces y terribles tender\u00e1n a desaparecer en el mediano plazo.<\/p>\n<p>El diputado, emanado de la coalici\u00f3n Juntos Haremos Historia (Morena-PT y PES), insisti\u00f3 en que esto se lograr\u00e1 creando e instalando los suficientes medios, \u201ces decir, personal humano plenamente capacitado en tecnolog\u00eda de punta, sistemas de inteligencia avanzada, planeaci\u00f3n estrat\u00e9gica, sistemas nacionales de redes de f\u00e1cil acceso a la ciudadan\u00eda, equipamiento de alto nivel.\u201d<\/p>\n<p>\u201cPero ante todo, se necesita de una colaboraci\u00f3n controlada en los tres niveles de gobierno, as\u00ed como un \u00a0control \u00fanico de estrategias, que sea creado por M\u00e9xico y para M\u00e9xico, donde no tengamos que copiar modelos de otros pa\u00edses y menos que desde el extranjero haya una intervenci\u00f3n en la seguridad de nuestro pa\u00eds, ni que se asuman \u00f3rdenes desde el exterior en la operaci\u00f3n y administraci\u00f3n de la justicia mexicana, para as\u00ed poder crear uno que se amolde perfectamente a nuestro sistema jur\u00eddico y deje a las instituciones procuradoras de justicia actuar con plena libertad y apegadas a nuestro marco constitucional, ya que de otro modo, se estar\u00eda vulnerando nuestra soberan\u00eda nacional,\u201d manifest\u00f3.<\/p>\n<p>A\u00f1adi\u00f3 que el lastre de la inseguridad, es un c\u00e1ncer que debe cortarse de ra\u00edz, mismo que deriva de una total corrupci\u00f3n, colusi\u00f3n e ineficacia estrat\u00e9gica de las tres \u00faltimas administraciones federales con el crimen organizado\u201d.<\/p>\n<p>Aclar\u00f3 que la seguridad p\u00fablica nacional, es un tema no s\u00f3lo de expertos sino de sensibilidad nacional e internacional.<\/p>\n<p>Por \u00faltimo, asegur\u00f3 que sabedores de los problemas que enfrentamos como pa\u00eds como el pr\u00f3ximo Secretario de Seguridad P\u00fablica, as\u00ed como quienes sean los titulares de la SEDENA y SEMAR, con la gran colaboraci\u00f3n de las fuerzas armadas nacionales, M\u00e9xico bajo la pr\u00f3xima administraci\u00f3n podr\u00e1 y tendr\u00e1 la obligaci\u00f3n de empezar con el pie derecho, \u201cpero es menester que cada uno desde nuestra trinchera, ya sea como ciudadano, estudiante, ama de casa, gobernante, funcionario, emprendedor, trabajador, etc, pongamos nuestro granito de arena\u201d.<\/p>\n","protected":false},"excerpt":{"rendered":"<p>El diputado federal por el distrito 19, Ulises Murgu\u00eda Soto, se\u00f1al\u00f3 que ante la grave situaci\u00f3n de inseguridad p\u00fablica que vive el pa\u00eds, con el apoyo y la estrategia del presidente electo Andr\u00e9s Manuel L\u00f3pez Obrador y su proyecto de naci\u00f3n para el periodo de gobierno 2018-2024, las cosas van a ir por buen camino, aunque reconoci\u00f3 que no es una tarea nada f\u00e1cil.<\/p>\n","protected":false},"author":3,"featured_media":393473,"comment_status":"open","ping_status":"open","sticky":false,"template":"","format":"standard","meta":{"_monsterinsights_skip_tracking":false,"_monsterinsights_sitenote_active":false,"_monsterinsights_sitenote_note":"","_monsterinsights_sitenote_category":0,"footnotes":""},"categories":[35155],"tags":[43675,169,53674],"class_list":["post-393385","post","type-post","status-publish","format-standard","has-post-thumbnail","hentry","category-estado-de-mexico-estado-de-mexico","tag-estado-de-mexico","tag-tlalnepantla","tag-ulises-murguia-soto"],"_links":{"self":[{"href":"https:\/\/www.diarioimagen.net\/index.php?rest_route=\/wp\/v2\/posts\/393385","targetHints":{"allow":["GET"]}}],"collection":[{"href":"https:\/\/www.diarioimagen.net\/index.php?rest_route=\/wp\/v2\/posts"}],"about":[{"href":"https:\/\/www.diarioimagen.net\/index.php?rest_route=\/wp\/v2\/types\/post"}],"author":[{"embeddable":true,"href":"https:\/\/www.diarioimagen.net\/index.php?rest_route=\/wp\/v2\/users\/3"}],"replies":[{"embeddable":true,"href":"https:\/\/www.diarioimagen.net\/index.php?rest_route=%2Fwp%2Fv2%2Fcomments&post=393385"}],"version-history":[{"count":0,"href":"https:\/\/www.diarioimagen.net\/index.php?rest_route=\/wp\/v2\/posts\/393385\/revisions"}],"wp:featuredmedia":[{"embeddable":true,"href":"https:\/\/www.diarioimagen.net\/index.php?rest_route=\/wp\/v2\/media\/393473"}],"wp:attachment":[{"href":"https:\/\/www.diarioimagen.net\/index.php?rest_route=%2Fwp%2Fv2%2Fmedia&parent=393385"}],"wp:term":[{"taxonomy":"category","embeddable":true,"href":"https:\/\/www.diarioimagen.net\/index.php?rest_route=%2Fwp%2Fv2%2Fcategories&post=393385"},{"taxonomy":"post_tag","embeddable":true,"href":"https:\/\/www.diarioimagen.net\/index.php?rest_route=%2Fwp%2Fv2%2Ftags&post=393385"}],"curies":[{"name":"wp","href":"https:\/\/api.w.org\/{rel}","templated":true}]}}