{"id":393542,"date":"2018-09-06T00:10:43","date_gmt":"2018-09-06T05:10:43","guid":{"rendered":"https:\/\/www.diarioimagen.net\/?p=393542"},"modified":"2018-09-06T02:29:53","modified_gmt":"2018-09-06T07:29:53","slug":"responsabilidad-en-el-equilibrio-de-poderes-maurilio-hernandez","status":"publish","type":"post","link":"https:\/\/www.diarioimagen.net\/?p=393542","title":{"rendered":"Responsabilidad en el equilibrio de poderes: Maurilio Hern\u00e1ndez"},"content":{"rendered":"<div id=\"attachment_393602\" style=\"width: 269px\" class=\"wp-caption alignleft\"><a href=\"https:\/\/www.diarioimagen.net\/?attachment_id=393602\" rel=\"attachment wp-att-393602\"><img loading=\"lazy\" decoding=\"async\" aria-describedby=\"caption-attachment-393602\" class=\" wp-image-393602\" src=\"https:\/\/www.diarioimagen.net\/wp-content\/uploads\/2018\/09\/MAURILIO-3449-307x460.jpg\" alt=\"\" width=\"259\" height=\"388\" srcset=\"https:\/\/www.diarioimagen.net\/wp-content\/uploads\/2018\/09\/MAURILIO-3449-307x460.jpg 307w, https:\/\/www.diarioimagen.net\/wp-content\/uploads\/2018\/09\/MAURILIO-3449-160x240.jpg 160w, https:\/\/www.diarioimagen.net\/wp-content\/uploads\/2018\/09\/MAURILIO-3449.jpg 467w\" sizes=\"auto, (max-width: 259px) 100vw, 259px\" \/><\/a><p id=\"caption-attachment-393602\" class=\"wp-caption-text\">Eligen por unanimidad a Maurilio Hern\u00e1ndez, como presidente de la Jucopo.<\/p><\/div>\n<p><strong>Toluca, Estado de M\u00e9xico<\/strong>.- \u201cActuaremos con responsabilidad, pero con mucha firmeza, y no habremos de claudicar ni un \u00e1pice en nuestro prop\u00f3sito de reivindicar la justicia social y los derechos humanos del pueblo mexiquense\u201d, sostuvo el diputado Maurilio Hern\u00e1ndez Gonz\u00e1lez, coordinador del grupo parlamentario de Morena, al inicio del Primer Periodo Ordinario de Sesiones de la LX Legislatura mexiquense.<\/p>\n<p>Hern\u00e1ndez Gonz\u00e1lez afirm\u00f3 que la cuarta transformaci\u00f3n de la naci\u00f3n y el Estado de M\u00e9xico tendr\u00e1 un lugar estelar ante una nueva realidad, por lo que en la Legislatura que se inicia se deliberar\u00e1 sobre la regeneraci\u00f3n del tejido social y la recomposici\u00f3n de la pol\u00edtica.<\/p>\n<p>Ante el gobernador Alfredo del Mazo Maza, quien acudi\u00f3 a la apertura del Periodo Ordinario con el presidente del Tribunal Superior de Justicia, magistrado Sergio Medina Pe\u00f1aloza, dijo que se trabajar\u00e1 en la construcci\u00f3n de equilibrios a partir de los contrapesos; \u201cesa es la realidad ahora del Estado de M\u00e9xico\u201d, y subray\u00f3 que 63 de los 75 diputados locales son de oposici\u00f3n.<\/p>\n<p>Maurilio Hern\u00e1ndez invit\u00f3 a los legisladores a buscar las coincidencias con el grupo mayoritario que es Morena; \u201cporque as\u00ed lo decidi\u00f3 el pueblo\u201d y se\u00f1al\u00f3 que m\u00e1s de 3 millones de votos avalan a sus 38 diputados, quienes dijo, actuar\u00e1n con responsabilidad, entendiendo el momento hist\u00f3rico que les toca vivir.<\/p>\n<p>\u201cYo invito a que no nos perdamos en gritos y sombrerazos pero que tambi\u00e9n reconozcamos cual es la importancia de nuestro lugar aqu\u00ed en la Legislatura\u201d.<\/p>\n<p>Los diputados de Morena, reiter\u00f3, no vienen con tambores de guerra o rompiendo lanzas, sino planteando su posici\u00f3n en el marco del respeto institucional y con el compromiso que implica cuidar a la Rep\u00fablica y cumplir los prop\u00f3sitos del proyecto alternativo de naci\u00f3n que encabezar\u00e1 Andr\u00e9s Manuel L\u00f3pez Obrador.<\/p>\n","protected":false},"excerpt":{"rendered":"<p>\u201cActuaremos con responsabilidad, pero con mucha firmeza, y no habremos de claudicar ni un \u00e1pice en nuestro prop\u00f3sito de reivindicar la justicia social y los derechos humanos del pueblo mexiquense\u201d, sostuvo el diputado Maurilio Hern\u00e1ndez Gonz\u00e1lez, coordinador del grupo parlamentario de Morena, al inicio del Primer Periodo Ordinario de Sesiones de la LX Legislatura mexiquense.<\/p>\n","protected":false},"author":3,"featured_media":393603,"comment_status":"open","ping_status":"open","sticky":false,"template":"","format":"standard","meta":{"_monsterinsights_skip_tracking":false,"_monsterinsights_sitenote_active":false,"_monsterinsights_sitenote_note":"","_monsterinsights_sitenote_category":0,"footnotes":""},"categories":[5],"tags":[43675,77933,77934,452],"class_list":["post-393542","post","type-post","status-publish","format-standard","has-post-thumbnail","hentry","category-estado-de-mexico","tag-estado-de-mexico","tag-maurilio-hernandez-gonzalez","tag-poderes","tag-toluca"],"_links":{"self":[{"href":"https:\/\/www.diarioimagen.net\/index.php?rest_route=\/wp\/v2\/posts\/393542","targetHints":{"allow":["GET"]}}],"collection":[{"href":"https:\/\/www.diarioimagen.net\/index.php?rest_route=\/wp\/v2\/posts"}],"about":[{"href":"https:\/\/www.diarioimagen.net\/index.php?rest_route=\/wp\/v2\/types\/post"}],"author":[{"embeddable":true,"href":"https:\/\/www.diarioimagen.net\/index.php?rest_route=\/wp\/v2\/users\/3"}],"replies":[{"embeddable":true,"href":"https:\/\/www.diarioimagen.net\/index.php?rest_route=%2Fwp%2Fv2%2Fcomments&post=393542"}],"version-history":[{"count":0,"href":"https:\/\/www.diarioimagen.net\/index.php?rest_route=\/wp\/v2\/posts\/393542\/revisions"}],"wp:featuredmedia":[{"embeddable":true,"href":"https:\/\/www.diarioimagen.net\/index.php?rest_route=\/wp\/v2\/media\/393603"}],"wp:attachment":[{"href":"https:\/\/www.diarioimagen.net\/index.php?rest_route=%2Fwp%2Fv2%2Fmedia&parent=393542"}],"wp:term":[{"taxonomy":"category","embeddable":true,"href":"https:\/\/www.diarioimagen.net\/index.php?rest_route=%2Fwp%2Fv2%2Fcategories&post=393542"},{"taxonomy":"post_tag","embeddable":true,"href":"https:\/\/www.diarioimagen.net\/index.php?rest_route=%2Fwp%2Fv2%2Ftags&post=393542"}],"curies":[{"name":"wp","href":"https:\/\/api.w.org\/{rel}","templated":true}]}}