{"id":393574,"date":"2018-09-06T00:08:11","date_gmt":"2018-09-06T05:08:11","guid":{"rendered":"https:\/\/www.diarioimagen.net\/?p=393574"},"modified":"2018-09-06T02:18:48","modified_gmt":"2018-09-06T07:18:48","slug":"promueven-la-salud-de-alumnos-y-ahorros-a-padres-nuevas-obras-en-escuelas-de-metepec","status":"publish","type":"post","link":"https:\/\/www.diarioimagen.net\/?p=393574","title":{"rendered":"Promueven la salud de alumnos y ahorros a padres nuevas obras en escuelas de Metepec"},"content":{"rendered":"<ul>\n<li><strong><em>4.5 millones de pesos para infraestructura educativa<\/em><\/strong><\/li>\n<\/ul>\n<p>&nbsp;<\/p>\n<div id=\"attachment_393623\" style=\"width: 470px\" class=\"wp-caption aligncenter\"><a href=\"https:\/\/www.diarioimagen.net\/?attachment_id=393623\" rel=\"attachment wp-att-393623\"><img loading=\"lazy\" decoding=\"async\" aria-describedby=\"caption-attachment-393623\" class=\"size-large wp-image-393623\" src=\"https:\/\/www.diarioimagen.net\/wp-content\/uploads\/2018\/09\/METEPEC-3449-460x259.jpg\" alt=\"\" width=\"460\" height=\"259\" srcset=\"https:\/\/www.diarioimagen.net\/wp-content\/uploads\/2018\/09\/METEPEC-3449-460x259.jpg 460w, https:\/\/www.diarioimagen.net\/wp-content\/uploads\/2018\/09\/METEPEC-3449-240x135.jpg 240w, https:\/\/www.diarioimagen.net\/wp-content\/uploads\/2018\/09\/METEPEC-3449-235x132.jpg 235w, https:\/\/www.diarioimagen.net\/wp-content\/uploads\/2018\/09\/METEPEC-3449-202x114.jpg 202w, https:\/\/www.diarioimagen.net\/wp-content\/uploads\/2018\/09\/METEPEC-3449-350x196.jpg 350w, https:\/\/www.diarioimagen.net\/wp-content\/uploads\/2018\/09\/METEPEC-3449-220x123.jpg 220w, https:\/\/www.diarioimagen.net\/wp-content\/uploads\/2018\/09\/METEPEC-3449-237x132.jpg 237w, https:\/\/www.diarioimagen.net\/wp-content\/uploads\/2018\/09\/METEPEC-3449.jpg 480w\" sizes=\"auto, (max-width: 460px) 100vw, 460px\" \/><\/a><p id=\"caption-attachment-393623\" class=\"wp-caption-text\">De acuerdo a directivos de escuelas beneficiadas con dicha infraestructura, existe un decremento de enfermedades en los estudiantes por cambios de temperatura, tras realizar actividades fuera de las aulas.<\/p><\/div>\n<p>&nbsp;<\/p>\n<p><strong>Metepec, Estado de M\u00e9xico<\/strong>.-\u00a0 La construcci\u00f3n e instalaci\u00f3n de arcotechos y velarias en planteles educativos de Metepec, inhibe la exposici\u00f3n en los alumnos de condiciones clim\u00e1ticas variables evitando as\u00ed enfermedades, adem\u00e1s, genera ahorro de hasta 100 mil pesos en cada ciclo escolar.<\/p>\n<p>De acuerdo a directivos de escuelas beneficiadas con dicha infraestructura, existe un decremento de enfermedades en los estudiantes por cambios de temperatura tras realizar actividades fuera de las aulas; adicionalmente, consideraron que se logran ahorros sustanciales en la renta de carpas y lonas, utilizadas anteriormente para distintas ceremonias y reuniones con padres de familia, entre otras.<\/p>\n<p>En el marco del programa Metepec Decide Contigo por la Educaci\u00f3n, que entreg\u00f3 loncheras y mochilas, as\u00ed como tenis y chamarras para cada uno de los alumnos de tres planteles educativos, el alcalde David L\u00f3pez C\u00e1rdenas, inaugur\u00f3 dos techumbres y un sal\u00f3n de usos m\u00faltiples en los que se invirtieron cuatro millones 495 mil 822 pesos.<\/p>\n<p>La presente administraci\u00f3n desde su inicio, ha destinado recursos de fondo municipal y federal para la edificaci\u00f3n de 34 arcotechos y velarias, beneficiando a la comunidad estudiantil de Metepec.<\/p>\n<p>En los jardines de ni\u00f1os Rosario R. de Alvarado y Eulalia Guzm\u00e1n Barr\u00f3n -de Santa Mar\u00eda La Magdalena Ocotitl\u00e1n y San Jorge Pueblo Nuevo, respectivamente-, el alcalde entreg\u00f3 techumbre en cada una, beneficiando a 265 miembros de las instituciones educativas; mientras que en la secundaria Sor Juana In\u00e9s de la Cruz,\u00a0 de la colonia Las Margaritas, el alumnado disfruta de un nuevo sal\u00f3n de usos m\u00faltiples, luego de reiterada petici\u00f3n de padres de familia y directivos que por a\u00f1os fue solicitado y ahora es una realidad. Este \u00faltimo tuvo una inversi\u00f3n de dos millones, 485 mil 895 pesos, beneficiando a 3 mil 627 habitantes.<\/p>\n<p>As\u00ed, el gobierno de Metepec da pasos firmes al cumplir compromisos que contribuyen al bienestar social y a una educaci\u00f3n de calidad de las nuevas generaciones que, como ha reiterado David L\u00f3pez C\u00e1rdenas, consolidar\u00e1n un futuro pr\u00f3spero.<\/p>\n","protected":false},"excerpt":{"rendered":"<p>La construcci\u00f3n e instalaci\u00f3n de arcotechos y velarias en planteles educativos de Metepec, inhibe la exposici\u00f3n en los alumnos de condiciones clim\u00e1ticas variables evitando as\u00ed enfermedades, adem\u00e1s, genera ahorro de hasta 100 mil pesos en cada ciclo escolar.<\/p>\n","protected":false},"author":3,"featured_media":393623,"comment_status":"open","ping_status":"open","sticky":false,"template":"","format":"standard","meta":{"_monsterinsights_skip_tracking":false,"_monsterinsights_sitenote_active":false,"_monsterinsights_sitenote_note":"","_monsterinsights_sitenote_category":0,"footnotes":""},"categories":[35155],"tags":[31619,21479,43675,876],"class_list":["post-393574","post","type-post","status-publish","format-standard","has-post-thumbnail","hentry","category-estado-de-mexico-estado-de-mexico","tag-ahorro","tag-escuela","tag-estado-de-mexico","tag-metepec"],"_links":{"self":[{"href":"https:\/\/www.diarioimagen.net\/index.php?rest_route=\/wp\/v2\/posts\/393574","targetHints":{"allow":["GET"]}}],"collection":[{"href":"https:\/\/www.diarioimagen.net\/index.php?rest_route=\/wp\/v2\/posts"}],"about":[{"href":"https:\/\/www.diarioimagen.net\/index.php?rest_route=\/wp\/v2\/types\/post"}],"author":[{"embeddable":true,"href":"https:\/\/www.diarioimagen.net\/index.php?rest_route=\/wp\/v2\/users\/3"}],"replies":[{"embeddable":true,"href":"https:\/\/www.diarioimagen.net\/index.php?rest_route=%2Fwp%2Fv2%2Fcomments&post=393574"}],"version-history":[{"count":0,"href":"https:\/\/www.diarioimagen.net\/index.php?rest_route=\/wp\/v2\/posts\/393574\/revisions"}],"wp:featuredmedia":[{"embeddable":true,"href":"https:\/\/www.diarioimagen.net\/index.php?rest_route=\/wp\/v2\/media\/393623"}],"wp:attachment":[{"href":"https:\/\/www.diarioimagen.net\/index.php?rest_route=%2Fwp%2Fv2%2Fmedia&parent=393574"}],"wp:term":[{"taxonomy":"category","embeddable":true,"href":"https:\/\/www.diarioimagen.net\/index.php?rest_route=%2Fwp%2Fv2%2Fcategories&post=393574"},{"taxonomy":"post_tag","embeddable":true,"href":"https:\/\/www.diarioimagen.net\/index.php?rest_route=%2Fwp%2Fv2%2Ftags&post=393574"}],"curies":[{"name":"wp","href":"https:\/\/api.w.org\/{rel}","templated":true}]}}