{"id":393699,"date":"2018-09-07T00:08:40","date_gmt":"2018-09-07T05:08:40","guid":{"rendered":"https:\/\/www.diarioimagen.net\/?p=393699"},"modified":"2018-09-09T23:36:35","modified_gmt":"2018-09-10T04:36:35","slug":"destaca-alfredo-del-mazo-logro-de-mexico-en-acuerdo-comercial-con-eu","status":"publish","type":"post","link":"https:\/\/www.diarioimagen.net\/?p=393699","title":{"rendered":"Destaca Alfredo Del Mazo acuerdo comercial con EU"},"content":{"rendered":"<ul>\n<li><em><strong>Liderazgo de la entidad en exportaciones<\/strong><\/em><\/li>\n<li><em><strong>Inaugura el XXV Congreso del Comercio Exterior Mexicano 2018<\/strong><\/em><\/li>\n<\/ul>\n<h6>Jos\u00e9 Luis Monta\u00f1ez<\/h6>\n<p>&nbsp;<\/p>\n<div id=\"attachment_393700\" style=\"width: 470px\" class=\"wp-caption aligncenter\"><img loading=\"lazy\" decoding=\"async\" aria-describedby=\"caption-attachment-393700\" class=\"wp-image-393700 size-large\" src=\"https:\/\/www.diarioimagen.net\/wp-content\/uploads\/2018\/09\/DEL-MAZO7-portal-460x268.jpg\" alt=\"\" width=\"460\" height=\"268\" srcset=\"https:\/\/www.diarioimagen.net\/wp-content\/uploads\/2018\/09\/DEL-MAZO7-portal-460x268.jpg 460w, https:\/\/www.diarioimagen.net\/wp-content\/uploads\/2018\/09\/DEL-MAZO7-portal-240x140.jpg 240w, https:\/\/www.diarioimagen.net\/wp-content\/uploads\/2018\/09\/DEL-MAZO7-portal.jpg 480w\" sizes=\"auto, (max-width: 460px) 100vw, 460px\" \/><p id=\"caption-attachment-393700\" class=\"wp-caption-text\">Inaugura Alfredo del Mazo el XXV Congreso del Comercio Exterior Mexicano 2018, en el Centro de Convenciones y Exposiciones de Toluca.<\/p><\/div>\n<p>&nbsp;<\/p>\n<p>&nbsp;<\/p>\n<p><strong>Toluca, Estado de M\u00e9xico<\/strong>.- El gobernador Alfredo Del Mazo Maza consider\u00f3 que el pacto comercial que estableci\u00f3\u00a0 M\u00e9xico con Estados\u00a0 Unidos, hace algunos d\u00edas, es un importante logro de la diplomacia y de la comunidad empresarial del pa\u00eds, y puntualiz\u00f3 que M\u00e9xico debe aprovechar tambi\u00e9n las oportunidades que ofrecen nuevos socios potenciales, como los pa\u00edses de la Cuenca del Pac\u00edfico y otros de Latinoam\u00e9rica o Europa, pues al hacerlo se dar\u00e1 un renovado impulso a la econom\u00eda mexicana.<\/p>\n<p>\u201cHace unos d\u00edas se dio el anuncio de un acuerdo comercial con Estados Unidos, la negociaci\u00f3n de este tratado es un importante logro de la diplomacia mexicana y de nuestra comunidad empresarial.<\/p>\n<p>\u201cSi bien los lazos de M\u00e9xico con los empresarios norteamericanos son firmes y datan de tiempo atr\u00e1s, M\u00e9xico debe adaptarse a estos cambios y aprovechar las oportunidades que ofrecen nuevos socios potenciales, como los pa\u00edses de la Cuenca del Pac\u00edfico o nuestras naciones hermanas en Latinoam\u00e9rica. De igual manera, es tiempo de revitalizar a nuestras antiguas relaciones con la Uni\u00f3n Europea en la que, a ra\u00edz de la salida del Reino Unido, observamos una gran transformaci\u00f3n\u201d.<\/p>\n<p>Al inaugurar el XXV Congreso del Comercio Exterior Mexicano 2018,\u00a0 el mandatario mexiquense dijo que m\u00e1s all\u00e1 de las decisiones que tomen otros pa\u00edses, M\u00e9xico debe refrendar su soberan\u00eda y tomar las alternativas que m\u00e1s convengan a sus intereses, pues as\u00ed fortalecer\u00e1 sus exportaciones, su econom\u00eda y el bienestar de sus habitantes.<\/p>\n<p>En el\u00a0 Centro de Convenciones y Exposiciones de la capital estatal, Del Mazo Maza afirm\u00f3 que en el contexto nacional, el\u00a0 Estado de M\u00e9xico es una potencia industrial que sobresale por su liderazgo en exportaci\u00f3n de alimentos procesados, manufacturas, productos met\u00e1licos, insumos textiles e industria qu\u00edmica.<\/p>\n<p>En relaci\u00f3n a ello, refiri\u00f3 que de acuerdo con el Instituto Mexicano para la Competitividad, las exportaciones de la econom\u00eda mexiquense son de las m\u00e1s\u00a0 diversificadas y, tan s\u00f3lo en el primer semestre de 2018, alcanzaron un valor de 11 mil 500 millones de d\u00f3lares.<\/p>\n<p>Agreg\u00f3 que la entidad tambi\u00e9n se fortalece como el centro log\u00edstico m\u00e1s importante en la Rep\u00fablica, al contar con una amplia red carretera y una gran conectividad de transporte masivo y articulado, que se complementar\u00e1 con el tren Interurbano M\u00e9xico-Toluca y el nuevo Aeropuerto Internacional de M\u00e9xico, obras que dar\u00e1n un gran impulso a la competitividad estatal.<\/p>\n<p>A\u00f1adi\u00f3 que su administraci\u00f3n tambi\u00e9n tiene el prop\u00f3sito de convertir a la econom\u00eda mexiquense en una econom\u00eda digital, que mediante el fomento y uso de nuevas tecnolog\u00edas, responda a las exigencias del mundo actual.<\/p>\n<p>\u201cEn el Edomex hemos dado un paso firme en ese sentido, con la instalaci\u00f3n del Sistema Mexiquense para la Innovaci\u00f3n, que vincula a las empresas y a las universidades para alentar las mejores pr\u00e1cticas en sectores exportadores de vanguardia como el automotriz, el farmac\u00e9utico y el qu\u00edmico, entre otros.<\/p>\n<p>&nbsp;<\/p>\n<p>\u201cDe esta manera, estableciendo nuevos acuerdos y aprovechando las nuevas tecnolog\u00edas, cumpliremos con nuestro objetivo de llegar a hacer de la econom\u00eda mexiquense una econom\u00eda digital y del conocimiento, lo que fortalecer\u00e1 a nuestro sector exportador y consolidar\u00e1 nuestro liderazgo econ\u00f3mico\u201d, asever\u00f3.<\/p>\n<p>Ante Valent\u00edn D\u00edez Morodo, Presidente del Consejo Empresarial Mexicano de Comercio Exterior, Inversi\u00f3n y Tecnolog\u00eda (COMCE), Alfredo Del Mazo\u00a0 consider\u00f3 un orgullo para el Estado de M\u00e9xico ser la sede del XXV Congreso del Comercio Exterior Mexicano, en el cual, durante dos d\u00edas, empresarios nacionales e internacionales, as\u00ed como representantes de gobiernos de distintos pa\u00edses, debatir\u00e1n\u00a0 los asuntos m\u00e1s importantes en esta materia y crear\u00e1n estrategias para el fortalecimiento de las alianzas comerciales.<\/p>\n<p>Finalmente indic\u00f3 que, producto de los esfuerzos del sector empresarial, M\u00e9xico ha logrado abrir nuevos\u00a0 mercados con resultados positivos, como que entre enero y julio del 2018 las exportaciones nacionales alcanzaron los 256 mil millones de d\u00f3lares, lo que representa un incremento de 9.5 por ciento comparado con el mismo periodo del 2017.<\/p>\n<p>Mientras que la relaci\u00f3n comercial con los Estados Unidos, a pesar de los desaf\u00edos en los \u00faltimos dos a\u00f1os, las cifras arrojan un buen saldo con una balanza comercial superavitaria que tuvo una variaci\u00f3n superior a los 132 mil millones de d\u00f3lares el a\u00f1o pasado.<\/p>\n<p>Por ello, el titular del Ejecutivo mexiquense reconoci\u00f3 al Congreso del Comercio Exterior Mexicano (COMCE) y dijo que mediante el compromiso y el talento de este organismo y de otros sectores empresariales del pa\u00eds, se dar\u00e1 un gran fomento a las exportaciones.<\/p>\n<p>\u201cReconocemos el trabajo profesional, intenso, comprometido que realiza el COMCE a favor del comercio exterior mexicano, impulsando el desarrollo nacional y promoviendo la calidad de nuestros productos.\u00a0\u00a0 Con el compromiso, la decisi\u00f3n y la fuerza del COMCE, daremos mejor direcci\u00f3n al comercio internacional y un mayor impulso a las exportaciones nacionales, lo que fortalece las inversiones, la generaci\u00f3n de empleos y el bienestar de las familias\u201d, expres\u00f3.<\/p>\n<p>En su oportunidad, Valent\u00edn D\u00edez Morodo destac\u00f3 que este a\u00f1o M\u00e9xico exportar\u00e1 m\u00e1s de 420 mil millones de d\u00f3lares, imponiendo as\u00ed un nuevo r\u00e9cord en esta materia y se\u00f1al\u00f3 que la transformaci\u00f3n que ha registrado el pa\u00eds en materia de comercio exterior, motiva a desarrollar eventos como este congreso, en el que se analizar\u00e1n los avances en la negociaci\u00f3n del TLC, la Alianza del Pac\u00edfico y la simplificaci\u00f3n de la operaci\u00f3n aduanera y su repercusi\u00f3n de los procesos log\u00edsticos.<\/p>\n","protected":false},"excerpt":{"rendered":"<p><span style=\"color: #005497;\">Jos\u00e9 Luis Monta\u00f1ez<\/span><br \/>\n<br \/>\nEl gobernador Alfredo Del Mazo Maza consider\u00f3 que el pacto comercial que estableci\u00f3  M\u00e9xico con Estados  Unidos, hace algunos d\u00edas, es un importante logro de la diplomacia y de la comunidad empresarial del pa\u00eds, y puntualiz\u00f3 que M\u00e9xico debe aprovechar tambi\u00e9n las oportunidades que ofrecen nuevos socios potenciales, como los pa\u00edses de la Cuenca del Pac\u00edfico y otros de Latinoam\u00e9rica o Europa, pues al hacerlo se dar\u00e1 un renovado impulso a la econom\u00eda mexicana.<\/p>\n","protected":false},"author":5,"featured_media":393700,"comment_status":"open","ping_status":"open","sticky":false,"template":"","format":"standard","meta":{"_monsterinsights_skip_tracking":false,"_monsterinsights_sitenote_active":false,"_monsterinsights_sitenote_note":"","_monsterinsights_sitenote_category":0,"footnotes":""},"categories":[5],"tags":[77533,77961,77962,43675,452],"class_list":["post-393699","post","type-post","status-publish","format-standard","has-post-thumbnail","hentry","category-estado-de-mexico","tag-acuerdo-comercial","tag-cuenca-del-pacifico-y-otros-de-latinoamerica","tag-entidad-en-exportaciones","tag-estado-de-mexico","tag-toluca"],"_links":{"self":[{"href":"https:\/\/www.diarioimagen.net\/index.php?rest_route=\/wp\/v2\/posts\/393699","targetHints":{"allow":["GET"]}}],"collection":[{"href":"https:\/\/www.diarioimagen.net\/index.php?rest_route=\/wp\/v2\/posts"}],"about":[{"href":"https:\/\/www.diarioimagen.net\/index.php?rest_route=\/wp\/v2\/types\/post"}],"author":[{"embeddable":true,"href":"https:\/\/www.diarioimagen.net\/index.php?rest_route=\/wp\/v2\/users\/5"}],"replies":[{"embeddable":true,"href":"https:\/\/www.diarioimagen.net\/index.php?rest_route=%2Fwp%2Fv2%2Fcomments&post=393699"}],"version-history":[{"count":0,"href":"https:\/\/www.diarioimagen.net\/index.php?rest_route=\/wp\/v2\/posts\/393699\/revisions"}],"wp:featuredmedia":[{"embeddable":true,"href":"https:\/\/www.diarioimagen.net\/index.php?rest_route=\/wp\/v2\/media\/393700"}],"wp:attachment":[{"href":"https:\/\/www.diarioimagen.net\/index.php?rest_route=%2Fwp%2Fv2%2Fmedia&parent=393699"}],"wp:term":[{"taxonomy":"category","embeddable":true,"href":"https:\/\/www.diarioimagen.net\/index.php?rest_route=%2Fwp%2Fv2%2Fcategories&post=393699"},{"taxonomy":"post_tag","embeddable":true,"href":"https:\/\/www.diarioimagen.net\/index.php?rest_route=%2Fwp%2Fv2%2Ftags&post=393699"}],"curies":[{"name":"wp","href":"https:\/\/api.w.org\/{rel}","templated":true}]}}