{"id":393730,"date":"2018-09-07T00:11:55","date_gmt":"2018-09-07T05:11:55","guid":{"rendered":"https:\/\/www.diarioimagen.net\/?p=393730"},"modified":"2018-09-07T05:21:27","modified_gmt":"2018-09-07T10:21:27","slug":"reconocimiento-al-alcalde-de-metepec-david-lopez","status":"publish","type":"post","link":"https:\/\/www.diarioimagen.net\/?p=393730","title":{"rendered":"Reconocimiento al alcalde de Metepec, David L\u00f3pez"},"content":{"rendered":"<ul>\n<li><strong><em>Apertura r\u00e1pida de empresas en municipios mexiquenses<\/em><\/strong><\/li>\n<\/ul>\n<p>&nbsp;<\/p>\n<div id=\"attachment_393837\" style=\"width: 470px\" class=\"wp-caption aligncenter\"><a href=\"https:\/\/www.diarioimagen.net\/?attachment_id=393837\" rel=\"attachment wp-att-393837\"><img loading=\"lazy\" decoding=\"async\" aria-describedby=\"caption-attachment-393837\" class=\"size-large wp-image-393837\" src=\"https:\/\/www.diarioimagen.net\/wp-content\/uploads\/2018\/09\/METEPEC-3450-460x259.jpg\" alt=\"\" width=\"460\" height=\"259\" srcset=\"https:\/\/www.diarioimagen.net\/wp-content\/uploads\/2018\/09\/METEPEC-3450-460x259.jpg 460w, https:\/\/www.diarioimagen.net\/wp-content\/uploads\/2018\/09\/METEPEC-3450-240x135.jpg 240w, https:\/\/www.diarioimagen.net\/wp-content\/uploads\/2018\/09\/METEPEC-3450-235x132.jpg 235w, https:\/\/www.diarioimagen.net\/wp-content\/uploads\/2018\/09\/METEPEC-3450-202x114.jpg 202w, https:\/\/www.diarioimagen.net\/wp-content\/uploads\/2018\/09\/METEPEC-3450-350x196.jpg 350w, https:\/\/www.diarioimagen.net\/wp-content\/uploads\/2018\/09\/METEPEC-3450-220x123.jpg 220w, https:\/\/www.diarioimagen.net\/wp-content\/uploads\/2018\/09\/METEPEC-3450-237x132.jpg 237w, https:\/\/www.diarioimagen.net\/wp-content\/uploads\/2018\/09\/METEPEC-3450.jpg 480w\" sizes=\"auto, (max-width: 460px) 100vw, 460px\" \/><\/a><p id=\"caption-attachment-393837\" class=\"wp-caption-text\">Reconocimiento al alcalde de Metepec, David L\u00f3pez C\u00e1rdenas, por avances en materia de apertura r\u00e1pida de empresas.<\/p><\/div>\n<p>&nbsp;<\/p>\n<p><strong>Ciudad de M\u00e9xico<\/strong>.- La Comisi\u00f3n Nacional de Mejora Regulatoria reconoci\u00f3 a tres municipios mexiquenses por sus avances en materia de apertura r\u00e1pida de empresas, lo que permite atraer mayor inversi\u00f3n y generar m\u00e1s empleos en el Estado de M\u00e9xico.<\/p>\n<p>Los municipios que recibieron la certificaci\u00f3n PROSARE son Metepec, Tlalnepantla y Tepotzotl\u00e1n, pues los tres ofrecen a los inversionistas la posibilidad de abrir nuevos negocios en un plazo de 48 horas o menos.<\/p>\n<p>En coordinaci\u00f3n con la Comisi\u00f3n Estatal de Mejora Regulatoria de la Secretar\u00eda de Justicia y Derechos Humanos (SJyDH), los ayuntamientos de Metepec y Tepotzotl\u00e1n, han conseguido entregar licencias de funcionamiento comercial de bajo impacto en menos de dos d\u00edas h\u00e1biles, en tanto, Tlalnepantla entrega esa misma licencia en 120 minutos, a trav\u00e9s del tr\u00e1mite que puede realizarse en l\u00ednea.<\/p>\n<p>\u201cLa certificaci\u00f3n PROSARE es una de las herramientas en materia de mejora regulatoria que reconoce el esfuerzo y trabajo comprometido de las administraciones municipales por facilitar la apertura de empresas y promover la inversi\u00f3n en el Estado de M\u00e9xico, pues es precisamente el municipio la autoridad m\u00e1s cercana a los ciudadanos\u201d, destac\u00f3 Iv\u00e1n Barrera, Subsecretario de Justicia de la SJyDH.<\/p>\n<p>En el acto al que asisti\u00f3 el alcalde de Metepec, David L\u00f3pez C\u00e1rdenas, trascendi\u00f3 que gracias a la implementaci\u00f3n de programas de mejora regulatoria, dicho municipio que recibi\u00f3 la certificaci\u00f3n, emiti\u00f3 de enero a julio de este a\u00f1o un total de 270 licencias de funcionamiento, lo que gener\u00f3 351 empleos directos en inversiones por m\u00e1s de 57 millones de pesos.<\/p>\n<p>Todo ello, gracias a la implementaci\u00f3n de tres acciones de mejora: la creaci\u00f3n de una ventanilla \u00fanica, la implementaci\u00f3n de un formato \u00fanico de solicitud de licencia y la resoluci\u00f3n m\u00e1xima de 72 horas.<\/p>\n<p>Mario Emilio Guti\u00e9rrez Caballero, Comisionado Nacional de Mejora Regulatoria, destac\u00f3 que los certificados PROSARE est\u00e1n respaldados por el trabajo conjunto de autoridades estatales y municipales, y que a trav\u00e9s de ellos se busca reconocer y estimular la aplicaci\u00f3n de mejores pr\u00e1cticas en materia de eficiencia regulatoria, as\u00ed como promover la mejora continua en la operaci\u00f3n de sistemas y programas de apertura r\u00e1pida de empresas.<\/p>\n<p>El compromiso del Gobierno del Estado de M\u00e9xico y los ayuntamientos con la mejora regulatoria genera un mejor clima de negocios, brinda certidumbre jur\u00eddica a los inversionistas e impulsa el desarrollo econ\u00f3mico de la entidad.<\/p>\n","protected":false},"excerpt":{"rendered":"<p>La Comisi\u00f3n Nacional de Mejora Regulatoria reconoci\u00f3 a tres municipios mexiquenses por sus avances en materia de apertura r\u00e1pida de empresas, lo que permite atraer mayor inversi\u00f3n y generar m\u00e1s empleos en el Estado de M\u00e9xico.<\/p>\n","protected":false},"author":3,"featured_media":393837,"comment_status":"open","ping_status":"open","sticky":false,"template":"","format":"standard","meta":{"_monsterinsights_skip_tracking":false,"_monsterinsights_sitenote_active":false,"_monsterinsights_sitenote_note":"","_monsterinsights_sitenote_category":0,"footnotes":""},"categories":[5],"tags":[204,14250,12862],"class_list":["post-393730","post","type-post","status-publish","format-standard","has-post-thumbnail","hentry","category-estado-de-mexico","tag-ciudad-de-mexico","tag-david-lopez-cardenas","tag-reconocimiento"],"_links":{"self":[{"href":"https:\/\/www.diarioimagen.net\/index.php?rest_route=\/wp\/v2\/posts\/393730","targetHints":{"allow":["GET"]}}],"collection":[{"href":"https:\/\/www.diarioimagen.net\/index.php?rest_route=\/wp\/v2\/posts"}],"about":[{"href":"https:\/\/www.diarioimagen.net\/index.php?rest_route=\/wp\/v2\/types\/post"}],"author":[{"embeddable":true,"href":"https:\/\/www.diarioimagen.net\/index.php?rest_route=\/wp\/v2\/users\/3"}],"replies":[{"embeddable":true,"href":"https:\/\/www.diarioimagen.net\/index.php?rest_route=%2Fwp%2Fv2%2Fcomments&post=393730"}],"version-history":[{"count":0,"href":"https:\/\/www.diarioimagen.net\/index.php?rest_route=\/wp\/v2\/posts\/393730\/revisions"}],"wp:featuredmedia":[{"embeddable":true,"href":"https:\/\/www.diarioimagen.net\/index.php?rest_route=\/wp\/v2\/media\/393837"}],"wp:attachment":[{"href":"https:\/\/www.diarioimagen.net\/index.php?rest_route=%2Fwp%2Fv2%2Fmedia&parent=393730"}],"wp:term":[{"taxonomy":"category","embeddable":true,"href":"https:\/\/www.diarioimagen.net\/index.php?rest_route=%2Fwp%2Fv2%2Fcategories&post=393730"},{"taxonomy":"post_tag","embeddable":true,"href":"https:\/\/www.diarioimagen.net\/index.php?rest_route=%2Fwp%2Fv2%2Ftags&post=393730"}],"curies":[{"name":"wp","href":"https:\/\/api.w.org\/{rel}","templated":true}]}}