{"id":393736,"date":"2018-09-07T00:10:46","date_gmt":"2018-09-07T05:10:46","guid":{"rendered":"https:\/\/www.diarioimagen.net\/?p=393736"},"modified":"2018-09-07T05:37:26","modified_gmt":"2018-09-07T10:37:26","slug":"fortalecen-gobiernos-zona-de-influencia-del-interurbano","status":"publish","type":"post","link":"https:\/\/www.diarioimagen.net\/?p=393736","title":{"rendered":"Fortalecen gobiernos zona de influencia del Interurbano"},"content":{"rendered":"<h2>Arco Norte<\/h2>\n<h5>Jos\u00e9 Luis Monta\u00f1ez Aguilar<\/h5>\n<p>&nbsp;<\/p>\n<p><a href=\"https:\/\/www.diarioimagen.net\/?attachment_id=393839\" rel=\"attachment wp-att-393839\"><img loading=\"lazy\" decoding=\"async\" class=\"aligncenter size-large wp-image-393839\" src=\"https:\/\/www.diarioimagen.net\/wp-content\/uploads\/2018\/09\/arco-3450-460x259.jpg\" alt=\"\" width=\"460\" height=\"259\" srcset=\"https:\/\/www.diarioimagen.net\/wp-content\/uploads\/2018\/09\/arco-3450-460x259.jpg 460w, https:\/\/www.diarioimagen.net\/wp-content\/uploads\/2018\/09\/arco-3450-240x135.jpg 240w, https:\/\/www.diarioimagen.net\/wp-content\/uploads\/2018\/09\/arco-3450-235x132.jpg 235w, https:\/\/www.diarioimagen.net\/wp-content\/uploads\/2018\/09\/arco-3450-202x114.jpg 202w, https:\/\/www.diarioimagen.net\/wp-content\/uploads\/2018\/09\/arco-3450-350x196.jpg 350w, https:\/\/www.diarioimagen.net\/wp-content\/uploads\/2018\/09\/arco-3450-220x123.jpg 220w, https:\/\/www.diarioimagen.net\/wp-content\/uploads\/2018\/09\/arco-3450-237x132.jpg 237w, https:\/\/www.diarioimagen.net\/wp-content\/uploads\/2018\/09\/arco-3450.jpg 480w\" sizes=\"auto, (max-width: 460px) 100vw, 460px\" \/><\/a><\/p>\n<p>&nbsp;<\/p>\n<p>La Secretar\u00eda de Desarrollo Urbano y Metropolitano (Seduym) firm\u00f3 el convenio de coordinaci\u00f3n y colaboraci\u00f3n de la zona de influencia del Tren Interurbano M\u00e9xico-Toluca, con los seis ayuntamientos por los que atravesar\u00e1 esta obra.<\/p>\n<p>Este convenio que se firm\u00f3 en el Museo \u201cJos\u00e9 Mar\u00eda Velasco\u201d, en la capital mexiquense, es resultado de las reuniones y comunicaci\u00f3n permanente que ha mantenido la Seduym con las autoridades municipales de Toluca, Lerma, Metepec, Ocoyoacac, San Mateo Atenco y Zinacantepec.<\/p>\n<p>Los objetivos que buscar\u00e1 cumplir este convenio es, primero, lograr un instrumento normativo de coordinaci\u00f3n metropolitana con los seis municipios adyacentes al tren y con las diferentes dependencias y sectores del Gobierno del Estado de M\u00e9xico.<\/p>\n<p>De igual forma, repartir en forma eficiente y equitativa los costos y beneficios generados por el desarrollo urbano, con transparencia en la aplicaci\u00f3n de medidas de integraci\u00f3n y de mitigaci\u00f3n.<\/p>\n<p>&nbsp;<\/p>\n<p style=\"text-align: center;\"><strong>Mantiene ISSEMyM su compromiso de modernizarse<\/strong><\/p>\n<p>El Instituto de Seguridad Social del Estado de M\u00e9xico y Municipios (ISSEMyM) mantiene inalterable su compromiso de modernizarse y fortalecer su infraestructura para brindar m\u00e1s y mejores servicios de calidad a sus pensionados, pensionistas y a todos sus derechohabientes, afirm\u00f3 el Director General de la instituci\u00f3n, Alberto Peredo Jim\u00e9nez, durante la ceremonia del L Aniversario de la Uni\u00f3n de Pensionados y Pensionistas del Estado de M\u00e9xico.<\/p>\n<p>Peredo Jim\u00e9nez reconoci\u00f3 el trabajo que realizaron en los a\u00f1os entregados al servicio p\u00fablico y a la consolidaci\u00f3n de un mejor Estado de M\u00e9xico.<\/p>\n<p>Se trata de mujeres y hombres que saben que pertenecer a la Uni\u00f3n implica responsabilidad y compromiso, porque forman parte de una agrupaci\u00f3n activa y propositiva, la cual mantiene una larga tradici\u00f3n de lucha, de entendimiento y apoyo a los m\u00e1s altos fines que persigue el gobierno de la entidad.<\/p>\n<p>Reconoci\u00f3 a los servidores p\u00fablicos en retiro, ya que son la inspiraci\u00f3n mayor que todo gobierno tiene para seguir trabajando, sin importar el escenario de adversidad que se tenga, con el fin de seguir modelando un mejor Estado de M\u00e9xico.<\/p>\n<p>Agreg\u00f3 que la Uni\u00f3n de Pensionados y Pensionistas, a lo largo de los a\u00f1os, ha demostrado que es un organismo vigoroso, que participa activa y directamente en la b\u00fasqueda del mejor desarrollo colectivo, que permite generar mayores oportunidades para sus afiliados.<\/p>\n<p>Se\u00f1al\u00f3 que se est\u00e1 trabajando para enfrentar el gran reto que representa la consolidaci\u00f3n de la infraestructura de servicios y mejorar la calidad que se les ofrece a los pensionados y pensionistas, as\u00ed como a los m\u00e1s de un mill\u00f3n de personas que representan el universo de derechohabientes que el Instituto atiende.<\/p>\n<p>Reiter\u00f3 que la Reforma a la Ley de Seguridad Social del Estado de M\u00e9xico est\u00e1 dise\u00f1ada para mejorar los servicios m\u00e9dicos, para que los programas de capacitaci\u00f3n al personal del ISSEMyM redunden en una mejor atenci\u00f3n a los derechohabientes y con el objetivo de que no se pierda la calidad en los servicios que ofrece.<\/p>\n<p>Para finalizar, Peredo Jim\u00e9nez asegur\u00f3 que el ISSEMyM tiene las puertas abiertas para escuchar y atender sus opiniones y aprovechar su experiencia.<\/p>\n<p><em><a href=\"mailto:montanezaguilar@gmail.com\" target=\"_blank\" rel=\"noopener\">montanezaguilar@gmail.com<\/a><\/em><\/p>\n","protected":false},"excerpt":{"rendered":"<p><span style=\"color: #005497;\">Jos\u00e9 Luis Monta\u00f1ez Aguilar<\/span><br \/>\n<br \/>\nLa Secretar\u00eda de Desarrollo Urbano y Metropolitano (Seduym) firm\u00f3 el convenio de coordinaci\u00f3n y colaboraci\u00f3n de la zona de influencia del Tren Interurbano M\u00e9xico-Toluca, con los seis ayuntamientos por los que atravesar\u00e1 esta obra.<\/p>\n","protected":false},"author":3,"featured_media":393839,"comment_status":"open","ping_status":"open","sticky":false,"template":"","format":"standard","meta":{"_monsterinsights_skip_tracking":false,"_monsterinsights_sitenote_active":false,"_monsterinsights_sitenote_note":"","_monsterinsights_sitenote_category":0,"footnotes":""},"categories":[5],"tags":[13284,43704,43674],"class_list":["post-393736","post","type-post","status-publish","format-standard","has-post-thumbnail","hentry","category-estado-de-mexico","tag-arco-norte","tag-jose-luis-montanez-aguilar","tag-opinion"],"_links":{"self":[{"href":"https:\/\/www.diarioimagen.net\/index.php?rest_route=\/wp\/v2\/posts\/393736","targetHints":{"allow":["GET"]}}],"collection":[{"href":"https:\/\/www.diarioimagen.net\/index.php?rest_route=\/wp\/v2\/posts"}],"about":[{"href":"https:\/\/www.diarioimagen.net\/index.php?rest_route=\/wp\/v2\/types\/post"}],"author":[{"embeddable":true,"href":"https:\/\/www.diarioimagen.net\/index.php?rest_route=\/wp\/v2\/users\/3"}],"replies":[{"embeddable":true,"href":"https:\/\/www.diarioimagen.net\/index.php?rest_route=%2Fwp%2Fv2%2Fcomments&post=393736"}],"version-history":[{"count":0,"href":"https:\/\/www.diarioimagen.net\/index.php?rest_route=\/wp\/v2\/posts\/393736\/revisions"}],"wp:featuredmedia":[{"embeddable":true,"href":"https:\/\/www.diarioimagen.net\/index.php?rest_route=\/wp\/v2\/media\/393839"}],"wp:attachment":[{"href":"https:\/\/www.diarioimagen.net\/index.php?rest_route=%2Fwp%2Fv2%2Fmedia&parent=393736"}],"wp:term":[{"taxonomy":"category","embeddable":true,"href":"https:\/\/www.diarioimagen.net\/index.php?rest_route=%2Fwp%2Fv2%2Fcategories&post=393736"},{"taxonomy":"post_tag","embeddable":true,"href":"https:\/\/www.diarioimagen.net\/index.php?rest_route=%2Fwp%2Fv2%2Ftags&post=393736"}],"curies":[{"name":"wp","href":"https:\/\/api.w.org\/{rel}","templated":true}]}}