{"id":393744,"date":"2018-09-07T00:10:13","date_gmt":"2018-09-07T05:10:13","guid":{"rendered":"https:\/\/www.diarioimagen.net\/?p=393744"},"modified":"2018-09-07T07:28:34","modified_gmt":"2018-09-07T12:28:34","slug":"firmar-tlcan-mayor-desafio-para-mexico-se","status":"publish","type":"post","link":"https:\/\/www.diarioimagen.net\/?p=393744","title":{"rendered":"Firmar TLCAN, mayor desaf\u00edo para M\u00e9xico: SE"},"content":{"rendered":"<ul>\n<li><em><strong>Destaca Ildefonso Guajardo Villarreal<\/strong><\/em><\/li>\n<li><em><strong>Se\u00f1ala que la principal relaci\u00f3n comercial es con EU<\/strong><\/em><\/li>\n<\/ul>\n<p><strong>\u00a0<\/strong><\/p>\n<div id=\"attachment_393844\" style=\"width: 470px\" class=\"wp-caption aligncenter\"><a href=\"https:\/\/www.diarioimagen.net\/?attachment_id=393844\" rel=\"attachment wp-att-393844\"><img loading=\"lazy\" decoding=\"async\" aria-describedby=\"caption-attachment-393844\" class=\"size-large wp-image-393844\" src=\"https:\/\/www.diarioimagen.net\/wp-content\/uploads\/2018\/09\/TLCAN-3450-1-460x259.jpg\" alt=\"\" width=\"460\" height=\"259\" srcset=\"https:\/\/www.diarioimagen.net\/wp-content\/uploads\/2018\/09\/TLCAN-3450-1-460x259.jpg 460w, https:\/\/www.diarioimagen.net\/wp-content\/uploads\/2018\/09\/TLCAN-3450-1-240x135.jpg 240w, https:\/\/www.diarioimagen.net\/wp-content\/uploads\/2018\/09\/TLCAN-3450-1-235x132.jpg 235w, https:\/\/www.diarioimagen.net\/wp-content\/uploads\/2018\/09\/TLCAN-3450-1-202x114.jpg 202w, https:\/\/www.diarioimagen.net\/wp-content\/uploads\/2018\/09\/TLCAN-3450-1-350x196.jpg 350w, https:\/\/www.diarioimagen.net\/wp-content\/uploads\/2018\/09\/TLCAN-3450-1-220x123.jpg 220w, https:\/\/www.diarioimagen.net\/wp-content\/uploads\/2018\/09\/TLCAN-3450-1-237x132.jpg 237w, https:\/\/www.diarioimagen.net\/wp-content\/uploads\/2018\/09\/TLCAN-3450-1.jpg 480w\" sizes=\"auto, (max-width: 460px) 100vw, 460px\" \/><\/a><p id=\"caption-attachment-393844\" class=\"wp-caption-text\">Ildefonso Guajardo se\u00f1al\u00f3 que el entendimiento bilateral entre M\u00e9xico y Estados Unidos manda un mensaje muy fuerte al mundo.<\/p><\/div>\n<p>&nbsp;<\/p>\n<p>El mayor desaf\u00edo para M\u00e9xico por ahora es firmar el Tratado de Libre Comercio de Am\u00e9rica del Norte (TLCAN), mientras que a futuro es fortalecer el Estado de Derecho, asegur\u00f3 el secretario de Econom\u00eda, Ildefonso Guajardo Villarreal.<\/p>\n<p>Luego de mencionar que los logros econ\u00f3micos de la actual administraci\u00f3n \u201cson evidentes\u201d, el funcionario mexicano destac\u00f3 la aplicaci\u00f3n de las pol\u00edticas de integraci\u00f3n comercial de M\u00e9xico durante el presente sexenio.<\/p>\n<p>\u201cEl mayor desaf\u00edo es concluir la renegociaci\u00f3n del TLCAN\u201d, dijo con motivo del Mexico Summit 2018, organizado por The Economist, en donde aclar\u00f3 que el pa\u00eds \u201cprefiere un acuerdo trilateral, pero sin duda nuestra principal relaci\u00f3n comercial es con Estados Unidos\u201d.<\/p>\n<p>Subray\u00f3 que una de las cosas que ha sido \u201caltamente evaluada\u201d en el proceso de entendimiento entre Estados Unidos y M\u00e9xico, el cual esperan se convierta en un convenio trilateral, es el hecho que se trabaj\u00f3 de manera conjunta con el pr\u00f3ximo gobierno.<\/p>\n<p>Ello, dijo, ya que desde agosto pasado Jes\u00fas Seade fue negociador \u201cen el estatus de observador y fue un observador muy activo, creo que pudimos realmente nosotros trabajar de manera muy coordinada para cumplir o, m\u00e1s bien, llegar a la l\u00ednea de la meta\u201d.<\/p>\n<p>Indic\u00f3 que el entendimiento bilateral entre M\u00e9xico y Estados Unidos manda un mensaje muy fuerte al mundo, de que el gobierno entrante y el saliente tuvieron la habilidad y el compromiso de ver por el inter\u00e9s del pa\u00eds.<\/p>\n<p>\u201cEl resultado m\u00e1s valioso de restablecer la certidumbre del Tratado de Libre Comercio es evitar la tentaci\u00f3n de que los intereses proteccionistas quieran dar un paso atr\u00e1s y deshacer 25 a\u00f1os de apertura de la econom\u00eda mexicana\u201d.<\/p>\n<p>En este sentido, Ildefonso Guajardo destac\u00f3 que dentro del acuerdo de entendimiento M\u00e9xico-Estados Unidos hay una carta adjunta que protege a la industria mexicana en caso de que el gobierno de Estados Unidos aplique aranceles de 30 por ciento a autos provenientes de todo el mundo.<\/p>\n<p>De esta manera, si Estados Unidos impone aranceles a Jap\u00f3n, Alemania o al resto del mundo, no lo har\u00e1 con M\u00e9xico, concluy\u00f3.<\/p>\n<p>\u201cEsta carta salva la capacidad exportadora del sector automotriz a Am\u00e9rica del Norte existente, salva las plantas en proceso que ya est\u00e1n por terminar: BMW y Mercedes, adem\u00e1s da un espacio de crecimiento hacia delante\u201d, coment\u00f3.<\/p>\n<p>Guajardo Villarreal reiter\u00f3 que \u201cno es un elemento que vaya a limitar, lo que estamos haciendo es comprar un seguro para que el mill\u00f3n de empleos en el sector automotriz mexicano se proteja y se proteja el dinamismo de crecimiento a\u00f1os hacia delante\u201d.<\/p>\n<p>Al reconocer que los resultados en materia de seguridad pudieron haber sido mejores durante la presente administraci\u00f3n, el funcionario federal puntualiz\u00f3 que \u201cel gran desaf\u00edo que tenemos hacia futuro es el Estado de derecho\u201d.<\/p>\n","protected":false},"excerpt":{"rendered":"<p>El mayor desaf\u00edo para M\u00e9xico por ahora es firmar el Tratado de Libre Comercio de Am\u00e9rica del Norte (TLCAN), mientras que a futuro es fortalecer el Estado de Derecho, asegur\u00f3 el secretario de Econom\u00eda, Ildefonso Guajardo Villarreal.<\/p>\n","protected":false},"author":3,"featured_media":393844,"comment_status":"open","ping_status":"open","sticky":false,"template":"","format":"standard","meta":{"_monsterinsights_skip_tracking":false,"_monsterinsights_sitenote_active":false,"_monsterinsights_sitenote_note":"","_monsterinsights_sitenote_category":0,"footnotes":""},"categories":[8],"tags":[43678,72698,77992,2167],"class_list":["post-393744","post","type-post","status-publish","format-standard","has-post-thumbnail","hentry","category-finanzas","tag-finanzas","tag-firma","tag-logro","tag-tlcan"],"_links":{"self":[{"href":"https:\/\/www.diarioimagen.net\/index.php?rest_route=\/wp\/v2\/posts\/393744","targetHints":{"allow":["GET"]}}],"collection":[{"href":"https:\/\/www.diarioimagen.net\/index.php?rest_route=\/wp\/v2\/posts"}],"about":[{"href":"https:\/\/www.diarioimagen.net\/index.php?rest_route=\/wp\/v2\/types\/post"}],"author":[{"embeddable":true,"href":"https:\/\/www.diarioimagen.net\/index.php?rest_route=\/wp\/v2\/users\/3"}],"replies":[{"embeddable":true,"href":"https:\/\/www.diarioimagen.net\/index.php?rest_route=%2Fwp%2Fv2%2Fcomments&post=393744"}],"version-history":[{"count":0,"href":"https:\/\/www.diarioimagen.net\/index.php?rest_route=\/wp\/v2\/posts\/393744\/revisions"}],"wp:featuredmedia":[{"embeddable":true,"href":"https:\/\/www.diarioimagen.net\/index.php?rest_route=\/wp\/v2\/media\/393844"}],"wp:attachment":[{"href":"https:\/\/www.diarioimagen.net\/index.php?rest_route=%2Fwp%2Fv2%2Fmedia&parent=393744"}],"wp:term":[{"taxonomy":"category","embeddable":true,"href":"https:\/\/www.diarioimagen.net\/index.php?rest_route=%2Fwp%2Fv2%2Fcategories&post=393744"},{"taxonomy":"post_tag","embeddable":true,"href":"https:\/\/www.diarioimagen.net\/index.php?rest_route=%2Fwp%2Fv2%2Ftags&post=393744"}],"curies":[{"name":"wp","href":"https:\/\/api.w.org\/{rel}","templated":true}]}}