{"id":393762,"date":"2018-09-07T00:09:39","date_gmt":"2018-09-07T05:09:39","guid":{"rendered":"https:\/\/www.diarioimagen.net\/?p=393762"},"modified":"2018-09-07T08:15:28","modified_gmt":"2018-09-07T13:15:28","slug":"hay-estabilidad-politica-social-y-economica-epn","status":"publish","type":"post","link":"https:\/\/www.diarioimagen.net\/?p=393762","title":{"rendered":"Hay estabilidad pol\u00edtica, social y econ\u00f3mica: EPN"},"content":{"rendered":"<p><a href=\"https:\/\/www.diarioimagen.net\/?attachment_id=393860\" rel=\"attachment wp-att-393860\"><img loading=\"lazy\" decoding=\"async\" class=\"aligncenter size-large wp-image-393860\" src=\"https:\/\/www.diarioimagen.net\/wp-content\/uploads\/2018\/09\/epn-3450-460x259.jpg\" alt=\"\" width=\"460\" height=\"259\" srcset=\"https:\/\/www.diarioimagen.net\/wp-content\/uploads\/2018\/09\/epn-3450-460x259.jpg 460w, https:\/\/www.diarioimagen.net\/wp-content\/uploads\/2018\/09\/epn-3450-240x135.jpg 240w, https:\/\/www.diarioimagen.net\/wp-content\/uploads\/2018\/09\/epn-3450-235x132.jpg 235w, https:\/\/www.diarioimagen.net\/wp-content\/uploads\/2018\/09\/epn-3450-202x114.jpg 202w, https:\/\/www.diarioimagen.net\/wp-content\/uploads\/2018\/09\/epn-3450-350x196.jpg 350w, https:\/\/www.diarioimagen.net\/wp-content\/uploads\/2018\/09\/epn-3450-220x123.jpg 220w, https:\/\/www.diarioimagen.net\/wp-content\/uploads\/2018\/09\/epn-3450-237x132.jpg 237w, https:\/\/www.diarioimagen.net\/wp-content\/uploads\/2018\/09\/epn-3450.jpg 480w\" sizes=\"auto, (max-width: 460px) 100vw, 460px\" \/><\/a><\/p>\n<p>&nbsp;<\/p>\n<p>El presidente Enrique Pe\u00f1a Nieto afirm\u00f3 que la prioridad de su gobierno fue preservar la estabilidad econ\u00f3mica, pol\u00edtica y social, lo que permitir\u00e1 al pa\u00eds y a la pr\u00f3xima administraci\u00f3n seguir avanzando para alcanzar un mayor desarrollo.<\/p>\n<p>Durante una gira de trabajo por el estado de Tamaulipas, donde inaugur\u00f3 el Libramiento Reynosa, con una inversi\u00f3n de mil 600 millones de pesos, el presidente Pe\u00f1a Nieto asegur\u00f3 que durante su gesti\u00f3n se sentaron las bases que ser\u00e1n el punto de partida para el pr\u00f3ximo gobierno.<\/p>\n<p>Pe\u00f1a Nieto rechaz\u00f3 que se vaya a presentar una crisis como las que hab\u00eda en el pasado y destac\u00f3 que las inversiones extranjeras directas que llegaron a la franja fronteriza en los \u00faltimos seis a\u00f1os, son por 54 mil millones de d\u00f3lares, 20 por ciento m\u00e1s de lo que se logr\u00f3 en toda la administraci\u00f3n pasada.<\/p>\n<p>Destac\u00f3 que durante este gobierno se abri\u00f3 el mayor n\u00famero de oportunidades para los mexicanos a lo largo de la franja fronteriza, donde se han creado m\u00e1s de un mill\u00f3n de empleos, m\u00e1s del doble que en todo el sexenio pasado.<\/p>\n<p>&nbsp;<\/p>\n","protected":false},"excerpt":{"rendered":"<p>El presidente Enrique Pe\u00f1a Nieto afirm\u00f3 que la prioridad de su gobierno fue preservar la estabilidad econ\u00f3mica, pol\u00edtica y social, lo que permitir\u00e1 al pa\u00eds y a la pr\u00f3xima administraci\u00f3n seguir avanzando para alcanzar un mayor desarrollo.<\/p>\n","protected":false},"author":3,"featured_media":393860,"comment_status":"open","ping_status":"open","sticky":false,"template":"","format":"standard","meta":{"_monsterinsights_skip_tracking":false,"_monsterinsights_sitenote_active":false,"_monsterinsights_sitenote_note":"","_monsterinsights_sitenote_category":0,"footnotes":""},"categories":[3],"tags":[18,17565,43673],"class_list":["post-393762","post","type-post","status-publish","format-standard","has-post-thumbnail","hentry","category-nacional","tag-enrique-pena-nieto","tag-estabilidad","tag-nacional"],"_links":{"self":[{"href":"https:\/\/www.diarioimagen.net\/index.php?rest_route=\/wp\/v2\/posts\/393762","targetHints":{"allow":["GET"]}}],"collection":[{"href":"https:\/\/www.diarioimagen.net\/index.php?rest_route=\/wp\/v2\/posts"}],"about":[{"href":"https:\/\/www.diarioimagen.net\/index.php?rest_route=\/wp\/v2\/types\/post"}],"author":[{"embeddable":true,"href":"https:\/\/www.diarioimagen.net\/index.php?rest_route=\/wp\/v2\/users\/3"}],"replies":[{"embeddable":true,"href":"https:\/\/www.diarioimagen.net\/index.php?rest_route=%2Fwp%2Fv2%2Fcomments&post=393762"}],"version-history":[{"count":0,"href":"https:\/\/www.diarioimagen.net\/index.php?rest_route=\/wp\/v2\/posts\/393762\/revisions"}],"wp:featuredmedia":[{"embeddable":true,"href":"https:\/\/www.diarioimagen.net\/index.php?rest_route=\/wp\/v2\/media\/393860"}],"wp:attachment":[{"href":"https:\/\/www.diarioimagen.net\/index.php?rest_route=%2Fwp%2Fv2%2Fmedia&parent=393762"}],"wp:term":[{"taxonomy":"category","embeddable":true,"href":"https:\/\/www.diarioimagen.net\/index.php?rest_route=%2Fwp%2Fv2%2Fcategories&post=393762"},{"taxonomy":"post_tag","embeddable":true,"href":"https:\/\/www.diarioimagen.net\/index.php?rest_route=%2Fwp%2Fv2%2Ftags&post=393762"}],"curies":[{"name":"wp","href":"https:\/\/api.w.org\/{rel}","templated":true}]}}