{"id":393776,"date":"2018-09-07T00:08:05","date_gmt":"2018-09-07T05:08:05","guid":{"rendered":"https:\/\/www.diarioimagen.net\/?p=393776"},"modified":"2018-09-07T08:20:11","modified_gmt":"2018-09-07T13:20:11","slug":"sprint-de-tultepec-con-30-mdp-mas-en-infraestructura-educativa-y-vialidades","status":"publish","type":"post","link":"https:\/\/www.diarioimagen.net\/?p=393776","title":{"rendered":"Sprint de Tultepec, con 30 mdp m\u00e1s en infraestructura educativa y vialidades"},"content":{"rendered":"<ul>\n<li><strong><em>La administraci\u00f3n de Armando Portuguez ya se va<\/em><\/strong><\/li>\n<\/ul>\n<p>&nbsp;<\/p>\n<div id=\"attachment_393866\" style=\"width: 470px\" class=\"wp-caption aligncenter\"><a href=\"https:\/\/www.diarioimagen.net\/?attachment_id=393866\" rel=\"attachment wp-att-393866\"><img loading=\"lazy\" decoding=\"async\" aria-describedby=\"caption-attachment-393866\" class=\"size-large wp-image-393866\" src=\"https:\/\/www.diarioimagen.net\/wp-content\/uploads\/2018\/09\/TULTEPEC-3450-460x259.jpg\" alt=\"\" width=\"460\" height=\"259\" srcset=\"https:\/\/www.diarioimagen.net\/wp-content\/uploads\/2018\/09\/TULTEPEC-3450-460x259.jpg 460w, https:\/\/www.diarioimagen.net\/wp-content\/uploads\/2018\/09\/TULTEPEC-3450-240x135.jpg 240w, https:\/\/www.diarioimagen.net\/wp-content\/uploads\/2018\/09\/TULTEPEC-3450-235x132.jpg 235w, https:\/\/www.diarioimagen.net\/wp-content\/uploads\/2018\/09\/TULTEPEC-3450-202x114.jpg 202w, https:\/\/www.diarioimagen.net\/wp-content\/uploads\/2018\/09\/TULTEPEC-3450-350x196.jpg 350w, https:\/\/www.diarioimagen.net\/wp-content\/uploads\/2018\/09\/TULTEPEC-3450-220x123.jpg 220w, https:\/\/www.diarioimagen.net\/wp-content\/uploads\/2018\/09\/TULTEPEC-3450-237x132.jpg 237w, https:\/\/www.diarioimagen.net\/wp-content\/uploads\/2018\/09\/TULTEPEC-3450.jpg 480w\" sizes=\"auto, (max-width: 460px) 100vw, 460px\" \/><\/a><p id=\"caption-attachment-393866\" class=\"wp-caption-text\">Entre las calles en proceso de pavimentaci\u00f3n con concreto hidr\u00e1ulico, destaca la conclusi\u00f3n de la Avenida Doctores, la calle Matamoros en la colonia 10 de Junio y El Arenal.<\/p><\/div>\n<p>&nbsp;<\/p>\n<p><strong>Tultepec, Estado de M\u00e9xico<\/strong>.- Con importantes obras\u00a0de pavimentaci\u00f3n de vialidades y el mejoramiento de la infraestructura urbana, el gobierno que preside Armando Portuguez Fuentes refrenda su compromiso de generar mejores condiciones de vida\u00a0para\u00a0los tultepequenses, sin distinci\u00f3n de credos o filiaciones pol\u00edticas.<\/p>\n<p>Es por esto que el ayuntamiento de Tultepec, a trav\u00e9s de la direcci\u00f3n de\u00a0obras\u00a0p\u00fablicas realiza diversos trabajos de afectaci\u00f3n en predios de calles como Benito Ju\u00e1rez e Ignacio Ram\u00edrez, Jos\u00e9 de los Reyes, entre otras,\u00a0para\u00a0que los tultepequenses tengan vialidades m\u00e1s amplias y mejor comunicadas.<\/p>\n<p>\u00d3scar Ram\u00edrez Peralta, director de\u00a0Obras\u00a0P\u00fablicas, inform\u00f3 que sumado a la continuaci\u00f3n de pavimentaci\u00f3n con concreto hidr\u00e1ulico de calles en varias comunidades de todo el municipio, se realizan trabajos de alineamiento y mejoramiento de fachadas en por lo menos 12 propiedades.<\/p>\n<p>Precis\u00f3 que entre las calles en proceso de pavimentaci\u00f3n con concreto hidr\u00e1ulico, destaca la conclusi\u00f3n de la Avenida Doctores, la calle Matamoros en la colonia 10 de Junio y El Arenal.\u00a0\u00a0La Cuarta Avenida, de Joaqu\u00edn Montenegro a Javier Mina, la calle Ley Ju\u00e1rez, Cerrada 2 de Marzo, Lerdo de Tejada, Luz Corona, Jos\u00e9 de los Reyes y 2da. Cerrada de 5 de Mayo, en el barrio de San Martin.<\/p>\n<p>Adem\u00e1s, est\u00e1n por concluir los tramos faltantes de pavimento de las calles Maclovio Herrera, La Central y Villanueva; en el Barrio de San Juan. La calle Monte Alb\u00e1n, en las adoberas, as\u00ed como las guarniciones y banquetas de la calle Calicanto.<\/p>\n<p>El titular de\u00a0Obras\u00a0P\u00fablicas inform\u00f3 que una vez celebradas las fiestas patrias, se retomar\u00e1n los trabajos de Repavimentaci\u00f3n de la calle Nezahualc\u00f3yotl, en su tramo de 16 de septiembre a calle Nicol\u00e1s Bravo, en el primer cuadro.<\/p>\n<p>\u201cEsta\u00a0obra\u00a0complementa la\u00a0obra\u00a0iniciada con la repavimentaci\u00f3n de la Calle Benito Ju\u00e1rez, en el tramo de Venustiano Carranza a 16 de septiembre, la cual cambi\u00f3 radicalmente y presenta una mejor imagen urbana, al ser repavimentada con concreto hidr\u00e1ulico y ahora con mayor amplitud, gracias a los trabajos de alineamiento y remozamiento de fachadas en varias propiedades,\u201d dijo.<\/p>\n<p>El funcionario se\u00f1al\u00f3 adem\u00e1s que se realizar\u00e1n trabajos de pavimentaci\u00f3n de la calle Prolongaci\u00f3n Vicente Guerrero, en el tramo de Benito Ju\u00e1rez al acceso principal del Pante\u00f3n Municipal ubicado en el barrio de San Martin, lo que sin duda permitir\u00e1 un importante atajo a la entrada y salida al camposanto.<\/p>\n<p>Esta calle tendr\u00e1 una longitud de 95 metros por un ancho de 5.50, as\u00ed como guarniciones, banquetas, drenaje y l\u00ednea de agua; con una inversi\u00f3n aproximada de 650 mil pesos, lo que permitir\u00e1 la comunicaci\u00f3n peatonal y vehicular con las calles antes mencionadas, dado que hasta ahora permanece como una calle cerrada.<\/p>\n","protected":false},"excerpt":{"rendered":"<p>Con importantes obras de pavimentaci\u00f3n de vialidades y el mejoramiento de la infraestructura urbana, el gobierno que preside Armando Portuguez Fuentes refrenda su compromiso de generar mejores condiciones de vida para los tultepequenses, sin distinci\u00f3n de credos o filiaciones pol\u00edticas.<\/p>\n","protected":false},"author":3,"featured_media":393866,"comment_status":"open","ping_status":"open","sticky":false,"template":"","format":"standard","meta":{"_monsterinsights_skip_tracking":false,"_monsterinsights_sitenote_active":false,"_monsterinsights_sitenote_note":"","_monsterinsights_sitenote_category":0,"footnotes":""},"categories":[35155],"tags":[43675,3802,71465],"class_list":["post-393776","post","type-post","status-publish","format-standard","has-post-thumbnail","hentry","category-estado-de-mexico-estado-de-mexico","tag-estado-de-mexico","tag-tultepec","tag-vialidades"],"_links":{"self":[{"href":"https:\/\/www.diarioimagen.net\/index.php?rest_route=\/wp\/v2\/posts\/393776","targetHints":{"allow":["GET"]}}],"collection":[{"href":"https:\/\/www.diarioimagen.net\/index.php?rest_route=\/wp\/v2\/posts"}],"about":[{"href":"https:\/\/www.diarioimagen.net\/index.php?rest_route=\/wp\/v2\/types\/post"}],"author":[{"embeddable":true,"href":"https:\/\/www.diarioimagen.net\/index.php?rest_route=\/wp\/v2\/users\/3"}],"replies":[{"embeddable":true,"href":"https:\/\/www.diarioimagen.net\/index.php?rest_route=%2Fwp%2Fv2%2Fcomments&post=393776"}],"version-history":[{"count":0,"href":"https:\/\/www.diarioimagen.net\/index.php?rest_route=\/wp\/v2\/posts\/393776\/revisions"}],"wp:featuredmedia":[{"embeddable":true,"href":"https:\/\/www.diarioimagen.net\/index.php?rest_route=\/wp\/v2\/media\/393866"}],"wp:attachment":[{"href":"https:\/\/www.diarioimagen.net\/index.php?rest_route=%2Fwp%2Fv2%2Fmedia&parent=393776"}],"wp:term":[{"taxonomy":"category","embeddable":true,"href":"https:\/\/www.diarioimagen.net\/index.php?rest_route=%2Fwp%2Fv2%2Fcategories&post=393776"},{"taxonomy":"post_tag","embeddable":true,"href":"https:\/\/www.diarioimagen.net\/index.php?rest_route=%2Fwp%2Fv2%2Ftags&post=393776"}],"curies":[{"name":"wp","href":"https:\/\/api.w.org\/{rel}","templated":true}]}}