{"id":393778,"date":"2018-09-07T00:01:55","date_gmt":"2018-09-07T05:01:55","guid":{"rendered":"https:\/\/www.diarioimagen.net\/?p=393778"},"modified":"2018-09-07T08:08:26","modified_gmt":"2018-09-07T13:08:26","slug":"danny-hughes-es-el-nuevo-vicepresidente-ejecutivo-y-presidente-para-el-continente-americano-de-la-cadena-hotelera-hilton","status":"publish","type":"post","link":"https:\/\/www.diarioimagen.net\/?p=393778","title":{"rendered":"Danny Hughes es el nuevo vicepresidente ejecutivo y presidente para el continente americano de la cadena hotelera <em>Hilton<\/em>"},"content":{"rendered":"<h2>De cinco estrellas<\/h2>\n<h5>Victoria Gonz\u00e1lez Prado<\/h5>\n<p>&nbsp;<\/p>\n<ul>\n<li><em><strong>Los viajes y la moda son una combinaci\u00f3n perfecta, y a los mexicanos nos gusta viajar y gastar en ese rubro: <\/strong><\/em><strong>Booking.com<\/strong><\/li>\n<li><em><strong>Asia-Pac\u00edfico, regi\u00f3n que presentar\u00e1 la mayor demanda de profesionales de aviaci\u00f3n civil a nivel mundial en los pr\u00f3ximos 20 a\u00f1os, asegur\u00f3 <\/strong><\/em><strong>Boeing<\/strong><\/li>\n<\/ul>\n<p><strong>\u00a0<\/strong><\/p>\n<p>&nbsp;<\/p>\n<div id=\"attachment_393850\" style=\"width: 310px\" class=\"wp-caption alignleft\"><a href=\"https:\/\/www.diarioimagen.net\/?attachment_id=393850\" rel=\"attachment wp-att-393850\"><img loading=\"lazy\" decoding=\"async\" aria-describedby=\"caption-attachment-393850\" class=\" wp-image-393850\" src=\"https:\/\/www.diarioimagen.net\/wp-content\/uploads\/2018\/09\/turismo-3450-307x460.jpg\" alt=\"\" width=\"300\" height=\"450\" srcset=\"https:\/\/www.diarioimagen.net\/wp-content\/uploads\/2018\/09\/turismo-3450-307x460.jpg 307w, https:\/\/www.diarioimagen.net\/wp-content\/uploads\/2018\/09\/turismo-3450-160x240.jpg 160w, https:\/\/www.diarioimagen.net\/wp-content\/uploads\/2018\/09\/turismo-3450.jpg 467w\" sizes=\"auto, (max-width: 300px) 100vw, 300px\" \/><\/a><p id=\"caption-attachment-393850\" class=\"wp-caption-text\">Danny Hughes.<\/p><\/div>\n<p><strong>Danny Hughes<\/strong> es el nuevo vicepresidente ejecutivo y presidente para el continente americano para <em>Hilton. <\/em><strong>Hughes<\/strong> supervisar\u00e1 los intereses de la compa\u00f1\u00eda en Am\u00e9rica del Norte, Am\u00e9rica Central y Am\u00e9rica del Sur, con especial enfoque en mejorar la cartera gestionada.<\/p>\n<p><strong>Christopher J. Nassetta<\/strong>, presidente y CEO de <em>Hilton<\/em> asegur\u00f3: \u201c<strong>Danny<\/strong> es un veterano con 30 a\u00f1os de experiencia en la cadena y en la industria hotelera, con conocimiento profesional desarrollado en roles de propiedades, operaciones y liderazgo comercial. Es un l\u00edder comercial astuto y un defensor permanente de nuestros hu\u00e9spedes, miembros de equipo y propietarios. La trayectoria exitosa de <strong>Danny<\/strong> en cuanto a encontrar y captar oportunidades de crecimiento es un motivo clave para su ascenso al rol de liderazgo en la regi\u00f3n\u201d.<\/p>\n<p>Desde 2014, <strong>Hughes<\/strong> encabez\u00f3 la gerencia de ingresos y el equipo de ventas de la marca como vicepresidente ejecutivo y director comercial en el continente americano. En este rol regional, dirigi\u00f3 a m\u00e1s de 4 mil miembros de equipo y contribuy\u00f3 al crecimiento de la cartera de 14 marcas l\u00edderes en la industria. Fue fundamental para fortalecer las estrategias de ingresos y distribuci\u00f3n de la compa\u00f1\u00eda y, al mismo tiempo, se concentr\u00f3 en la creaci\u00f3n de experiencias destacadas para los hu\u00e9spedes. <strong>Hughes<\/strong> se desempe\u00f1\u00f3 previamente como vicepresidente senior para Latinoam\u00e9rica y el Caribe, donde en sociedad con nuestros diversos grupos de propietarios, fue responsable de ampliar nuestra cartera de una marca a nueve marcas en 25 pa\u00edses y territorios.<\/p>\n<p>En su oportunidad <strong>Hughes <\/strong>indic\u00f3: \u201cme siento honrado de formar parte del Comit\u00e9 Ejecutivo de la compa\u00f1\u00eda m\u00e1s hospitalaria del mundo. La nuestra es una regi\u00f3n con oportunidades hoteleras tanto en los mercados tur\u00edsticos establecidos como en desarrollo. Me concentrar\u00e9 en mantener nuestra posici\u00f3n como uno de los mejores lugares de trabajo en el mundo y en ser la primera opci\u00f3n de hoteler\u00eda para nuestros hu\u00e9spedes\u201d.<\/p>\n<p><strong>Hughes<\/strong> reportar\u00e1 al presidente y director ejecutivo <strong>Christopher J. Nassetta<\/strong>, y seguir\u00e1 trabajando desde las oficinas centrales globales de la compa\u00f1\u00eda en McLean (Virginia).<\/p>\n<p>\u2730\u2730\u2730\u2730\u2730 M\u00e1s de la mitad de los viajeros mexicanos (55 por ciento) lo saben, al afirmar que lucir bien o \u201ca la moda\u201d durante sus vacaciones es muy importante, y el 23 por ciento prefiere designar presupuesto de su viaje en ropa que, en actividades, siendo la nacionalidad en Latinoam\u00e9rica que m\u00e1s se preocupa por su guardarropa vacacional, seguido por Brasil (22 por ciento), Colombia (16 por ciento) y Argentina (14 por ciento).<\/p>\n<p>Booking.com empresa que ofrece oferta de alojamientos realiz\u00f3 el estudio -se realiz\u00f3 entre el 18 de junio y el 16 de julio de 2018-, con m\u00e1s de 21 mil 500 viajeros de 29 pa\u00edses, incluyendo M\u00e9xico, donde revela c\u00f3mo la moda influye en los viajes, en nuestro autoestima y seguridad propia, y c\u00f3mo nuevos horizontes influyen en nuestro estilo personal.<\/p>\n<p>Ya sea un estilo funcional o algo m\u00e1s elegante, la ropa que empaca juega un rol esencial en las vacaciones de los mexicanos, desde el momento en que empieza a planificar, hasta cuando regresa de su destino.<\/p>\n<p>Las vacaciones son el momento ideal para alejarse de las preocupaciones y explorar nuevos aires; se escapa y se adentra en un entorno nuevo. No es de extra\u00f1ar que a los viajeros mexicanos les emocione planificar sus viajes desde el guardarropa ya que el 78 por ciento se preocupa de su apariencia en el d\u00eda a d\u00eda y el 43 por ciento afirma estar siguiendo las \u00faltimas tendencias.<\/p>\n<p>Pero, M\u00e9xico es de los pa\u00edses m\u00e1s<em> fashionistas,<\/em> es destacable que dos de cada cinco mexicanos se sienten m\u00e1s seguros de s\u00ed mismos y su apariencia cuando est\u00e1n fuera que en casa. De hecho, tres de cada 10 declaran que su guardarropa de viaje es su arma secreta para optimizar su autoestima durante sus vacaciones, incluso supera el hecho de que se encuentran en un entorno donde nadie los conoce. Dicho esto, el 53 por ciento planea tomarse muchas fotos para destacar sus atuendos y luego compartirlas en redes sociales.<\/p>\n<p>Antes de partir a un viaje, hay que encargarse del estresante momento de la preparaci\u00f3n: investigar acerca del clima local, planificar de acuerdo con la agenda y los eventos que atender\u00e1s y finalmente empacar. Pero para algunos mexicanos la fuente de inspiraci\u00f3n est\u00e1 en todo lo que los rodea, por lo que el proceso puede ser muy divertido.<\/p>\n<p>Al planificar el vestuario para el viaje, los mexicanos buscan inspiraci\u00f3n en amigos (57 por ciento), familiares (53 por ciento), programas de televisi\u00f3n (40 por ciento) y en influencers de moda (41 por ciento) para sacar ideas y lucir su m\u00e1ximo. Tambi\u00e9n se dejan influenciar una vez que llegan a su destino, principalmente por la variedad y moda de las tiendas locales y mercados (54 por ciento) y tendencias en la cultura local (46 por ciento), lo que evoluciona su <em>look <\/em>durante toda su visita.<\/p>\n<p>Y la transformaci\u00f3n no acaba ah\u00ed, al regresar siete de cada 10 viajeros mexicanos se inspiran a cambiar o actualizar su estilo personal.<\/p>\n<p>Cuando se trata de moda, los mexicanos no tienen miedo de salir de su zona de confort, especialmente cuando se encuentran de vacaciones. Uno de cada tres viajeros mexicanos afirma que sus <em>outfits <\/em>viajeros presentan colores m\u00e1s llamativos que los de su vestimenta habitual, e interesantemente, es cuando m\u00e1s sombreros de ala ancha y prendas rabonas salen a la luz, ya que el 43 por ciento de los mexicanos confiesan que llevar\u00edan estos <em>looks<\/em> s\u00f3lo cuando est\u00e1n de viaje y nunca en casa. Adem\u00e1s, los mexicanos son la nacionalidad en la regi\u00f3n a la que le importa m\u00e1s destacar dentro de su grupo de acompa\u00f1antes viajeros (35 por ciento), seguida por los brasile\u00f1os y colombianos (30 por ciento).<\/p>\n<p>\u2730\u2730\u2730\u2730\u2730 Asia-Pac\u00edfico ser\u00e1 la regi\u00f3n que presentar\u00e1 la mayor demanda de profesionales de aviaci\u00f3n civil a nivel mundial en los pr\u00f3ximos 20 a\u00f1os, asegur\u00f3 <em>Boeing.<\/em> La compa\u00f1\u00eda indica que esta regi\u00f3n demande el 33 por ciento de la necesidad mundial de pilotos, el 34 por ciento para los t\u00e9cnicos de mantenimiento y el 36 por ciento para la\u00a0tripulaci\u00f3n de cabina.<\/p>\n<p>De acuerdo con las perspectivas, se requerir\u00e1n un total de 261 mil pilotos, 257 mil t\u00e9cnicos y 321 mil tripulantes de cabina.<\/p>\n<p>Al igual que la demanda de personal, la regi\u00f3n Asia-Pac\u00edfico lidera la demanda de nuevas entregas de aviones comerciales para los pr\u00f3ximos 20 a\u00f1os, o sea el 40 por ciento de las nuevas entregas ser\u00e1n para aerol\u00edneas en la regi\u00f3n.<\/p>\n<p><em><a href=\"mailto:victoriagprado@gmail.com\" target=\"_blank\" rel=\"noopener\">victoriagprado@gmail.com<\/a><\/em><br \/>\n<em> Twitter: <a href=\"https:\/\/twitter.com\/victoriagprado\" target=\"_blank\" rel=\"noopener\">@victoriagprado<\/a><\/em><\/p>\n","protected":false},"excerpt":{"rendered":"<p><strong>Danny Hughes<\/strong> es el nuevo vicepresidente ejecutivo y presidente para el continente americano para <em>Hilton. <\/em><strong>Hughes<\/strong> supervisar\u00e1 los intereses de la compa\u00f1\u00eda en Am\u00e9rica del Norte, Am\u00e9rica Central y Am\u00e9rica del Sur, con especial enfoque en mejorar la cartera gestionada.<\/p>\n","protected":false},"author":3,"featured_media":393851,"comment_status":"open","ping_status":"open","sticky":false,"template":"","format":"standard","meta":{"_monsterinsights_skip_tracking":false,"_monsterinsights_sitenote_active":false,"_monsterinsights_sitenote_note":"","_monsterinsights_sitenote_category":0,"footnotes":""},"categories":[11],"tags":[107,43674,43681,106],"class_list":["post-393778","post","type-post","status-publish","format-standard","has-post-thumbnail","hentry","category-turismo","tag-de-cinco-estrellas","tag-opinion","tag-turismo","tag-victoria-gonzalez-prado"],"_links":{"self":[{"href":"https:\/\/www.diarioimagen.net\/index.php?rest_route=\/wp\/v2\/posts\/393778","targetHints":{"allow":["GET"]}}],"collection":[{"href":"https:\/\/www.diarioimagen.net\/index.php?rest_route=\/wp\/v2\/posts"}],"about":[{"href":"https:\/\/www.diarioimagen.net\/index.php?rest_route=\/wp\/v2\/types\/post"}],"author":[{"embeddable":true,"href":"https:\/\/www.diarioimagen.net\/index.php?rest_route=\/wp\/v2\/users\/3"}],"replies":[{"embeddable":true,"href":"https:\/\/www.diarioimagen.net\/index.php?rest_route=%2Fwp%2Fv2%2Fcomments&post=393778"}],"version-history":[{"count":0,"href":"https:\/\/www.diarioimagen.net\/index.php?rest_route=\/wp\/v2\/posts\/393778\/revisions"}],"wp:featuredmedia":[{"embeddable":true,"href":"https:\/\/www.diarioimagen.net\/index.php?rest_route=\/wp\/v2\/media\/393851"}],"wp:attachment":[{"href":"https:\/\/www.diarioimagen.net\/index.php?rest_route=%2Fwp%2Fv2%2Fmedia&parent=393778"}],"wp:term":[{"taxonomy":"category","embeddable":true,"href":"https:\/\/www.diarioimagen.net\/index.php?rest_route=%2Fwp%2Fv2%2Fcategories&post=393778"},{"taxonomy":"post_tag","embeddable":true,"href":"https:\/\/www.diarioimagen.net\/index.php?rest_route=%2Fwp%2Fv2%2Ftags&post=393778"}],"curies":[{"name":"wp","href":"https:\/\/api.w.org\/{rel}","templated":true}]}}