{"id":393895,"date":"2018-09-10T00:11:28","date_gmt":"2018-09-10T05:11:28","guid":{"rendered":"https:\/\/www.diarioimagen.net\/?p=393895"},"modified":"2018-09-10T07:22:25","modified_gmt":"2018-09-10T12:22:25","slug":"reconoce-gobierno-del-edomex-a-la-mujer-indigena","status":"publish","type":"post","link":"https:\/\/www.diarioimagen.net\/?p=393895","title":{"rendered":"Reconoce gobierno del Edomex a la mujer ind\u00edgena"},"content":{"rendered":"<h2>Arco Norte<\/h2>\n<h5>Jos\u00e9 Luis Monta\u00f1ez Aguilar<\/h5>\n<p>&nbsp;<\/p>\n<div id=\"attachment_393896\" style=\"width: 430px\" class=\"wp-caption aligncenter\"><img loading=\"lazy\" decoding=\"async\" aria-describedby=\"caption-attachment-393896\" class=\"wp-image-393896\" src=\"https:\/\/www.diarioimagen.net\/wp-content\/uploads\/2018\/09\/INDIGENAS10-poortal-307x460.jpg\" alt=\"\" width=\"420\" height=\"630\" srcset=\"https:\/\/www.diarioimagen.net\/wp-content\/uploads\/2018\/09\/INDIGENAS10-poortal-307x460.jpg 307w, https:\/\/www.diarioimagen.net\/wp-content\/uploads\/2018\/09\/INDIGENAS10-poortal-160x240.jpg 160w, https:\/\/www.diarioimagen.net\/wp-content\/uploads\/2018\/09\/INDIGENAS10-poortal.jpg 700w\" sizes=\"auto, (max-width: 420px) 100vw, 420px\" \/><p id=\"caption-attachment-393896\" class=\"wp-caption-text\">Entregan apoyos del programa Familias Fuertes: Desarrollo integral ind\u00edgena, en sus vertientes social y productiva, as\u00ed como canastas alimentarias de Ni\u00f1ez Ind\u00edgena.<\/p><\/div>\n<p>&nbsp;<\/p>\n<p>&nbsp;<\/p>\n<p>\u201cLa mujer ind\u00edgena tiene un papel protag\u00f3nico en la pol\u00edtica social que el gobierno del Estado de M\u00e9xico impulsa para el desarrollo integral de sus pueblos originarios\u201d, afirm\u00f3 Eric Sevilla Montes de Oca, secretario de Desarrollo Social, en el Marco del D\u00eda Internacional de la Mujer Ind\u00edgena.<\/p>\n<p>Al entregar apoyos del programa Familias Fuertes: Desarrollo integral ind\u00edgena, en sus vertientes social y productiva, as\u00ed como canastas alimentarias de ni\u00f1ez ind\u00edgena para beneficiarios de 11 comunidades de este municipio, destac\u00f3 que a trav\u00e9s de la inclusi\u00f3n y empoderamiento de las m\u00e1s de 222 mil mujeres que habitan en el territorio estatal, es como mejor se promueve y potencializa la cultura y tradiciones que nos dan identidad.<\/p>\n<p>Asimismo, sostuvo que, para este a\u00f1o, m\u00e1s del 70 por ciento de los 80 proyectos productivos que el gobierno impulsa, a trav\u00e9s del Consejo Estatal para el Desarrollo Integral de los Pueblos Ind\u00edgenas del Estado de M\u00e9xico (CEDIPIEM), son encabezados por jefas de familia.<\/p>\n<p>Resalt\u00f3 que 33 de los 40 Comit\u00e9s de Obra del Programa de Infraestructura Ind\u00edgena son encabezados por mujeres, mientras que poco m\u00e1s de la mitad de los beneficiarios del Programa de Ni\u00f1ez Ind\u00edgena son peque\u00f1as de los tres a 15 a\u00f1os de edad.<\/p>\n<p>El gobernador Alfredo Del Mazo, ya se comprometi\u00f3 a que al t\u00e9rmino de su administraci\u00f3n 20 mil ni\u00f1as y ni\u00f1os ind\u00edgenas sean beneficiarios de este programa.<\/p>\n<p style=\"text-align: center;\"><strong>Triplican apoyos que dan certeza jur\u00eddica al patrimonio de mexiquenses<\/strong><\/p>\n<p>Son m\u00e1s de 19 mil t\u00edtulos de propiedad y de posesi\u00f3n los que la Secretar\u00eda de Desarrollo Urbano y Metropolitano (Seduym), a trav\u00e9s del Imevis, ha entregado en el primer a\u00f1o de la actual administraci\u00f3n a los mexiquenses de la entidad.<\/p>\n<p>Esto para que cuenten con la certeza jur\u00eddica de su patrimonio, lo que les va a permitir acceder a cr\u00e9ditos hipotecarios y a m\u00e1s servicios que les ayudar\u00e1n a mejorar su calidad de vida, como electricidad o drenaje.<\/p>\n<p>El programa de regularizaci\u00f3n en sus diferentes modalidades, representa un considerable ahorro para los beneficiarios, gracias al subsidio que otorga el gobierno del Estado de M\u00e9xico, esto ha permitido que m\u00e1s mexiquenses tengan la posibilidad de obtener su t\u00edtulo de propiedad o posesi\u00f3n, dando certeza jur\u00eddica a su patrimonio.<\/p>\n<p><em><a href=\"mailto:montanezaguilar@gmail.com\" target=\"_blank\" rel=\"noopener\">montanezaguilar@gmail.com<\/a><\/em><\/p>\n","protected":false},"excerpt":{"rendered":"<p><span style=\"color: #005497;\">Jos\u00e9 Luis Monta\u00f1ez Aguilar<\/span><br \/>\n<br \/>\n\u201cLa mujer ind\u00edgena tiene un papel protag\u00f3nico en la pol\u00edtica social que el Gobierno del Estado de M\u00e9xico impulsa para el desarrollo integral de sus pueblos originarios\u201d, afirm\u00f3 Eric Sevilla Montes<\/p>\n","protected":false},"author":5,"featured_media":393897,"comment_status":"open","ping_status":"open","sticky":false,"template":"","format":"standard","meta":{"_monsterinsights_skip_tracking":false,"_monsterinsights_sitenote_active":false,"_monsterinsights_sitenote_note":"","_monsterinsights_sitenote_category":0,"footnotes":""},"categories":[5],"tags":[13284,78002,66232,43704,78000,43674,77999,78001],"class_list":["post-393895","post","type-post","status-publish","format-standard","has-post-thumbnail","hentry","category-estado-de-mexico","tag-arco-norte","tag-en-el-marco-del-dia-internacional-de-la-mujer-indigena","tag-eric-sevilla-montes-de-oca","tag-jose-luis-montanez-aguilar","tag-mujer-indigena","tag-opinion","tag-reconoce-gobierno","tag-secretario-de-desarrollo-social"],"_links":{"self":[{"href":"https:\/\/www.diarioimagen.net\/index.php?rest_route=\/wp\/v2\/posts\/393895","targetHints":{"allow":["GET"]}}],"collection":[{"href":"https:\/\/www.diarioimagen.net\/index.php?rest_route=\/wp\/v2\/posts"}],"about":[{"href":"https:\/\/www.diarioimagen.net\/index.php?rest_route=\/wp\/v2\/types\/post"}],"author":[{"embeddable":true,"href":"https:\/\/www.diarioimagen.net\/index.php?rest_route=\/wp\/v2\/users\/5"}],"replies":[{"embeddable":true,"href":"https:\/\/www.diarioimagen.net\/index.php?rest_route=%2Fwp%2Fv2%2Fcomments&post=393895"}],"version-history":[{"count":0,"href":"https:\/\/www.diarioimagen.net\/index.php?rest_route=\/wp\/v2\/posts\/393895\/revisions"}],"wp:featuredmedia":[{"embeddable":true,"href":"https:\/\/www.diarioimagen.net\/index.php?rest_route=\/wp\/v2\/media\/393897"}],"wp:attachment":[{"href":"https:\/\/www.diarioimagen.net\/index.php?rest_route=%2Fwp%2Fv2%2Fmedia&parent=393895"}],"wp:term":[{"taxonomy":"category","embeddable":true,"href":"https:\/\/www.diarioimagen.net\/index.php?rest_route=%2Fwp%2Fv2%2Fcategories&post=393895"},{"taxonomy":"post_tag","embeddable":true,"href":"https:\/\/www.diarioimagen.net\/index.php?rest_route=%2Fwp%2Fv2%2Ftags&post=393895"}],"curies":[{"name":"wp","href":"https:\/\/api.w.org\/{rel}","templated":true}]}}