{"id":393945,"date":"2018-09-10T00:08:17","date_gmt":"2018-09-10T05:08:17","guid":{"rendered":"https:\/\/www.diarioimagen.net\/?p=393945"},"modified":"2018-09-11T01:16:16","modified_gmt":"2018-09-11T06:16:16","slug":"congreso-pondra-limite-a-viajes-internacionales","status":"publish","type":"post","link":"https:\/\/www.diarioimagen.net\/?p=393945","title":{"rendered":"Congreso pondr\u00e1 l\u00edmite a viajes internacionales"},"content":{"rendered":"<ul>\n<li><strong><em>Austeridad en c\u00e1maras de Senadores y Diputados<\/em><\/strong><\/li>\n<\/ul>\n<p>&nbsp;<\/p>\n<div id=\"attachment_394029\" style=\"width: 470px\" class=\"wp-caption aligncenter\"><a href=\"https:\/\/www.diarioimagen.net\/?attachment_id=394029\" rel=\"attachment wp-att-394029\"><img loading=\"lazy\" decoding=\"async\" aria-describedby=\"caption-attachment-394029\" class=\"size-large wp-image-394029\" src=\"https:\/\/www.diarioimagen.net\/wp-content\/uploads\/2018\/09\/VIAJES-3461-460x259.jpg\" alt=\"\" width=\"460\" height=\"259\" srcset=\"https:\/\/www.diarioimagen.net\/wp-content\/uploads\/2018\/09\/VIAJES-3461-460x259.jpg 460w, https:\/\/www.diarioimagen.net\/wp-content\/uploads\/2018\/09\/VIAJES-3461-240x135.jpg 240w, https:\/\/www.diarioimagen.net\/wp-content\/uploads\/2018\/09\/VIAJES-3461-235x132.jpg 235w, https:\/\/www.diarioimagen.net\/wp-content\/uploads\/2018\/09\/VIAJES-3461-202x114.jpg 202w, https:\/\/www.diarioimagen.net\/wp-content\/uploads\/2018\/09\/VIAJES-3461-350x196.jpg 350w, https:\/\/www.diarioimagen.net\/wp-content\/uploads\/2018\/09\/VIAJES-3461-220x123.jpg 220w, https:\/\/www.diarioimagen.net\/wp-content\/uploads\/2018\/09\/VIAJES-3461-237x132.jpg 237w, https:\/\/www.diarioimagen.net\/wp-content\/uploads\/2018\/09\/VIAJES-3461.jpg 480w\" sizes=\"auto, (max-width: 460px) 100vw, 460px\" \/><\/a><p id=\"caption-attachment-394029\" class=\"wp-caption-text\">Por austeridad, Ricardo Monreal anunci\u00f3 que por primera vez el Senado pondr\u00e1 l\u00edmites a los viajes internacionales de los 128 senadores.<\/p><\/div>\n<p>&nbsp;<\/p>\n<p>El presidente de la Junta de Coordinaci\u00f3n Pol\u00edtica, Ricardo Monreal, indic\u00f3 que plantear\u00e1n no asistir a los seis foros internacionales de septiembre, propuso seguirlos por medios digitales o teleconferencias.<\/p>\n<p>Por primera vez, el Senado pondr\u00e1 l\u00edmites a los viajes internacionales de los 128 senadores. El presidente de la Junta de Coordinaci\u00f3n Pol\u00edtica del Senado, Ricardo Monreal (Morena) inform\u00f3 que como parte del plan de austeridad su bancada plantear\u00e1 a las otras fuerzas pol\u00edticas no asistir a foros internacionales programados para el mes de septiembre.<\/p>\n<p>Por medio de Twitter, Monreal \u00c1vila explic\u00f3 que ese planteamiento llevar\u00e1 a los integrantes de la Junta de Coordinaci\u00f3n Pol\u00edtica y que los legisladores podr\u00e1n dar seguimiento a dichos foros por los medios digitales o teleconferencias.<\/p>\n<p>Para este mes el Senado tiene programados seis foros internacionales como la 15 Asamblea Plenaria de ParlAm\u00e9ricas, en Victoria Canad\u00e1; la cuarta reuni\u00f3n de Presidentes de Parlamento de Micta en Ubud, Bali, Indonesia. Adem\u00e1s de la Asamblea Parlamentaria Euro-Latinoamericana (EURO-LAT) en Viena, Austria.<\/p>\n<p style=\"text-align: center;\"><strong>C\u00e1mara baja tambi\u00e9n\u00a0<\/strong><strong>suspende viajes por austeridad<\/strong><\/p>\n<p>Por su parte, el presidente de la Junta de Coordinaci\u00f3n Pol\u00edtica de la C\u00e1mara de Diputados (Jucopo), Mario Delgado, de Morena, anunci\u00f3 que se cancelar\u00e1n los viajes internacionales de legisladores a Canad\u00e1 y Bali, a eventos internacionales, como una de las primeras medidas de austeridad.<\/p>\n<p>Delgado dijo que la C\u00e1mara de Diputados no enviar\u00e1 representantes a la 15 Asamblea Plenaria del ParlAmericas, la cual se llevar\u00e1 a cabo del 9 al 12 de septiembre en Canad\u00e1, ni al Foro Parlamentario Mundial sobre Desarrollo Sustentable en la Isla de Bali, a realizarse el 12 y 13 de este mes.<\/p>\n<p>Adem\u00e1s, el morenista inform\u00f3 que como una de las primeras medidas de austeridad que adoptar\u00e1 esta Legislatura se revisar\u00e1n los viajes internacionales de esta soberan\u00eda.<\/p>\n<p>El coordinador parlamentario de Morena destac\u00f3 que existe un compromiso de los diputados integrantes de la 64 Legislatura de conducirse bajo un serio esquema de austeridad que incluye, entre otras cosas, reducir los viajes y vi\u00e1ticos al m\u00ednimo.<\/p>\n<p>A pesar de todas las medidas de austeridad por las que atravesaba la administraci\u00f3n p\u00fablica federal, los diputados de la anterior Legislatura mantuvieron sus viajes por el mundo para asistir a diversas reuniones internacionales, y en 17 meses gastaron m\u00e1s de 30 millones de pesos para cubrir los boletos de avi\u00f3n y vi\u00e1ticos.<\/p>\n<p>Seg\u00fan la relaci\u00f3n de viajes del 1 de septiembre de 2015 (cuando inici\u00f3 la 63 Legislatura) al pasado 1 de febrero de 2017, los legisladores han realizado 277 viajes internacionales a distintos pa\u00edses de cuatro distintos continentes: Am\u00e9rica, Europa, \u00c1frica y Asia.<\/p>\n<p>Entre los principales destinos a los que viajaron los diputados mexicanos est\u00e1n: Par\u00eds, Francia; Estrasburgo, Francia; Vancuver, Canad\u00e1; Londres, Inglaterra; Nueva York, Estados Unidos; Lusaka, Zambia; Tokio, Jap\u00f3n; Aman, Jordania; Dub\u00e1i y Abu Dhabi, Emiratos \u00c1rabes; Lisboa, Portugal, y Argel, Argelia.<\/p>\n<p>Sin embargo, en la actual 64 Legislatura se determin\u00f3 la austeridad, por eso, Mario Delgado manifest\u00f3 el agradecimiento y honor que representa la invitaci\u00f3n de las representaciones internacionales al Congreso de la Uni\u00f3n mexicano para asistir a estos eventos y ofreci\u00f3 mantener un di\u00e1logo abierto con sus pares en otros pa\u00edses en aras de intercambiar pr\u00e1cticas legislativas.<\/p>\n","protected":false},"excerpt":{"rendered":"<p>El presidente de la Junta de Coordinaci\u00f3n Pol\u00edtica, Ricardo Monreal, indic\u00f3 que plantear\u00e1n no asistir a los seis foros internacionales de septiembre, propuso seguirlos por medios digitales o teleconferencias.<\/p>\n","protected":false},"author":3,"featured_media":394029,"comment_status":"open","ping_status":"open","sticky":false,"template":"","format":"standard","meta":{"_monsterinsights_skip_tracking":false,"_monsterinsights_sitenote_active":false,"_monsterinsights_sitenote_note":"","_monsterinsights_sitenote_category":0,"footnotes":""},"categories":[3],"tags":[406,43673,50064,4890],"class_list":["post-393945","post","type-post","status-publish","format-standard","has-post-thumbnail","hentry","category-nacional","tag-congreso","tag-nacional","tag-restriccion","tag-viajes"],"_links":{"self":[{"href":"https:\/\/www.diarioimagen.net\/index.php?rest_route=\/wp\/v2\/posts\/393945","targetHints":{"allow":["GET"]}}],"collection":[{"href":"https:\/\/www.diarioimagen.net\/index.php?rest_route=\/wp\/v2\/posts"}],"about":[{"href":"https:\/\/www.diarioimagen.net\/index.php?rest_route=\/wp\/v2\/types\/post"}],"author":[{"embeddable":true,"href":"https:\/\/www.diarioimagen.net\/index.php?rest_route=\/wp\/v2\/users\/3"}],"replies":[{"embeddable":true,"href":"https:\/\/www.diarioimagen.net\/index.php?rest_route=%2Fwp%2Fv2%2Fcomments&post=393945"}],"version-history":[{"count":0,"href":"https:\/\/www.diarioimagen.net\/index.php?rest_route=\/wp\/v2\/posts\/393945\/revisions"}],"wp:featuredmedia":[{"embeddable":true,"href":"https:\/\/www.diarioimagen.net\/index.php?rest_route=\/wp\/v2\/media\/394029"}],"wp:attachment":[{"href":"https:\/\/www.diarioimagen.net\/index.php?rest_route=%2Fwp%2Fv2%2Fmedia&parent=393945"}],"wp:term":[{"taxonomy":"category","embeddable":true,"href":"https:\/\/www.diarioimagen.net\/index.php?rest_route=%2Fwp%2Fv2%2Fcategories&post=393945"},{"taxonomy":"post_tag","embeddable":true,"href":"https:\/\/www.diarioimagen.net\/index.php?rest_route=%2Fwp%2Fv2%2Ftags&post=393945"}],"curies":[{"name":"wp","href":"https:\/\/api.w.org\/{rel}","templated":true}]}}