{"id":393950,"date":"2018-09-10T00:09:52","date_gmt":"2018-09-10T05:09:52","guid":{"rendered":"https:\/\/www.diarioimagen.net\/?p=393950"},"modified":"2018-09-10T06:47:17","modified_gmt":"2018-09-10T11:47:17","slug":"pertinencia-historica-y-cultural-de-uaem-barrera","status":"publish","type":"post","link":"https:\/\/www.diarioimagen.net\/?p=393950","title":{"rendered":"Pertinencia hist\u00f3rica y cultural de UAEM: Barrera"},"content":{"rendered":"<ul>\n<li><strong><em>Actitud cr\u00edtica frente a la realidad<\/em><\/strong><\/li>\n<\/ul>\n<p>&nbsp;<\/p>\n<div id=\"attachment_394033\" style=\"width: 470px\" class=\"wp-caption aligncenter\"><a href=\"https:\/\/www.diarioimagen.net\/?attachment_id=394033\" rel=\"attachment wp-att-394033\"><img loading=\"lazy\" decoding=\"async\" aria-describedby=\"caption-attachment-394033\" class=\"size-large wp-image-394033\" src=\"https:\/\/www.diarioimagen.net\/wp-content\/uploads\/2018\/09\/UAEM-3451-460x259.jpg\" alt=\"\" width=\"460\" height=\"259\" srcset=\"https:\/\/www.diarioimagen.net\/wp-content\/uploads\/2018\/09\/UAEM-3451-460x259.jpg 460w, https:\/\/www.diarioimagen.net\/wp-content\/uploads\/2018\/09\/UAEM-3451-240x135.jpg 240w, https:\/\/www.diarioimagen.net\/wp-content\/uploads\/2018\/09\/UAEM-3451-235x132.jpg 235w, https:\/\/www.diarioimagen.net\/wp-content\/uploads\/2018\/09\/UAEM-3451-202x114.jpg 202w, https:\/\/www.diarioimagen.net\/wp-content\/uploads\/2018\/09\/UAEM-3451-350x196.jpg 350w, https:\/\/www.diarioimagen.net\/wp-content\/uploads\/2018\/09\/UAEM-3451-220x123.jpg 220w, https:\/\/www.diarioimagen.net\/wp-content\/uploads\/2018\/09\/UAEM-3451-237x132.jpg 237w, https:\/\/www.diarioimagen.net\/wp-content\/uploads\/2018\/09\/UAEM-3451.jpg 480w\" sizes=\"auto, (max-width: 460px) 100vw, 460px\" \/><\/a><p id=\"caption-attachment-394033\" class=\"wp-caption-text\">El rector Alfredo Barrera asisti\u00f3 al cuarto informe de actividades del director del Centro Universitario UAEM Valle de Teotihuac\u00e1n.<\/p><\/div>\n<p>&nbsp;<\/p>\n<p><strong>Axapusco, Estado de M\u00e9xico<\/strong>.- La actitud cr\u00edtica frente a la realidad es la s\u00f3lida base del m\u00e9todo que rige los procesos acad\u00e9micos de la Universidad Aut\u00f3noma del Estado de M\u00e9xico y fortalece nuestra pertinencia hist\u00f3rica y cultural como instituci\u00f3n aut\u00f3noma frente a la sociedad, sostuvo el rector Alfredo Barrera Baca.<\/p>\n<p>Al encabezar el cuarto informe de actividades del director del Centro Universitario UAEM Valle de Teotihuac\u00e1n, Andr\u00e9s Jaime Gonz\u00e1lez, afirm\u00f3 que en la Aut\u00f3noma mexiquense nada est\u00e1 aislado del proyecto educativo y todo se conecta en la voluntad colectiva de crear conocimiento con validez universal y un servicio solidario a la comunidad.<\/p>\n<p>Resalt\u00f3 que el Centro Universitario Valle de Teotihuac\u00e1n es basti\u00f3n acad\u00e9mico de la UAEM. \u201cDesde hace 18 a\u00f1os su labor contribuye al desarrollo de una regi\u00f3n estrat\u00e9gica para el progreso de los mexiquenses\u201d.<\/p>\n<p>Alfredo Barrera Baca subray\u00f3 el trabajo coordinado que realiza con los campus universitarios de Acolman y Zumpango e indic\u00f3 que este organismo acad\u00e9mico universitario ocupa el primer lugar entre los centros universitarios, por el n\u00famero de ponencias que sus profesores presentan en los \u00e1mbitos nacional e internacional.<\/p>\n<p>Andr\u00e9s Jaime Gonz\u00e1lez destac\u00f3 que de las licenciaturas que se ofrecen en este campus, Derecho est\u00e1 acreditada por el Consejo para la Acreditaci\u00f3n de la Educaci\u00f3n Superior (COPAES), mientras que Psicolog\u00eda est\u00e1 acreditada por los Comit\u00e9s Interinstitucionales para la Evaluaci\u00f3n de la Educaci\u00f3n Superior (CIEES).<\/p>\n<p>Por otro lado, puntualiz\u00f3, la Licenciatura en Inform\u00e1tica Administrativa se encuentra acreditada por el Colegio Nacional de Evaluaci\u00f3n y Certificaci\u00f3n de Competencias (CONAEC). Por otra parte, este a\u00f1o Ingenier\u00eda en Computaci\u00f3n fue evaluada por este mismo organismo y se espera dictamen.<\/p>\n<p>En el marco de este acto de rendici\u00f3n de cuentas, el rector Alfredo Barrera Baca inaugur\u00f3 el edificio acad\u00e9mico de la Licenciatura en Turismo; adem\u00e1s, entreg\u00f3 definitividades a 10 profesores del campus.<\/p>\n","protected":false},"excerpt":{"rendered":"<p>La actitud cr\u00edtica frente a la realidad es la s\u00f3lida base del m\u00e9todo que rige los procesos acad\u00e9micos de la Universidad Aut\u00f3noma del Estado de M\u00e9xico y fortalece nuestra pertinencia hist\u00f3rica y cultural como instituci\u00f3n aut\u00f3noma frente a la sociedad, sostuvo el rector Alfredo Barrera Baca.<\/p>\n","protected":false},"author":3,"featured_media":394033,"comment_status":"open","ping_status":"open","sticky":false,"template":"","format":"standard","meta":{"_monsterinsights_skip_tracking":false,"_monsterinsights_sitenote_active":false,"_monsterinsights_sitenote_note":"","_monsterinsights_sitenote_category":0,"footnotes":""},"categories":[35155],"tags":[58572,10077,43675,64863,78034],"class_list":["post-393950","post","type-post","status-publish","format-standard","has-post-thumbnail","hentry","category-estado-de-mexico-estado-de-mexico","tag-alfredo-barrera-baca","tag-axapusco","tag-estado-de-mexico","tag-historica","tag-uem"],"_links":{"self":[{"href":"https:\/\/www.diarioimagen.net\/index.php?rest_route=\/wp\/v2\/posts\/393950","targetHints":{"allow":["GET"]}}],"collection":[{"href":"https:\/\/www.diarioimagen.net\/index.php?rest_route=\/wp\/v2\/posts"}],"about":[{"href":"https:\/\/www.diarioimagen.net\/index.php?rest_route=\/wp\/v2\/types\/post"}],"author":[{"embeddable":true,"href":"https:\/\/www.diarioimagen.net\/index.php?rest_route=\/wp\/v2\/users\/3"}],"replies":[{"embeddable":true,"href":"https:\/\/www.diarioimagen.net\/index.php?rest_route=%2Fwp%2Fv2%2Fcomments&post=393950"}],"version-history":[{"count":0,"href":"https:\/\/www.diarioimagen.net\/index.php?rest_route=\/wp\/v2\/posts\/393950\/revisions"}],"wp:featuredmedia":[{"embeddable":true,"href":"https:\/\/www.diarioimagen.net\/index.php?rest_route=\/wp\/v2\/media\/394033"}],"wp:attachment":[{"href":"https:\/\/www.diarioimagen.net\/index.php?rest_route=%2Fwp%2Fv2%2Fmedia&parent=393950"}],"wp:term":[{"taxonomy":"category","embeddable":true,"href":"https:\/\/www.diarioimagen.net\/index.php?rest_route=%2Fwp%2Fv2%2Fcategories&post=393950"},{"taxonomy":"post_tag","embeddable":true,"href":"https:\/\/www.diarioimagen.net\/index.php?rest_route=%2Fwp%2Fv2%2Ftags&post=393950"}],"curies":[{"name":"wp","href":"https:\/\/api.w.org\/{rel}","templated":true}]}}