{"id":393972,"date":"2018-09-10T00:08:00","date_gmt":"2018-09-10T05:08:00","guid":{"rendered":"https:\/\/www.diarioimagen.net\/?p=393972"},"modified":"2018-09-10T07:20:12","modified_gmt":"2018-09-10T12:20:12","slug":"mas-de-28-mil-alumnos-beneficiados-con-paquetes-escolares-en-metepec","status":"publish","type":"post","link":"https:\/\/www.diarioimagen.net\/?p=393972","title":{"rendered":"M\u00e1s de 28 mil alumnos beneficiados con paquetes escolares en Metepec"},"content":{"rendered":"<ul>\n<li><strong><em>Programa \u00fanico en todo el pa\u00eds<\/em><\/strong><\/li>\n<\/ul>\n<p>&nbsp;<\/p>\n<div id=\"attachment_394074\" style=\"width: 470px\" class=\"wp-caption aligncenter\"><a href=\"https:\/\/www.diarioimagen.net\/?attachment_id=394074\" rel=\"attachment wp-att-394074\"><img loading=\"lazy\" decoding=\"async\" aria-describedby=\"caption-attachment-394074\" class=\"size-large wp-image-394074\" src=\"https:\/\/www.diarioimagen.net\/wp-content\/uploads\/2018\/09\/METEPEC-3451-460x207.jpg\" alt=\"\" width=\"460\" height=\"207\" srcset=\"https:\/\/www.diarioimagen.net\/wp-content\/uploads\/2018\/09\/METEPEC-3451-460x207.jpg 460w, https:\/\/www.diarioimagen.net\/wp-content\/uploads\/2018\/09\/METEPEC-3451-240x108.jpg 240w, https:\/\/www.diarioimagen.net\/wp-content\/uploads\/2018\/09\/METEPEC-3451.jpg 700w\" sizes=\"auto, (max-width: 460px) 100vw, 460px\" \/><\/a><p id=\"caption-attachment-394074\" class=\"wp-caption-text\">El alcalde David L\u00f3pez C\u00e1rdenas explic\u00f3 que el programa programa Metepec Decide Contigo por la Educaci\u00f3n, es \u00fanico en todo el pa\u00eds.<\/p><\/div>\n<p>&nbsp;<\/p>\n<p><strong>Metepec, Estado de M\u00e9xico<\/strong>.- El pasado viernes concluy\u00f3 la segunda semana del programa Metepec Decide Contigo por la Educaci\u00f3n, con lo que suman ya 28 mil 517\u00a0alumnos de 111\u00a0escuelas p\u00fablicas de nivel b\u00e1sico que han recibido mochila o lonchera, una chamarra y un par de tenis por parte del gobierno que encabeza el presidente, David L\u00f3pez C\u00e1rdenas.<\/p>\n<p>En compa\u00f1\u00eda de la directora de Educaci\u00f3n municipal, Lilia Patricia Fierro Jaramillo, el alcalde explic\u00f3 que este programa es \u00fanico en todo el pa\u00eds, ya que beneficia a cada uno de los alumnos -desde jard\u00edn de ni\u00f1os hasta secundaria- que cursan el ciclo escolar 2018-2019 en escuelas p\u00fablicas de la demarcaci\u00f3n, haciendo uso \u00fanicamente de recursos financieros de origen municipal.<\/p>\n<p>Al visitar las primarias \u201cAgust\u00edn Melgar\u201d y \u201cFelipe Carrillo Prieto\u201d, ubicadas en la colonia Francisco I. Madero y en la comunidad de San Lorenzo Coacalco, respectivamente, L\u00f3pez C\u00e1rdenas entreg\u00f3 un arcotecho en cada uno de los planteles educativos con inversi\u00f3n superior a los 1.4 millones de pesos.<\/p>\n<p>Al final de esta semana, se habr\u00e1n de entregar 36 mil 577 paquetes a igual n\u00famero de estudiantes, concluyendo de manera exitosa el programa Metepec Decide Contigo por la Educaci\u00f3n que fue implementado en el \u00faltimo trienio.<\/p>\n","protected":false},"excerpt":{"rendered":"<p>El pasado viernes concluy\u00f3 la segunda semana del programa Metepec Decide Contigo por la Educaci\u00f3n, con lo que suman ya 28 mil 517 alumnos de 111 escuelas p\u00fablicas de nivel b\u00e1sico que han recibido mochila o lonchera, una chamarra y un par de tenis por parte del gobierno que encabeza el presidente, David L\u00f3pez C\u00e1rdenas.<\/p>\n","protected":false},"author":3,"featured_media":394074,"comment_status":"open","ping_status":"open","sticky":false,"template":"","format":"standard","meta":{"_monsterinsights_skip_tracking":false,"_monsterinsights_sitenote_active":false,"_monsterinsights_sitenote_note":"","_monsterinsights_sitenote_category":0,"footnotes":""},"categories":[35155],"tags":[14250,43675,876],"class_list":["post-393972","post","type-post","status-publish","format-standard","has-post-thumbnail","hentry","category-estado-de-mexico-estado-de-mexico","tag-david-lopez-cardenas","tag-estado-de-mexico","tag-metepec"],"_links":{"self":[{"href":"https:\/\/www.diarioimagen.net\/index.php?rest_route=\/wp\/v2\/posts\/393972","targetHints":{"allow":["GET"]}}],"collection":[{"href":"https:\/\/www.diarioimagen.net\/index.php?rest_route=\/wp\/v2\/posts"}],"about":[{"href":"https:\/\/www.diarioimagen.net\/index.php?rest_route=\/wp\/v2\/types\/post"}],"author":[{"embeddable":true,"href":"https:\/\/www.diarioimagen.net\/index.php?rest_route=\/wp\/v2\/users\/3"}],"replies":[{"embeddable":true,"href":"https:\/\/www.diarioimagen.net\/index.php?rest_route=%2Fwp%2Fv2%2Fcomments&post=393972"}],"version-history":[{"count":0,"href":"https:\/\/www.diarioimagen.net\/index.php?rest_route=\/wp\/v2\/posts\/393972\/revisions"}],"wp:featuredmedia":[{"embeddable":true,"href":"https:\/\/www.diarioimagen.net\/index.php?rest_route=\/wp\/v2\/media\/394074"}],"wp:attachment":[{"href":"https:\/\/www.diarioimagen.net\/index.php?rest_route=%2Fwp%2Fv2%2Fmedia&parent=393972"}],"wp:term":[{"taxonomy":"category","embeddable":true,"href":"https:\/\/www.diarioimagen.net\/index.php?rest_route=%2Fwp%2Fv2%2Fcategories&post=393972"},{"taxonomy":"post_tag","embeddable":true,"href":"https:\/\/www.diarioimagen.net\/index.php?rest_route=%2Fwp%2Fv2%2Ftags&post=393972"}],"curies":[{"name":"wp","href":"https:\/\/api.w.org\/{rel}","templated":true}]}}