{"id":393974,"date":"2018-09-10T00:07:11","date_gmt":"2018-09-10T05:07:11","guid":{"rendered":"https:\/\/www.diarioimagen.net\/?p=393974"},"modified":"2018-09-10T07:19:18","modified_gmt":"2018-09-10T12:19:18","slug":"en-huixquilucan-se-realizo-el-famoso-concurso-senorita-fiestas-patrias-2018","status":"publish","type":"post","link":"https:\/\/www.diarioimagen.net\/?p=393974","title":{"rendered":"En Huixquilucan se realiz\u00f3 el famoso concurso Se\u00f1orita Fiestas Patrias 2018"},"content":{"rendered":"<ul>\n<li><strong><em>Gana Melisa Garc\u00eda Guti\u00e9rrez<\/em><\/strong><\/li>\n<\/ul>\n<p>&nbsp;<\/p>\n<div id=\"attachment_394070\" style=\"width: 470px\" class=\"wp-caption aligncenter\"><a href=\"https:\/\/www.diarioimagen.net\/?attachment_id=394070\" rel=\"attachment wp-att-394070\"><img loading=\"lazy\" decoding=\"async\" aria-describedby=\"caption-attachment-394070\" class=\"size-large wp-image-394070\" src=\"https:\/\/www.diarioimagen.net\/wp-content\/uploads\/2018\/09\/HUIXQUILUCAN-3451-460x259.jpg\" alt=\"\" width=\"460\" height=\"259\" srcset=\"https:\/\/www.diarioimagen.net\/wp-content\/uploads\/2018\/09\/HUIXQUILUCAN-3451-460x259.jpg 460w, https:\/\/www.diarioimagen.net\/wp-content\/uploads\/2018\/09\/HUIXQUILUCAN-3451-240x135.jpg 240w, https:\/\/www.diarioimagen.net\/wp-content\/uploads\/2018\/09\/HUIXQUILUCAN-3451-235x132.jpg 235w, https:\/\/www.diarioimagen.net\/wp-content\/uploads\/2018\/09\/HUIXQUILUCAN-3451-202x114.jpg 202w, https:\/\/www.diarioimagen.net\/wp-content\/uploads\/2018\/09\/HUIXQUILUCAN-3451-350x196.jpg 350w, https:\/\/www.diarioimagen.net\/wp-content\/uploads\/2018\/09\/HUIXQUILUCAN-3451-220x123.jpg 220w, https:\/\/www.diarioimagen.net\/wp-content\/uploads\/2018\/09\/HUIXQUILUCAN-3451-237x132.jpg 237w, https:\/\/www.diarioimagen.net\/wp-content\/uploads\/2018\/09\/HUIXQUILUCAN-3451.jpg 480w\" sizes=\"auto, (max-width: 460px) 100vw, 460px\" \/><\/a><p id=\"caption-attachment-394070\" class=\"wp-caption-text\">Los tres primeros lugares, recibieron 15 mil, 10 mil y 5 mil pesos. La ganadora, ser\u00e1 suplente de miss Huixquilucan, en el certamen miss Intercontinental Estado de M\u00e9xico.<\/p><\/div>\n<p>&nbsp;<\/p>\n<p><strong>Huixquilucan, Estado de M\u00e9xico<\/strong>.-El talento, belleza y cultura se hicieron presentes durante el concurso Se\u00f1orita Fiestas Patrias Huixquilucan 2018, en donde Melisa Garc\u00eda Guti\u00e9rrez fue la ganadora y ser\u00e1 coronada por el alcalde, Enrique Vargas del Villar, durante la ceremonia del Grito de Independencia.<\/p>\n<p>El director de Desarrollo Social, Eduardo G\u00f3mez Galicia, agradeci\u00f3 al alcalde por el apoyo para realizar este certamen y reconoci\u00f3 a las participantes su dedicaci\u00f3n y entrega para formar parte de este concurso.<\/p>\n<p>Durante el certamen, las j\u00f3venes desfilaron en vestido de noche, traje t\u00edpico y ropa casual, adem\u00e1s de que mostraron sus conocimientos hist\u00f3ricos, culturales y tur\u00edsticos de Huixquilucan. \u00a0En cada etapa, el jurado integrado por la actriz Laura Zapata;\u00a0 la directora de se\u00f1orita Intercontinental, Mary Carmen Bravo; la cantante Lizbeth Rodr\u00edguez; la sexta regidora Mar\u00eda Eugenia Torres P\u00e9rez Tejada; el secretario del Ayuntamiento, Pablo Fern\u00e1ndez; el director de Desarrollo Econ\u00f3mico, Kristian Fern\u00e1ndez, y el director de Catastro, Alejandro S\u00e1nchez, evaluaron a cada una de las participantes.<\/p>\n<p>Las 19 aspirantes a convertirse en se\u00f1orita Fiestas Patrias Huixquilucan 2018, fueron ovacionadas por el p\u00fablico asistente, que se dio cita en el auditorio del DIF, lugar en el que pudieron disfrutar de los n\u00fameros art\u00edsticos del ballet folkl\u00f3rico Sahuatoba, las piezas musicales de la orquesta de Huixquilucan, del cantante Rodrigo Isaac y el mariachi Sierra Hidalguense.<\/p>\n<p>Tras la deliberaci\u00f3n en la que se calific\u00f3 seguridad al hablar, talento coreogr\u00e1fico, expresi\u00f3n esc\u00e9nica, personalidad y distinci\u00f3n, Melisa Garc\u00eda Guti\u00e9rrez, representante de la Cabecera Municipal se llevo el triunfo, en tanto, Jared Hern\u00e1ndez, segundo lugar y en tercer sitio Dalia Arenas L\u00f3pez, mientras que Ayotly Granada Nava, recibi\u00f3 la banda como se\u00f1orita simpat\u00eda.<\/p>\n","protected":false},"excerpt":{"rendered":"<p>El talento, belleza y cultura se hicieron presentes durante el concurso Se\u00f1orita Fiestas Patrias Huixquilucan 2018, en donde Melisa Garc\u00eda Guti\u00e9rrez fue la ganadora y ser\u00e1 coronada por el alcalde, Enrique Vargas del Villar, durante la ceremonia del Grito de Independencia.<\/p>\n","protected":false},"author":3,"featured_media":394070,"comment_status":"open","ping_status":"open","sticky":false,"template":"","format":"standard","meta":{"_monsterinsights_skip_tracking":false,"_monsterinsights_sitenote_active":false,"_monsterinsights_sitenote_note":"","_monsterinsights_sitenote_category":0,"footnotes":""},"categories":[35155],"tags":[12040,43675,1097,78037],"class_list":["post-393974","post","type-post","status-publish","format-standard","has-post-thumbnail","hentry","category-estado-de-mexico-estado-de-mexico","tag-alcalde","tag-estado-de-mexico","tag-huixquilucan","tag-senorita-fiestas-patrias"],"_links":{"self":[{"href":"https:\/\/www.diarioimagen.net\/index.php?rest_route=\/wp\/v2\/posts\/393974","targetHints":{"allow":["GET"]}}],"collection":[{"href":"https:\/\/www.diarioimagen.net\/index.php?rest_route=\/wp\/v2\/posts"}],"about":[{"href":"https:\/\/www.diarioimagen.net\/index.php?rest_route=\/wp\/v2\/types\/post"}],"author":[{"embeddable":true,"href":"https:\/\/www.diarioimagen.net\/index.php?rest_route=\/wp\/v2\/users\/3"}],"replies":[{"embeddable":true,"href":"https:\/\/www.diarioimagen.net\/index.php?rest_route=%2Fwp%2Fv2%2Fcomments&post=393974"}],"version-history":[{"count":0,"href":"https:\/\/www.diarioimagen.net\/index.php?rest_route=\/wp\/v2\/posts\/393974\/revisions"}],"wp:featuredmedia":[{"embeddable":true,"href":"https:\/\/www.diarioimagen.net\/index.php?rest_route=\/wp\/v2\/media\/394070"}],"wp:attachment":[{"href":"https:\/\/www.diarioimagen.net\/index.php?rest_route=%2Fwp%2Fv2%2Fmedia&parent=393974"}],"wp:term":[{"taxonomy":"category","embeddable":true,"href":"https:\/\/www.diarioimagen.net\/index.php?rest_route=%2Fwp%2Fv2%2Fcategories&post=393974"},{"taxonomy":"post_tag","embeddable":true,"href":"https:\/\/www.diarioimagen.net\/index.php?rest_route=%2Fwp%2Fv2%2Ftags&post=393974"}],"curies":[{"name":"wp","href":"https:\/\/api.w.org\/{rel}","templated":true}]}}