{"id":393977,"date":"2018-09-10T00:06:48","date_gmt":"2018-09-10T05:06:48","guid":{"rendered":"https:\/\/www.diarioimagen.net\/?p=393977"},"modified":"2018-09-10T07:21:34","modified_gmt":"2018-09-10T12:21:34","slug":"inauguran-comedor-escolar-en-tultitlan","status":"publish","type":"post","link":"https:\/\/www.diarioimagen.net\/?p=393977","title":{"rendered":"Inauguran comedor escolar en Tultitl\u00e1n"},"content":{"rendered":"<p><a href=\"https:\/\/www.diarioimagen.net\/?attachment_id=394077\" rel=\"attachment wp-att-394077\"><img loading=\"lazy\" decoding=\"async\" class=\"aligncenter size-large wp-image-394077\" src=\"https:\/\/www.diarioimagen.net\/wp-content\/uploads\/2018\/09\/TULTITLAN-3451-460x259.jpg\" alt=\"\" width=\"460\" height=\"259\" srcset=\"https:\/\/www.diarioimagen.net\/wp-content\/uploads\/2018\/09\/TULTITLAN-3451-460x259.jpg 460w, https:\/\/www.diarioimagen.net\/wp-content\/uploads\/2018\/09\/TULTITLAN-3451-240x135.jpg 240w, https:\/\/www.diarioimagen.net\/wp-content\/uploads\/2018\/09\/TULTITLAN-3451-235x132.jpg 235w, https:\/\/www.diarioimagen.net\/wp-content\/uploads\/2018\/09\/TULTITLAN-3451-202x114.jpg 202w, https:\/\/www.diarioimagen.net\/wp-content\/uploads\/2018\/09\/TULTITLAN-3451-350x196.jpg 350w, https:\/\/www.diarioimagen.net\/wp-content\/uploads\/2018\/09\/TULTITLAN-3451-220x123.jpg 220w, https:\/\/www.diarioimagen.net\/wp-content\/uploads\/2018\/09\/TULTITLAN-3451-237x132.jpg 237w, https:\/\/www.diarioimagen.net\/wp-content\/uploads\/2018\/09\/TULTITLAN-3451.jpg 480w\" sizes=\"auto, (max-width: 460px) 100vw, 460px\" \/><\/a><\/p>\n<p>&nbsp;<\/p>\n<p><strong>Tultitl\u00e1n, Estado de M\u00e9xico.- <\/strong>La actual administraci\u00f3n, que preside\u00a0 Ad\u00e1n Barr\u00f3n Elizalde, sigue cumpliendo compromisos con la ciudadan\u00eda tultitlense.\u00a0 En gira de trabajo, el alcalde inaugur\u00f3 el comedor escolar y mejoramiento de m\u00f3dulos sanitarios en la escuela primaria \u201cIgnacio Allende\u201d,\u00a0 ubicada en Lomas del Parque de la zona sur de la demarcaci\u00f3n.<\/p>\n<p>Al hacer entrega de la obra y en representaci\u00f3n del edil, la titular del \u00a0Sistema Municipal para el Desarrollo Integral de la Familia\u00a0(DIF)\u00a0 Karen S\u00e1mano,\u00a0 resalt\u00f3 la importancia de que los alumnos cuenten con el programa de comedores escolares, ya que por medio de este se contribuye a garantizar una alimentaci\u00f3n sana, suficiente y variada entre la poblaci\u00f3n estudiantil.<\/p>\n","protected":false},"excerpt":{"rendered":"<p>La actual administraci\u00f3n, que preside  Ad\u00e1n Barr\u00f3n Elizalde, sigue cumpliendo compromisos con la ciudadan\u00eda tultitlense.  En gira de trabajo, el alcalde inaugur\u00f3 el comedor escolar y mejoramiento de m\u00f3dulos sanitarios en la escuela primaria \u201cIgnacio Allende\u201d,  ubicada en Lomas del Parque de la zona sur de la demarcaci\u00f3n.<\/p>\n","protected":false},"author":3,"featured_media":394077,"comment_status":"open","ping_status":"open","sticky":false,"template":"","format":"standard","meta":{"_monsterinsights_skip_tracking":false,"_monsterinsights_sitenote_active":false,"_monsterinsights_sitenote_note":"","_monsterinsights_sitenote_category":0,"footnotes":""},"categories":[35155],"tags":[78038,43675,578],"class_list":["post-393977","post","type-post","status-publish","format-standard","has-post-thumbnail","hentry","category-estado-de-mexico-estado-de-mexico","tag-comedor-escolar","tag-estado-de-mexico","tag-tultitlan"],"_links":{"self":[{"href":"https:\/\/www.diarioimagen.net\/index.php?rest_route=\/wp\/v2\/posts\/393977","targetHints":{"allow":["GET"]}}],"collection":[{"href":"https:\/\/www.diarioimagen.net\/index.php?rest_route=\/wp\/v2\/posts"}],"about":[{"href":"https:\/\/www.diarioimagen.net\/index.php?rest_route=\/wp\/v2\/types\/post"}],"author":[{"embeddable":true,"href":"https:\/\/www.diarioimagen.net\/index.php?rest_route=\/wp\/v2\/users\/3"}],"replies":[{"embeddable":true,"href":"https:\/\/www.diarioimagen.net\/index.php?rest_route=%2Fwp%2Fv2%2Fcomments&post=393977"}],"version-history":[{"count":0,"href":"https:\/\/www.diarioimagen.net\/index.php?rest_route=\/wp\/v2\/posts\/393977\/revisions"}],"wp:featuredmedia":[{"embeddable":true,"href":"https:\/\/www.diarioimagen.net\/index.php?rest_route=\/wp\/v2\/media\/394077"}],"wp:attachment":[{"href":"https:\/\/www.diarioimagen.net\/index.php?rest_route=%2Fwp%2Fv2%2Fmedia&parent=393977"}],"wp:term":[{"taxonomy":"category","embeddable":true,"href":"https:\/\/www.diarioimagen.net\/index.php?rest_route=%2Fwp%2Fv2%2Fcategories&post=393977"},{"taxonomy":"post_tag","embeddable":true,"href":"https:\/\/www.diarioimagen.net\/index.php?rest_route=%2Fwp%2Fv2%2Ftags&post=393977"}],"curies":[{"name":"wp","href":"https:\/\/api.w.org\/{rel}","templated":true}]}}