{"id":393979,"date":"2018-09-10T00:05:12","date_gmt":"2018-09-10T05:05:12","guid":{"rendered":"https:\/\/www.diarioimagen.net\/?p=393979"},"modified":"2018-09-10T07:17:42","modified_gmt":"2018-09-10T12:17:42","slug":"firma-pawling-nuevo-contrato-colectivo-de-trabajo-con-suteym","status":"publish","type":"post","link":"https:\/\/www.diarioimagen.net\/?p=393979","title":{"rendered":"Firma Pawling nuevo contrato colectivo de trabajo con SUTEyM"},"content":{"rendered":"<ul>\n<li><strong><em>Incremento del 5% al salario y 15% a prestaciones<\/em><\/strong><\/li>\n<\/ul>\n<p>&nbsp;<\/p>\n<div id=\"attachment_394068\" style=\"width: 470px\" class=\"wp-caption aligncenter\"><a href=\"https:\/\/www.diarioimagen.net\/?attachment_id=394068\" rel=\"attachment wp-att-394068\"><img loading=\"lazy\" decoding=\"async\" aria-describedby=\"caption-attachment-394068\" class=\"size-large wp-image-394068\" src=\"https:\/\/www.diarioimagen.net\/wp-content\/uploads\/2018\/09\/COACALCO-3451-460x259.jpg\" alt=\"\" width=\"460\" height=\"259\" srcset=\"https:\/\/www.diarioimagen.net\/wp-content\/uploads\/2018\/09\/COACALCO-3451-460x259.jpg 460w, https:\/\/www.diarioimagen.net\/wp-content\/uploads\/2018\/09\/COACALCO-3451-240x135.jpg 240w, https:\/\/www.diarioimagen.net\/wp-content\/uploads\/2018\/09\/COACALCO-3451-235x132.jpg 235w, https:\/\/www.diarioimagen.net\/wp-content\/uploads\/2018\/09\/COACALCO-3451-202x114.jpg 202w, https:\/\/www.diarioimagen.net\/wp-content\/uploads\/2018\/09\/COACALCO-3451-350x196.jpg 350w, https:\/\/www.diarioimagen.net\/wp-content\/uploads\/2018\/09\/COACALCO-3451-220x123.jpg 220w, https:\/\/www.diarioimagen.net\/wp-content\/uploads\/2018\/09\/COACALCO-3451-237x132.jpg 237w, https:\/\/www.diarioimagen.net\/wp-content\/uploads\/2018\/09\/COACALCO-3451.jpg 480w\" sizes=\"auto, (max-width: 460px) 100vw, 460px\" \/><\/a><p id=\"caption-attachment-394068\" class=\"wp-caption-text\">Durante la firma se resalt\u00f3 las buenas relaciones entre las autoridades municipales y los bur\u00f3cratas sindicalizados.<\/p><\/div>\n<p>&nbsp;<\/p>\n<p><strong>Coacalco, Estado de M\u00e9xico<\/strong>.-Durante la firma del Convenio Colectivo Anual de Trabajo, el presidente municipal de Coacalco Gabriel Pawling resalt\u00f3 la nueva cultura de servicio de Sindicato \u00danico de Trabajadores al Servicio del Estado y los Municipios (SUTEyM).<\/p>\n<p>\u201cInvito a todos los servidores p\u00fablicos a trabajar con \u00e9tica, compromiso y eficiencia, y continuar con el trabajo en equipo en beneficio de todos los ciudadanos de Coacalco\u201d, manifest\u00f3 el edil. \u00a0Y dijo que los esfuerzos de los trabajadores sindicalizados contribuyen a que los coacalquenses tengamos mejores servicios.<\/p>\n<p>Durante la firma del convenio se destac\u00f3 que pese a las dificultades financieras han sido permanentes las mejoras salariales a los suteymistas.<\/p>\n<p>El Convenio Colectivo de Trabajo fue firmado por autoridades municipales y dirigentes del\u00a0SUTEyM, en la Casa de la Cultura de Coacalco.<\/p>\n<p>Durante la firma se resalt\u00f3 las buenas relaciones entre las autoridades municipales y los bur\u00f3cratas sindicalizad<\/p>\n<p>Por medio de este convenio, se autoriz\u00f3 a los 250 bur\u00f3cratas sindicalizados de Coacalco de Berrioz\u00e1bal un incremento del orden del 5 por ciento al salario y 15 por ciento a las prestaciones, inform\u00f3 el secretario general del SUTEyM\u00a0en Coacalco,\u00a0Jos\u00e9 Luis S\u00e1nchez.<\/p>\n<p>Comparti\u00f3 que durante los 32 meses del actual gobierno municipal se ha logrado una estrecha relaci\u00f3n entre autoridades y sindicato, lo que redunda en mejores servicios p\u00fablicos para los habitantes.<\/p>\n<p>Record\u00f3 que cuanto entr\u00f3 en funciones este Ayuntamiento, el primero de enero del 2016, se ten\u00eda graves problemas econ\u00f3micos, con una de las deudas p\u00fablicas m\u00e1s elevadas y millonarios pagos pendientes por laudos y juicios administrativos.<\/p>\n<p>Como representante del secretario general del\u00a0SUTEyM a nivel estatal acudi\u00f3 a\u00a0Antonio Duarte Franco, quien resalt\u00f3 el trabajo del presidente municipal Gabriel Pawling<\/p>\n","protected":false},"excerpt":{"rendered":"<p>Durante la firma del Convenio Colectivo Anual de Trabajo, el presidente municipal de Coacalco Gabriel Pawling resalt\u00f3 la nueva cultura de servicio de Sindicato \u00danico de Trabajadores al Servicio del Estado y los Municipios (SUTEyM).<\/p>\n","protected":false},"author":3,"featured_media":394068,"comment_status":"open","ping_status":"open","sticky":false,"template":"","format":"standard","meta":{"_monsterinsights_skip_tracking":false,"_monsterinsights_sitenote_active":false,"_monsterinsights_sitenote_note":"","_monsterinsights_sitenote_category":0,"footnotes":""},"categories":[35155],"tags":[78040,579,43675,78039],"class_list":["post-393979","post","type-post","status-publish","format-standard","has-post-thumbnail","hentry","category-estado-de-mexico-estado-de-mexico","tag-casa-de-la-cultura-de-coacalco","tag-coacalco","tag-estado-de-mexico","tag-sindicato-unico-de-trabajadores-al-servicio-del-estado-y-los-municipios"],"_links":{"self":[{"href":"https:\/\/www.diarioimagen.net\/index.php?rest_route=\/wp\/v2\/posts\/393979","targetHints":{"allow":["GET"]}}],"collection":[{"href":"https:\/\/www.diarioimagen.net\/index.php?rest_route=\/wp\/v2\/posts"}],"about":[{"href":"https:\/\/www.diarioimagen.net\/index.php?rest_route=\/wp\/v2\/types\/post"}],"author":[{"embeddable":true,"href":"https:\/\/www.diarioimagen.net\/index.php?rest_route=\/wp\/v2\/users\/3"}],"replies":[{"embeddable":true,"href":"https:\/\/www.diarioimagen.net\/index.php?rest_route=%2Fwp%2Fv2%2Fcomments&post=393979"}],"version-history":[{"count":0,"href":"https:\/\/www.diarioimagen.net\/index.php?rest_route=\/wp\/v2\/posts\/393979\/revisions"}],"wp:featuredmedia":[{"embeddable":true,"href":"https:\/\/www.diarioimagen.net\/index.php?rest_route=\/wp\/v2\/media\/394068"}],"wp:attachment":[{"href":"https:\/\/www.diarioimagen.net\/index.php?rest_route=%2Fwp%2Fv2%2Fmedia&parent=393979"}],"wp:term":[{"taxonomy":"category","embeddable":true,"href":"https:\/\/www.diarioimagen.net\/index.php?rest_route=%2Fwp%2Fv2%2Fcategories&post=393979"},{"taxonomy":"post_tag","embeddable":true,"href":"https:\/\/www.diarioimagen.net\/index.php?rest_route=%2Fwp%2Fv2%2Ftags&post=393979"}],"curies":[{"name":"wp","href":"https:\/\/api.w.org\/{rel}","templated":true}]}}