{"id":393994,"date":"2018-09-10T00:00:14","date_gmt":"2018-09-10T05:00:14","guid":{"rendered":"https:\/\/www.diarioimagen.net\/?p=393994"},"modified":"2018-09-10T01:40:32","modified_gmt":"2018-09-10T06:40:32","slug":"para-seguir-cerca-de-amlo-manuel-velasco-pidio-licencia","status":"publish","type":"post","link":"https:\/\/www.diarioimagen.net\/?p=393994","title":{"rendered":"Para seguir cerca de AMLO, Manuel Velasco pidi\u00f3 licencia"},"content":{"rendered":"<h2>La Retaguardia<\/h2>\n<h5>Adriana Moreno Cordero<\/h5>\n<p>&nbsp;<\/p>\n<ul>\n<li><strong><em>\u00a0<\/em><em>Alejandro Moreno C\u00e1rdenas apoyar\u00e1 Tren Maya<\/em><\/strong><\/li>\n<li><strong><em>Muy optimista, el Presidente electo<\/em><\/strong><\/li>\n<\/ul>\n<p>&nbsp;<\/p>\n<p>&nbsp;<\/p>\n<p>\u201cYa sali\u00f3 el peine\u201d, \u00bfo de qu\u00e9 otra forma se puede calificar la insistencia de <strong>Manuel Velasco<\/strong> para solicitar licencia y regresar a gobernar Chiapas hasta diciembre?<\/p>\n<p>Pues resulta que no quer\u00eda perderse la reuni\u00f3n que encabez\u00f3 ayer el presidente electo, <strong>Andr\u00e9s Manuel L\u00f3pez Obrador<\/strong>, para abordar lo referente al que ser\u00e1 el proyecto estrella de la Cuarta Transformaci\u00f3n: el Tren Maya, mismo que por cierto, ha sido objeto de diversos se\u00f1alamientos, porque mientras el tabasque\u00f1o se empe\u00f1a a consultar al \u201cpueblo sabio\u201d con respecto a la construcci\u00f3n del Nuevo Aeropuerto de M\u00e9xico, en contraste, no acepta bajo ning\u00fan motivo que el tren Maya pudiera estar sujeto al m\u00e1s m\u00ednimo se\u00f1alamiento, \u00e9ste \u00faltimo va porque va.<\/p>\n<p>Seg\u00fan se sabe, dicho encuentro se celebr\u00f3 en t\u00e9rminos muy cordiales y se acord\u00f3 que la pr\u00f3xima reuni\u00f3n se llevar\u00e1 a cabo en Campeche dentro de un mes, as\u00ed que el gobernador <strong>Alejandro Moreno C\u00e1rdenas<\/strong>, ser\u00e1 el anfitri\u00f3n y hay que hacer hincapi\u00e9 en que el Ejecutivo campechano, se ha manifestado como aliado de este proyecto.<\/p>\n<p>Por las redes ha dicho que la gente de la regi\u00f3n \u201clo ve con buenos ojos y apoyaremos en todo lo que est\u00e9 a nuestro alcance para su realizaci\u00f3n y \u00e9xito\u201d.<\/p>\n<p>En Palenque, tierra de los amores de AMLO donde se llev\u00f3 a cabo la reuni\u00f3n en la que se analizaron las posibilidades de desarrollo de la regi\u00f3n Sur-Sureste y se anunci\u00f3 que el magno proyecto arrancar\u00e1 en Tabasco y Chiapas, con una inversi\u00f3n para el a\u00f1o entrante de 16 mil millones de pesos y total de alrededor de 150 mil millones de pesos, hasta de buenas se dej\u00f3 ver al gobernador de Tabasco, <strong>Arturo N\u00fa\u00f1ez<\/strong>, que a\u00fan tiene serias diferencias con el tabasque\u00f1o que por lo dem\u00e1s, estuvo \u201ccomo pez en el agua\u201d, acompa\u00f1ado de otro de sus m\u00e1s cercanos, adem\u00e1s de Velasco Coello, -que no perdi\u00f3 oportunidad de estar siempre junto a AMLO-, el gobernador electo de Tabasco, <strong>Ad\u00e1n Augusto L\u00f3pez, <\/strong>as\u00ed como el electo de Chiapas, <strong>Rutilio Escand\u00f3n<\/strong>.<\/p>\n<p>Asimismo, tan optimista estuvo el presidente electo, que dijo que la meta de su gesti\u00f3n, ser\u00e1 que M\u00e9xico crezca al cuatro por ciento anual.<\/p>\n<p>Esto ha hecho que en los c\u00edrculos financieros m\u00e1s de un analista levante la ceja, pero ya lo dice el refr\u00e1n, \u201cver para creer\u201d.<\/p>\n<p>De cualquier manera, para las Fiestas Patrias, L\u00f3pez Obrador iniciar\u00e1 una gira de agradecimiento que arrancar\u00e1 el 16 de septiembre en Nayarit y Sinaloa, para seguir, el lunes 17, en La Paz, Baja California Sur.<\/p>\n<p>Al d\u00eda siguiente en Guadalajara y en la conmemoraci\u00f3n del primer a\u00f1o del sismo del 19 de septiembre del 2017, estar\u00e1 en Oaxaca y el 20 de septiembre, en Baja California.<\/p>\n<p style=\"text-align: center;\"><strong>Municiones<\/strong><\/p>\n<p>*** Lo que ha sido calificado el evento empresarial y de emprendimiento m\u00e1s importante de M\u00e9xico y el mayor en todo Latinoam\u00e9rica, abre sus puertas del 10 a 14 de septiembre bajo la tem\u00e1tica\u00a0<strong>\u201cEvoluci\u00f3n del Ecosistema Emprendedor\u201d<\/strong>, teniendo como\u00a0ejes: la innovaci\u00f3n, el financiamiento y las tecnolog\u00edas emergentes<strong>.\u00a0<\/strong><\/p>\n<p>La SNE en su \u00a0D\u00e9cimo Octava Edici\u00f3n, espera el arribo de m\u00e1s de 110 mil asistentes que podr\u00e1n encontrar las soluciones, herramientas, asesor\u00edas y financiamiento para iniciar su negocio o hacer crecer su micro, peque\u00f1a o mediana empresa.<\/p>\n<p>Entre los conferencistas que se presentar\u00e1n en la SNE, destaca la participaci\u00f3n del empresario \u00a0<strong>Ricardo Salinas Pliego,<\/strong>\u00a0Fundador y Presidente de Grupo Salinas<strong>; <\/strong>todo un l\u00edder de opini\u00f3n que ofrecer\u00e1 el martes 11 de septiembre, la conferencia magistral\u00a0<em>\u201cEl enfoque en la ejecuci\u00f3n para lograr el \u00e9xito en los negocios\u201d.<\/em><\/p>\n<p>No cabe duda que la Secretar\u00eda de Econom\u00eda, a trav\u00e9s del Instituto Nacional del Emprendedor (INADEM), impulsa de manera decidida y con los mejores, la Semana \u00a0Nacional de Emprendedor 2018, para que emprendedores y empresarios se relacionen con instituciones especializadas en asesor\u00eda, financiamiento y nuevas tecnolog\u00edas, para detonar nuevos negocios e inversiones en M\u00e9xico.<\/p>\n<p>*** Y as\u00ed como el coordinador de la bancada de Morena en la C\u00e1mara de Diputados, <strong>Mario Delgado<\/strong>, anunci\u00f3 la cancelaci\u00f3n de dos viajes internacionales de los cuales, los legisladores ya hasta estaban haciendo maletas y al final se quedaron \u201cvestidos y alborotados\u201d, el coordinador de la fracci\u00f3n legislativa morenista en el Senado de la Rep\u00fablica, <strong>Ricardo Monreal Avila<\/strong>, anunci\u00f3 que conversar\u00e1 con el resto de los coordinadores en la C\u00e1mara Alta con el fin de proponerles que no asistan a Foros Internacionales programados para septiembre.<\/p>\n<p>*** El Instituto Nacional de las Mujeres (Inmujeres) participar\u00e1 tambi\u00e9n en la edici\u00f3n 2018 de la Semana Nacional del Emprendedor organizada por la Secretar\u00eda de Econom\u00eda a trav\u00e9s del Instituto Nacional del Emprendedor (Inadem), y los asistentes podr\u00e1n acceder a asesor\u00edas y financiamiento para iniciar su negocio o hacer crecer su micro, peque\u00f1a o mediana empresa.<\/p>\n<p>Este a\u00f1o la tem\u00e1tica es la \u201cEvoluci\u00f3n del Ecosistema Emprendedor\u201d y sus ejes transversales son la innovaci\u00f3n, el financiamiento y las tecnolog\u00edas emergentes.<\/p>\n<p>Nuevamente contar\u00e1 con el ecosistema \u201cMujeres de Impacto\u201d, en el cual las emprendedoras y empresarias podr\u00e1n realizar networking y tendr\u00e1n asesoramiento personalizado para sus proyectos. Enhorabuena.<\/p>\n<p><a href=\"mailto:morcora@gmail.com\" target=\"_blank\" rel=\"noopener\"><em>morcora@gmail.com<\/em><\/a><\/p>\n","protected":false},"excerpt":{"rendered":"<p><span style=\"color: #005497;\"><strong>Adriana Moreno Cordero<\/strong><\/span><\/p>\n","protected":false},"author":3,"featured_media":0,"comment_status":"open","ping_status":"open","sticky":false,"template":"","format":"standard","meta":{"_monsterinsights_skip_tracking":false,"_monsterinsights_sitenote_active":false,"_monsterinsights_sitenote_note":"","_monsterinsights_sitenote_category":0,"footnotes":""},"categories":[69370],"tags":[69369,69368,43674],"class_list":["post-393994","post","type-post","status-publish","format-standard","hentry","category-adriana-moreno-cordero","tag-adriana-moreno-cordero","tag-la-retaguardia","tag-opinion"],"_links":{"self":[{"href":"https:\/\/www.diarioimagen.net\/index.php?rest_route=\/wp\/v2\/posts\/393994","targetHints":{"allow":["GET"]}}],"collection":[{"href":"https:\/\/www.diarioimagen.net\/index.php?rest_route=\/wp\/v2\/posts"}],"about":[{"href":"https:\/\/www.diarioimagen.net\/index.php?rest_route=\/wp\/v2\/types\/post"}],"author":[{"embeddable":true,"href":"https:\/\/www.diarioimagen.net\/index.php?rest_route=\/wp\/v2\/users\/3"}],"replies":[{"embeddable":true,"href":"https:\/\/www.diarioimagen.net\/index.php?rest_route=%2Fwp%2Fv2%2Fcomments&post=393994"}],"version-history":[{"count":0,"href":"https:\/\/www.diarioimagen.net\/index.php?rest_route=\/wp\/v2\/posts\/393994\/revisions"}],"wp:attachment":[{"href":"https:\/\/www.diarioimagen.net\/index.php?rest_route=%2Fwp%2Fv2%2Fmedia&parent=393994"}],"wp:term":[{"taxonomy":"category","embeddable":true,"href":"https:\/\/www.diarioimagen.net\/index.php?rest_route=%2Fwp%2Fv2%2Fcategories&post=393994"},{"taxonomy":"post_tag","embeddable":true,"href":"https:\/\/www.diarioimagen.net\/index.php?rest_route=%2Fwp%2Fv2%2Ftags&post=393994"}],"curies":[{"name":"wp","href":"https:\/\/api.w.org\/{rel}","templated":true}]}}