{"id":394097,"date":"2018-09-11T00:11:55","date_gmt":"2018-09-11T05:11:55","guid":{"rendered":"https:\/\/www.diarioimagen.net\/?p=394097"},"modified":"2018-09-11T05:56:05","modified_gmt":"2018-09-11T10:56:05","slug":"capacita-gem-a-mas-de-11-mil-mexiquenses-con-el-programa-becate","status":"publish","type":"post","link":"https:\/\/www.diarioimagen.net\/?p=394097","title":{"rendered":"Capacitan a m\u00e1s de 11 mil mexiquenses con \u201cB\u00e9cate\u201d"},"content":{"rendered":"<h2>Arco Norte<\/h2>\n<h5>Jos\u00e9 Luis Monta\u00f1ez Aguilar<\/h5>\n<p>&nbsp;<\/p>\n<div id=\"attachment_394098\" style=\"width: 470px\" class=\"wp-caption aligncenter\"><img loading=\"lazy\" decoding=\"async\" aria-describedby=\"caption-attachment-394098\" class=\"size-large wp-image-394098\" src=\"https:\/\/www.diarioimagen.net\/wp-content\/uploads\/2018\/09\/BECATE11-portal-460x268.jpg\" alt=\"\" width=\"460\" height=\"268\" srcset=\"https:\/\/www.diarioimagen.net\/wp-content\/uploads\/2018\/09\/BECATE11-portal-460x268.jpg 460w, https:\/\/www.diarioimagen.net\/wp-content\/uploads\/2018\/09\/BECATE11-portal-240x140.jpg 240w, https:\/\/www.diarioimagen.net\/wp-content\/uploads\/2018\/09\/BECATE11-portal.jpg 480w\" sizes=\"auto, (max-width: 460px) 100vw, 460px\" \/><p id=\"caption-attachment-394098\" class=\"wp-caption-text\">M\u00e1s de 11 mil mexiquenses recibieron capacitaci\u00f3n pagada gracias a su incorporaci\u00f3n al subprograma B\u00e9cate.<\/p><\/div>\n<p>&nbsp;<\/p>\n<p>Durante los primeros 12 meses de la presente administraci\u00f3n estatal, m\u00e1s de 11 mil mexiquenses recibieron capacitaci\u00f3n pagada gracias a su incorporaci\u00f3n al subprograma B\u00e9cate, lo que quiere decir, seg\u00fan datos del Servicio Nacional de Empleo, que una de cada 10 personas que recibi\u00f3 este beneficio vive en el Estado de M\u00e9xico, inform\u00f3 el secretario del Trabajo, Ignacio Rub\u00ed Salazar.<\/p>\n<p>Agreg\u00f3 que los ciudadanos que se inscriben a los cursos B\u00e9cate reciben un sueldo diario que va de uno a tres salarios m\u00ednimos, durante el tiempo que duran la capacitaci\u00f3n, adem\u00e1s se les otorga un apoyo econ\u00f3mico para transporte por cada d\u00eda que asistan a clases.<\/p>\n<p>Precis\u00f3 que en los primeros 12 meses se ha invertido m\u00e1s de 51 millones de pesos para organizar 484 talleres, en los que se ha adiestrado a m\u00e1s de 11 mil mexiquenses, y de ellos, 7 mil 600 han logrado su incorporaci\u00f3n exitosa al mercado formal, es decir, el 68 por ciento de los beneficiarios.<\/p>\n<p style=\"text-align: center;\"><strong>Entregan apoyos de Fonart a artesanos mexiquenses para su labor<\/strong><\/p>\n<p>Como parte del respaldo que el Instituto de Investigaci\u00f3n y Fomento de las Artesan\u00edas del Estado de M\u00e9xico (IIFAEM) brinda a la comunidad artesanal mexiquense, este lunes se entregaron apoyos a 520 artesanas y artesanos de distintas demarcaciones de la entidad.<\/p>\n<p>Isabel Guadarrama S\u00e1nchez, directora general de este Instituto, inform\u00f3 que el IIFAEM realiza las gestiones correspondientes ante el Fondo Nacional para el Fomento de las Artesan\u00edas (FONART), a fin de que los artesanos tengan acceso a recursos econ\u00f3micos y bienes en especie, correspondientes a los programas Apoyos para impulsar la producci\u00f3n y Apoyos para la salud visual, que instrumenta la dependencia federal.<\/p>\n<p>Detall\u00f3 que en esta ocasi\u00f3n se benefici\u00f3 a 500 productores de 27 municipios mexiquenses como Acambay, Chiconcuac, Chimalhuac\u00e1n, Ixtapan del Oro, Ixtlahuaca, Juchitepec, Metepec, Ray\u00f3n, San Antonio La Isla, Temoaya, Tenancingo, Villa Victoria, Villa de Allende y Zacualpan, entre otros, a trav\u00e9s del programa Apoyos para impulsar la producci\u00f3n.<\/p>\n<p>Los recursos destinados a este programa ascienden a un mill\u00f3n 479 mil 500 pesos, cuyo objetivo es la adquisici\u00f3n de materia prima.<\/p>\n<p>A\u00f1adi\u00f3 que adem\u00e1s se invierten 231 mil 750 pesos con el objetivo de fomentar la cultura de la salud preventiva y reducir accidentes y enfermedades derivados de la actividad artesanal.<\/p>\n<p>Para ello, se realizaron ex\u00e1menes visuales y se entregar\u00e1n 200 pares de lentes a igual n\u00famero de maestros del arte popular originarios de 22 demarcaciones como Chimalhuac\u00e1n, Jiquipilco, San Jos\u00e9 del Rinc\u00f3n, Tejupilco, Teotihuac\u00e1n, Toluca, Villa del Carb\u00f3n e Ixtapan del Oro, entre otras.Cabe destacar que 65 de ellos, quienes se dedican a las ramas de lapidaria y cantera, madera y metalister\u00eda, tambi\u00e9n recibieron anteojos de seguridad que los protegen de los incidentes propios de sus respectivas actividades.<\/p>\n<p><em><a href=\"mailto:montanezaguilar@gmail.com\" target=\"_blank\" rel=\"noopener\">montanezaguilar@gmail.com<\/a><\/em><\/p>\n","protected":false},"excerpt":{"rendered":"<p><span style=\"color: #005497;\">Jos\u00e9 Luis Monta\u00f1ez Aguilar<\/span><br \/>\n<br \/>\nDurante los primeros 12 meses de la presente administraci\u00f3n estatal, m\u00e1s de 11 mil mexiquenses recibieron capacitaci\u00f3n pagada gracias a su incorporaci\u00f3n al subprograma B\u00e9cate, lo que quiere decir,<\/p>\n","protected":false},"author":5,"featured_media":394098,"comment_status":"open","ping_status":"open","sticky":false,"template":"","format":"standard","meta":{"_monsterinsights_skip_tracking":false,"_monsterinsights_sitenote_active":false,"_monsterinsights_sitenote_note":"","_monsterinsights_sitenote_category":0,"footnotes":""},"categories":[5],"tags":[78050,78052,6609,78051],"class_list":["post-394097","post","type-post","status-publish","format-standard","has-post-thumbnail","hentry","category-estado-de-mexico","tag-11-mil-mexiquenses","tag-cada-10-beneficiarios","tag-mexiquenses","tag-programa-becate"],"_links":{"self":[{"href":"https:\/\/www.diarioimagen.net\/index.php?rest_route=\/wp\/v2\/posts\/394097","targetHints":{"allow":["GET"]}}],"collection":[{"href":"https:\/\/www.diarioimagen.net\/index.php?rest_route=\/wp\/v2\/posts"}],"about":[{"href":"https:\/\/www.diarioimagen.net\/index.php?rest_route=\/wp\/v2\/types\/post"}],"author":[{"embeddable":true,"href":"https:\/\/www.diarioimagen.net\/index.php?rest_route=\/wp\/v2\/users\/5"}],"replies":[{"embeddable":true,"href":"https:\/\/www.diarioimagen.net\/index.php?rest_route=%2Fwp%2Fv2%2Fcomments&post=394097"}],"version-history":[{"count":0,"href":"https:\/\/www.diarioimagen.net\/index.php?rest_route=\/wp\/v2\/posts\/394097\/revisions"}],"wp:featuredmedia":[{"embeddable":true,"href":"https:\/\/www.diarioimagen.net\/index.php?rest_route=\/wp\/v2\/media\/394098"}],"wp:attachment":[{"href":"https:\/\/www.diarioimagen.net\/index.php?rest_route=%2Fwp%2Fv2%2Fmedia&parent=394097"}],"wp:term":[{"taxonomy":"category","embeddable":true,"href":"https:\/\/www.diarioimagen.net\/index.php?rest_route=%2Fwp%2Fv2%2Fcategories&post=394097"},{"taxonomy":"post_tag","embeddable":true,"href":"https:\/\/www.diarioimagen.net\/index.php?rest_route=%2Fwp%2Fv2%2Ftags&post=394097"}],"curies":[{"name":"wp","href":"https:\/\/api.w.org\/{rel}","templated":true}]}}