{"id":394152,"date":"2018-09-11T00:11:25","date_gmt":"2018-09-11T05:11:25","guid":{"rendered":"https:\/\/www.diarioimagen.net\/?p=394152"},"modified":"2018-09-11T05:13:03","modified_gmt":"2018-09-11T10:13:03","slug":"no-prosperara-intento-de-desestabilizacion-amlo","status":"publish","type":"post","link":"https:\/\/www.diarioimagen.net\/?p=394152","title":{"rendered":"No prosperar\u00e1 intento de desestabilizaci\u00f3n: AMLO"},"content":{"rendered":"<ul>\n<li><strong><em>Reuni\u00f3n con el rector Enrique Graue<\/em><\/strong><\/li>\n<li><strong><em>Demanda actuar por la v\u00eda legal contra agresores<\/em><\/strong><\/li>\n<\/ul>\n<p>&nbsp;<\/p>\n<div id=\"attachment_394230\" style=\"width: 470px\" class=\"wp-caption aligncenter\"><a href=\"https:\/\/www.diarioimagen.net\/?attachment_id=394230\" rel=\"attachment wp-att-394230\"><img loading=\"lazy\" decoding=\"async\" aria-describedby=\"caption-attachment-394230\" class=\"size-large wp-image-394230\" src=\"https:\/\/www.diarioimagen.net\/wp-content\/uploads\/2018\/09\/amlo-3452-460x259.jpg\" alt=\"\" width=\"460\" height=\"259\" srcset=\"https:\/\/www.diarioimagen.net\/wp-content\/uploads\/2018\/09\/amlo-3452-460x259.jpg 460w, https:\/\/www.diarioimagen.net\/wp-content\/uploads\/2018\/09\/amlo-3452-240x135.jpg 240w, https:\/\/www.diarioimagen.net\/wp-content\/uploads\/2018\/09\/amlo-3452-235x132.jpg 235w, https:\/\/www.diarioimagen.net\/wp-content\/uploads\/2018\/09\/amlo-3452-202x114.jpg 202w, https:\/\/www.diarioimagen.net\/wp-content\/uploads\/2018\/09\/amlo-3452-350x196.jpg 350w, https:\/\/www.diarioimagen.net\/wp-content\/uploads\/2018\/09\/amlo-3452-220x123.jpg 220w, https:\/\/www.diarioimagen.net\/wp-content\/uploads\/2018\/09\/amlo-3452-237x132.jpg 237w, https:\/\/www.diarioimagen.net\/wp-content\/uploads\/2018\/09\/amlo-3452.jpg 480w\" sizes=\"auto, (max-width: 460px) 100vw, 460px\" \/><\/a><p id=\"caption-attachment-394230\" class=\"wp-caption-text\">Andr\u00e9s Manuel L\u00f3pez Obrador recibi\u00f3 en sus oficinas de la casa de transici\u00f3n al rector de la UNAM, Enrique Graue.<\/p><\/div>\n<p>&nbsp;<\/p>\n<p>El Presidente electo, Andr\u00e9s Manuel L\u00f3pez Obrador, pidi\u00f3 actuar por la v\u00eda legal, como hasta ahora, contra los responsables de la violencia en la Universidad Nacional Aut\u00f3noma de M\u00e9xico (UNAM), que no haya encubrimiento y se mantenga la autonom\u00eda de la m\u00e1xima casa de estudios.<\/p>\n<p>Luego de recibir en sus oficinas de la casa de transici\u00f3n al rector de la Universidad Nacional Aut\u00f3noma de M\u00e9xico (UNAM), Enrique Graue, el Presidente electo difundi\u00f3 un video sobre el encuentro, a trav\u00e9s de sus redes sociales.<\/p>\n<p>Reconoci\u00f3 la legitimidad del movimiento que est\u00e1n impulsando los j\u00f3venes para acabar con los abusos y la violencia en la UNAM y asegur\u00f3 que los universitarios est\u00e1n actuando con mucha responsabilidad.<\/p>\n<p>Anticip\u00f3 que ante la madurez con la que est\u00e1n actuado los muchachos no ser\u00e1 f\u00e1cil que intereses ajenos \u201cse monten en el movimiento para desestabilizar\u201d con otros fines.<\/p>\n<p>Al reiterar su confianza en las autoridades universitarias, el presidente electo tambi\u00e9n se pronunci\u00f3 porque se mantenga la estabilidad en la UNAM, al llamar a que no se acepte ninguna provocaci\u00f3n, manteniendo el di\u00e1logo ante todo.<\/p>\n<p style=\"text-align: center;\"><strong>No prosperar\u00e1 ning\u00fan intento <\/strong><strong>para afectar a la UNAM<\/strong><\/p>\n<p>Tras la reuni\u00f3n con el rector, L\u00f3pez Obrador subi\u00f3 un video en el que asegur\u00f3 que \u201cno prosperar\u00e1 ning\u00fan intento de desestabilizaci\u00f3n\u201d en la UNAM.<\/p>\n<p>\u201cMe reun\u00ed con Enrique Graue, rector de la UNAM; coincidimos en que las demandas de los j\u00f3venes son justas y, como espero se atiendan, pronto se volver\u00e1 a la normalidad\u201d, dijo AMLO.<\/p>\n<p style=\"text-align: center;\"><strong>Graue reconoce \u201ctrabajo insuficiente\u201d para eliminar porros<\/strong><\/p>\n<p>El rector de la UNAM, Enrique Graue, reconoci\u00f3 que el trabajo para eliminar a los \u201cgrupos porrriles\u201d en la m\u00e1xima casa de estudios ha sido insuficiente, por lo que plante\u00f3 una reestructura en el \u00e1rea de seguridad.<\/p>\n<p>\u201cHemos venido trabajando en ello, obviamente esto ha sido insuficiente, parte de las recomendaciones tienen que salir de la comisi\u00f3n especial de seguridad del Consejo Universitario, tenemos que reestructurar el \u00e1rea por completo de la mano de trabajadores, estudiantes y profesores\u201d, asegur\u00f3 a su salida de la casa de transici\u00f3n donde se reuni\u00f3 con el presidente electo, Andr\u00e9s Manuel L\u00f3pez Obrador. Sobre los problemas de violencia en la Universidad, el rector dijo que el presidente electo lo tiene consciente y fue solidario con la UNAM.<\/p>\n<p>\u201cHablamos del presupuesto de la UNAM, de los posibles incrementos salariales y la situaci\u00f3n que viven otras Universidades aut\u00f3nomas y por supuesto del problema que vive la Universidad\u201d, agreg\u00f3. A pregunta de los representantes de los medios de comunicaci\u00f3n, el rector rechaz\u00f3 que autoridades universitarias sean c\u00f3mplices de los \u201cgrupo.<\/p>\n","protected":false},"excerpt":{"rendered":"<p>El Presidente electo, Andr\u00e9s Manuel L\u00f3pez Obrador, pidi\u00f3 actuar por la v\u00eda legal, como hasta ahora, contra los responsables de la violencia en la Universidad Nacional Aut\u00f3noma de M\u00e9xico (UNAM), que no haya encubrimiento y se mantenga la autonom\u00eda de la m\u00e1xima casa de estudios.<\/p>\n","protected":false},"author":3,"featured_media":394230,"comment_status":"open","ping_status":"open","sticky":false,"template":"","format":"standard","meta":{"_monsterinsights_skip_tracking":false,"_monsterinsights_sitenote_active":false,"_monsterinsights_sitenote_note":"","_monsterinsights_sitenote_category":0,"footnotes":""},"categories":[1295],"tags":[1352,43694,570],"class_list":["post-394152","post","type-post","status-publish","format-standard","has-post-thumbnail","hentry","category-educacion","tag-andres-manuel-lopez-obrador","tag-educacion","tag-unam"],"_links":{"self":[{"href":"https:\/\/www.diarioimagen.net\/index.php?rest_route=\/wp\/v2\/posts\/394152","targetHints":{"allow":["GET"]}}],"collection":[{"href":"https:\/\/www.diarioimagen.net\/index.php?rest_route=\/wp\/v2\/posts"}],"about":[{"href":"https:\/\/www.diarioimagen.net\/index.php?rest_route=\/wp\/v2\/types\/post"}],"author":[{"embeddable":true,"href":"https:\/\/www.diarioimagen.net\/index.php?rest_route=\/wp\/v2\/users\/3"}],"replies":[{"embeddable":true,"href":"https:\/\/www.diarioimagen.net\/index.php?rest_route=%2Fwp%2Fv2%2Fcomments&post=394152"}],"version-history":[{"count":0,"href":"https:\/\/www.diarioimagen.net\/index.php?rest_route=\/wp\/v2\/posts\/394152\/revisions"}],"wp:featuredmedia":[{"embeddable":true,"href":"https:\/\/www.diarioimagen.net\/index.php?rest_route=\/wp\/v2\/media\/394230"}],"wp:attachment":[{"href":"https:\/\/www.diarioimagen.net\/index.php?rest_route=%2Fwp%2Fv2%2Fmedia&parent=394152"}],"wp:term":[{"taxonomy":"category","embeddable":true,"href":"https:\/\/www.diarioimagen.net\/index.php?rest_route=%2Fwp%2Fv2%2Fcategories&post=394152"},{"taxonomy":"post_tag","embeddable":true,"href":"https:\/\/www.diarioimagen.net\/index.php?rest_route=%2Fwp%2Fv2%2Ftags&post=394152"}],"curies":[{"name":"wp","href":"https:\/\/api.w.org\/{rel}","templated":true}]}}