{"id":394168,"date":"2018-09-11T00:10:36","date_gmt":"2018-09-11T05:10:36","guid":{"rendered":"https:\/\/www.diarioimagen.net\/?p=394168"},"modified":"2018-09-11T05:19:54","modified_gmt":"2018-09-11T10:19:54","slug":"firman-uaem-e-isem-alianza-en-beneficio-de-la-sociedad","status":"publish","type":"post","link":"https:\/\/www.diarioimagen.net\/?p=394168","title":{"rendered":"Firman UAEM e ISEM alianza en beneficio de la sociedad"},"content":{"rendered":"<ul>\n<li><strong><em>Impulsan formaci\u00f3n de excelencia en profesionales de la salud<\/em><\/strong><\/li>\n<\/ul>\n<p>&nbsp;<\/p>\n<div id=\"attachment_394242\" style=\"width: 470px\" class=\"wp-caption aligncenter\"><a href=\"https:\/\/www.diarioimagen.net\/?attachment_id=394242\" rel=\"attachment wp-att-394242\"><img loading=\"lazy\" decoding=\"async\" aria-describedby=\"caption-attachment-394242\" class=\"size-large wp-image-394242\" src=\"https:\/\/www.diarioimagen.net\/wp-content\/uploads\/2018\/09\/UAEM-3452-460x259.jpg\" alt=\"\" width=\"460\" height=\"259\" srcset=\"https:\/\/www.diarioimagen.net\/wp-content\/uploads\/2018\/09\/UAEM-3452-460x259.jpg 460w, https:\/\/www.diarioimagen.net\/wp-content\/uploads\/2018\/09\/UAEM-3452-240x135.jpg 240w, https:\/\/www.diarioimagen.net\/wp-content\/uploads\/2018\/09\/UAEM-3452-235x132.jpg 235w, https:\/\/www.diarioimagen.net\/wp-content\/uploads\/2018\/09\/UAEM-3452-202x114.jpg 202w, https:\/\/www.diarioimagen.net\/wp-content\/uploads\/2018\/09\/UAEM-3452-350x196.jpg 350w, https:\/\/www.diarioimagen.net\/wp-content\/uploads\/2018\/09\/UAEM-3452-220x123.jpg 220w, https:\/\/www.diarioimagen.net\/wp-content\/uploads\/2018\/09\/UAEM-3452-237x132.jpg 237w, https:\/\/www.diarioimagen.net\/wp-content\/uploads\/2018\/09\/UAEM-3452.jpg 480w\" sizes=\"auto, (max-width: 460px) 100vw, 460px\" \/><\/a><p id=\"caption-attachment-394242\" class=\"wp-caption-text\">El rector, Alfredo Barrera Baca, firm\u00f3 un convenio general de colaboraci\u00f3n y atestigu\u00f3 la signa de dos de car\u00e1cter espec\u00edfico con el secretario de Salud y director general del ISEM, Gabriel Jaime O\u00b4Shea Cuevas.<\/p><\/div>\n<p>&nbsp;<\/p>\n<p><strong>Toluca, Estado de M\u00e9xico<\/strong>.\u2013 El Instituto de Salud del Estado de M\u00e9xico (ISEM) facilitar\u00e1 a estudiantes de la Universidad Aut\u00f3noma del Estado de M\u00e9xico el acceso a escenarios excepcionales para el aprendizaje de la pr\u00e1ctica y ciencia m\u00e9dica en hospitales de Acolman, Amecameca, Atlacomulco, Axapusco, Chimalhuac\u00e1n, Ecatepec, Huehuetoca, Nezahualc\u00f3yotl, Tejupilco, Toluca, Valle de Chalco y Zumpango, detall\u00f3 el rector Alfredo Barrera Baca.<\/p>\n<p>Al firmar un convenio general de colaboraci\u00f3n y atestiguar la signa de dos de car\u00e1cter espec\u00edfico con el secretario de Salud y director general del ISEM, Gabriel Jaime O\u00b4Shea Cuevas, abund\u00f3 que en correspondencia, la UAEM aportar\u00e1 talentos en especialidades de cardiolog\u00eda, neumolog\u00eda, nefrolog\u00eda, oncolog\u00eda y geriatr\u00eda, entre otras.<\/p>\n<p>En la Sala \u201cDr. Gustavo Baz Prada\u201d del Edificio de Rector\u00eda y en presencia del coordinador de Salud del Instituto, Carlos Esteban Aranza Doniz, se\u00f1al\u00f3 que cada integrante de la comunidad universitaria es solidario con los mexiquenses a trav\u00e9s de pr\u00e1cticas escolares, servicio social, Brigadas Universitarias Multidisciplinarias y otras formas de voluntariado.<\/p>\n<p>Ante los directores de la Facultad de Enfermer\u00eda y Obstetricia y la Unidad Acad\u00e9mica Profesional UAEM Chimalhuac\u00e1n -donde se oferta la carrera de M\u00e9dico Cirujano-, quienes firmaron los convenios espec\u00edficos, Alfredo Barrera Baca expres\u00f3 que para la Aut\u00f3noma mexiquense \u201ceducar es el principio de una actividad m\u00e1s amplia que se propone crear liderazgos pol\u00edticos y sociales, cuadros cient\u00edficos y tecnol\u00f3gicos y, sobre todo, protagonistas sensibles al cambio que nunca cesa en el pa\u00eds\u201d. O\u00b4Shea Cuevas destac\u00f3 que la instancia a su cargo ofrece a estudiantes un amplio campo de actuaci\u00f3n, en el que a partir de programas de pr\u00e1ctica cl\u00ednica prestablecidos y avalados, son importantes en la responsabilidad de velar por el bienestar de los mexiquenses.<\/p>\n<p>Luego de reconocer al rector Alfredo Barrera Baca su disposici\u00f3n para trabajar de forma conjunta, el servidor p\u00fablico estatal sostuvo que con la firma de los convenios se renueva la estrecha e hist\u00f3rica relaci\u00f3n entre la UAEM y el ISEM; asimismo, se impulsa una formaci\u00f3n de excelencia en los profesionales de la salud y propicia el desarrollo de la investigaci\u00f3n cient\u00edfica.<\/p>\n<p>La secretaria de Docencia de la UAEM, Estela Delgado Maya, explic\u00f3 que los convenios espec\u00edficos tienen por objeto fortalecer la ense\u00f1anza durante el periodo de ciclos cl\u00ednicos, que beneficiar\u00e1n a la Licenciatura en Enfermer\u00eda, al fortalecer conocimientos en enfermer\u00eda quir\u00fargica, terapia de heridas y estomas, cuidados intensivos y otros. En tanto, los estudiantes de la Licenciatura en M\u00e9dico Cirujano pondr\u00e1n a la pr\u00e1ctica conocimientos de nutrici\u00f3n, pediatr\u00eda, salud p\u00fablica, cardiolog\u00eda, neumolog\u00eda, nefrolog\u00eda, entre otros.<\/p>\n","protected":false},"excerpt":{"rendered":"<p>El Instituto de Salud del Estado de M\u00e9xico (ISEM) facilitar\u00e1 a estudiantes de la Universidad Aut\u00f3noma del Estado de M\u00e9xico el acceso a escenarios excepcionales para el aprendizaje de la pr\u00e1ctica y ciencia m\u00e9dica en hospitales de Acolman, Amecameca, Atlacomulco, Axapusco, Chimalhuac\u00e1n, Ecatepec, Huehuetoca, Nezahualc\u00f3yotl, Tejupilco, Toluca, Valle de Chalco y Zumpango, detall\u00f3 el rector Alfredo Barrera Baca.<\/p>\n","protected":false},"author":3,"featured_media":394242,"comment_status":"open","ping_status":"open","sticky":false,"template":"","format":"standard","meta":{"_monsterinsights_skip_tracking":false,"_monsterinsights_sitenote_active":false,"_monsterinsights_sitenote_note":"","_monsterinsights_sitenote_category":0,"footnotes":""},"categories":[5],"tags":[43675,13566,4302,452],"class_list":["post-394168","post","type-post","status-publish","format-standard","has-post-thumbnail","hentry","category-estado-de-mexico","tag-estado-de-mexico","tag-isem","tag-sociedad","tag-toluca"],"_links":{"self":[{"href":"https:\/\/www.diarioimagen.net\/index.php?rest_route=\/wp\/v2\/posts\/394168","targetHints":{"allow":["GET"]}}],"collection":[{"href":"https:\/\/www.diarioimagen.net\/index.php?rest_route=\/wp\/v2\/posts"}],"about":[{"href":"https:\/\/www.diarioimagen.net\/index.php?rest_route=\/wp\/v2\/types\/post"}],"author":[{"embeddable":true,"href":"https:\/\/www.diarioimagen.net\/index.php?rest_route=\/wp\/v2\/users\/3"}],"replies":[{"embeddable":true,"href":"https:\/\/www.diarioimagen.net\/index.php?rest_route=%2Fwp%2Fv2%2Fcomments&post=394168"}],"version-history":[{"count":0,"href":"https:\/\/www.diarioimagen.net\/index.php?rest_route=\/wp\/v2\/posts\/394168\/revisions"}],"wp:featuredmedia":[{"embeddable":true,"href":"https:\/\/www.diarioimagen.net\/index.php?rest_route=\/wp\/v2\/media\/394242"}],"wp:attachment":[{"href":"https:\/\/www.diarioimagen.net\/index.php?rest_route=%2Fwp%2Fv2%2Fmedia&parent=394168"}],"wp:term":[{"taxonomy":"category","embeddable":true,"href":"https:\/\/www.diarioimagen.net\/index.php?rest_route=%2Fwp%2Fv2%2Fcategories&post=394168"},{"taxonomy":"post_tag","embeddable":true,"href":"https:\/\/www.diarioimagen.net\/index.php?rest_route=%2Fwp%2Fv2%2Ftags&post=394168"}],"curies":[{"name":"wp","href":"https:\/\/api.w.org\/{rel}","templated":true}]}}