{"id":394196,"date":"2018-09-11T00:03:12","date_gmt":"2018-09-11T05:03:12","guid":{"rendered":"https:\/\/www.diarioimagen.net\/?p=394196"},"modified":"2018-09-11T06:31:35","modified_gmt":"2018-09-11T11:31:35","slug":"acciones-coordinadas-para-desalojar-aguas-pluviales-en-valle-de-chalco","status":"publish","type":"post","link":"https:\/\/www.diarioimagen.net\/?p=394196","title":{"rendered":"Acciones coordinadas para desalojar aguas pluviales en Valle de Chalco"},"content":{"rendered":"<ul>\n<li><strong><em>Colonia San Miguel Las Tablas<\/em><\/strong><\/li>\n<\/ul>\n<p>&nbsp;<\/p>\n<div id=\"attachment_394269\" style=\"width: 470px\" class=\"wp-caption aligncenter\"><a href=\"https:\/\/www.diarioimagen.net\/?attachment_id=394269\" rel=\"attachment wp-att-394269\"><img loading=\"lazy\" decoding=\"async\" aria-describedby=\"caption-attachment-394269\" class=\"size-large wp-image-394269\" src=\"https:\/\/www.diarioimagen.net\/wp-content\/uploads\/2018\/09\/CHALCO-3452-460x259.jpg\" alt=\"\" width=\"460\" height=\"259\" srcset=\"https:\/\/www.diarioimagen.net\/wp-content\/uploads\/2018\/09\/CHALCO-3452-460x259.jpg 460w, https:\/\/www.diarioimagen.net\/wp-content\/uploads\/2018\/09\/CHALCO-3452-240x135.jpg 240w, https:\/\/www.diarioimagen.net\/wp-content\/uploads\/2018\/09\/CHALCO-3452-235x132.jpg 235w, https:\/\/www.diarioimagen.net\/wp-content\/uploads\/2018\/09\/CHALCO-3452-202x114.jpg 202w, https:\/\/www.diarioimagen.net\/wp-content\/uploads\/2018\/09\/CHALCO-3452-350x196.jpg 350w, https:\/\/www.diarioimagen.net\/wp-content\/uploads\/2018\/09\/CHALCO-3452-220x123.jpg 220w, https:\/\/www.diarioimagen.net\/wp-content\/uploads\/2018\/09\/CHALCO-3452-237x132.jpg 237w, https:\/\/www.diarioimagen.net\/wp-content\/uploads\/2018\/09\/CHALCO-3452.jpg 480w\" sizes=\"auto, (max-width: 460px) 100vw, 460px\" \/><\/a><p id=\"caption-attachment-394269\" class=\"wp-caption-text\">Trabajos de la CAEM para auxiliar a la poblaci\u00f3n afectada por las lluvias en Valle de Chalco.<\/p><\/div>\n<p>&nbsp;<\/p>\n<p><strong>Valle de Chalco, Estado de M\u00e9xico<\/strong>.- La Comisi\u00f3n del Agua del Estado de M\u00e9xico (CAEM), en coordinaci\u00f3n con autoridades de Valle de Chalco, llev\u00f3 a cabo trabajos para auxiliar a la poblaci\u00f3n afectada por las lluvias en los d\u00edas recientes, entre ellos, la construcci\u00f3n de una sangr\u00eda, con el apoyo de retroexcavadoras, para desalojar las aguas pluviales que inundaron varias calles y una escuela, en la colonia San Miguel Las Tablas.<\/p>\n<p>Estas labores dieron como resultado que el agua que inund\u00f3 la primaria TICIC fuera extra\u00edda y que iniciaran las labores de limpieza y desinfecci\u00f3n, mismas que ya concluyeron.<\/p>\n<p>Las condiciones urbanas de San Miguel Las Tablas, colonia de reciente creaci\u00f3n que no cuenta con servicio de drenaje ni pavimentaci\u00f3n, oblig\u00f3 a elementos del Grupo Tl\u00e1loc a iniciar una excavaci\u00f3n de 900 metros lineales, para canalizar el agua al Canal General.<\/p>\n<p>Al mismo tiempo, una cuadrilla de la CAEM y personal del Organismo Descentralizado de Agua Potable Alcantarillado y Saneamiento del municipio, utiliz\u00f3 tres equipos de presi\u00f3n-succi\u00f3n, tres retroexcavadoras, un cami\u00f3n tipo volteo y bombas, para reducir los niveles de agua en las zonas afectadas.<\/p>\n","protected":false},"excerpt":{"rendered":"<p>La Comisi\u00f3n del Agua del Estado de M\u00e9xico (CAEM), en coordinaci\u00f3n con autoridades de Valle de Chalco, llev\u00f3 a cabo trabajos para auxiliar a la poblaci\u00f3n afectada por las lluvias en los d\u00edas recientes, entre ellos, la construcci\u00f3n de una sangr\u00eda, con el apoyo de retroexcavadoras, para desalojar las aguas pluviales que inundaron varias calles y una escuela, en la colonia San Miguel Las Tablas.<\/p>\n","protected":false},"author":3,"featured_media":394269,"comment_status":"open","ping_status":"open","sticky":false,"template":"","format":"standard","meta":{"_monsterinsights_skip_tracking":false,"_monsterinsights_sitenote_active":false,"_monsterinsights_sitenote_note":"","_monsterinsights_sitenote_category":0,"footnotes":""},"categories":[35155],"tags":[27076,43675,968],"class_list":["post-394196","post","type-post","status-publish","format-standard","has-post-thumbnail","hentry","category-estado-de-mexico-estado-de-mexico","tag-desalojo","tag-estado-de-mexico","tag-valle-de-chalco"],"_links":{"self":[{"href":"https:\/\/www.diarioimagen.net\/index.php?rest_route=\/wp\/v2\/posts\/394196","targetHints":{"allow":["GET"]}}],"collection":[{"href":"https:\/\/www.diarioimagen.net\/index.php?rest_route=\/wp\/v2\/posts"}],"about":[{"href":"https:\/\/www.diarioimagen.net\/index.php?rest_route=\/wp\/v2\/types\/post"}],"author":[{"embeddable":true,"href":"https:\/\/www.diarioimagen.net\/index.php?rest_route=\/wp\/v2\/users\/3"}],"replies":[{"embeddable":true,"href":"https:\/\/www.diarioimagen.net\/index.php?rest_route=%2Fwp%2Fv2%2Fcomments&post=394196"}],"version-history":[{"count":0,"href":"https:\/\/www.diarioimagen.net\/index.php?rest_route=\/wp\/v2\/posts\/394196\/revisions"}],"wp:featuredmedia":[{"embeddable":true,"href":"https:\/\/www.diarioimagen.net\/index.php?rest_route=\/wp\/v2\/media\/394269"}],"wp:attachment":[{"href":"https:\/\/www.diarioimagen.net\/index.php?rest_route=%2Fwp%2Fv2%2Fmedia&parent=394196"}],"wp:term":[{"taxonomy":"category","embeddable":true,"href":"https:\/\/www.diarioimagen.net\/index.php?rest_route=%2Fwp%2Fv2%2Fcategories&post=394196"},{"taxonomy":"post_tag","embeddable":true,"href":"https:\/\/www.diarioimagen.net\/index.php?rest_route=%2Fwp%2Fv2%2Ftags&post=394196"}],"curies":[{"name":"wp","href":"https:\/\/api.w.org\/{rel}","templated":true}]}}