{"id":394198,"date":"2018-09-11T00:08:29","date_gmt":"2018-09-11T05:08:29","guid":{"rendered":"https:\/\/www.diarioimagen.net\/?p=394198"},"modified":"2018-09-11T05:22:37","modified_gmt":"2018-09-11T10:22:37","slug":"participan-naucalpenses-en-2-importantes-carreras-atleticas","status":"publish","type":"post","link":"https:\/\/www.diarioimagen.net\/?p=394198","title":{"rendered":"Participan naucalpenses en 2 importantes carreras atl\u00e9ticas"},"content":{"rendered":"<ul>\n<li><strong><em>La de Probosque y Salvando Vidas<\/em><\/strong><\/li>\n<\/ul>\n<p>&nbsp;<\/p>\n<div id=\"attachment_394249\" style=\"width: 470px\" class=\"wp-caption aligncenter\"><a href=\"https:\/\/www.diarioimagen.net\/?attachment_id=394249\" rel=\"attachment wp-att-394249\"><img loading=\"lazy\" decoding=\"async\" aria-describedby=\"caption-attachment-394249\" class=\"size-large wp-image-394249\" src=\"https:\/\/www.diarioimagen.net\/wp-content\/uploads\/2018\/09\/NAUCALPAN-3452-460x259.jpg\" alt=\"\" width=\"460\" height=\"259\" srcset=\"https:\/\/www.diarioimagen.net\/wp-content\/uploads\/2018\/09\/NAUCALPAN-3452-460x259.jpg 460w, https:\/\/www.diarioimagen.net\/wp-content\/uploads\/2018\/09\/NAUCALPAN-3452-240x135.jpg 240w, https:\/\/www.diarioimagen.net\/wp-content\/uploads\/2018\/09\/NAUCALPAN-3452-235x132.jpg 235w, https:\/\/www.diarioimagen.net\/wp-content\/uploads\/2018\/09\/NAUCALPAN-3452-202x114.jpg 202w, https:\/\/www.diarioimagen.net\/wp-content\/uploads\/2018\/09\/NAUCALPAN-3452-350x196.jpg 350w, https:\/\/www.diarioimagen.net\/wp-content\/uploads\/2018\/09\/NAUCALPAN-3452-220x123.jpg 220w, https:\/\/www.diarioimagen.net\/wp-content\/uploads\/2018\/09\/NAUCALPAN-3452-237x132.jpg 237w, https:\/\/www.diarioimagen.net\/wp-content\/uploads\/2018\/09\/NAUCALPAN-3452.jpg 480w\" sizes=\"auto, (max-width: 460px) 100vw, 460px\" \/><\/a><p id=\"caption-attachment-394249\" class=\"wp-caption-text\">Con la participaci\u00f3n de m\u00e1s de 3 mil personas se realiz\u00f3 en Naucalpan la carrera \u201cTodo M\u00e9xico Salvando Vidas\u201d, que organiz\u00f3 la Cruz Roja Mexicana.<\/p><\/div>\n<p>&nbsp;<\/p>\n<p><strong>Naucalpan, Estado de M\u00e9xico<\/strong>.- Con la participaci\u00f3n de m\u00e1s de 3 mil personas se realiz\u00f3 en este municipio la carrera \u201cTodo M\u00e9xico Salvando Vidas\u201d, que organiz\u00f3 la Cruz Roja Mexicana de manera simult\u00e1nea en diversas sedes del pa\u00eds y otros 300 naucalpenses corrieron la justa atl\u00e9tica Probosque.<\/p>\n<p>La presidenta del Sistema Municipal para el Desarrollo Integral de la Familia (DIF), Liliana Carrizales de G\u00e1lvez, en compa\u00f1\u00eda de la delegada regional de la Cruz Roja Mexicana, Silvia Olivares, dio el banderazo de salida a los competidores en las categor\u00edas de 5, 10 km y caminata, que se realiz\u00f3 en la glorieta de Escultores y V\u00eda Gustavo Baz en Ciudad Sat\u00e9lite.<\/p>\n<p>Los fondos recabados por inscripciones de esta carrera ser\u00e1n canalizados para realizar obras y servicios de la Cruz Roja en este municipio.<\/p>\n<p>En otra acci\u00f3n, el Instituto Municipal de Cultura F\u00edsica y Deporte de Naucalpan (IMCUFIDEN) en coordinaci\u00f3n con la Protectora de Bosques del Estado de M\u00e9xico, realiz\u00f3 la carrera atl\u00e9tica Probosque, en el Parque Naucalli, con la finalidad de promover una vida saludable entre la poblaci\u00f3n de la demarcaci\u00f3n.<\/p>\n<p>En esta actividad participaron m\u00e1s de 300 personas, de la rama varonil y femenil, la categor\u00eda fue libre dirigida a corredores de 18 a 30 a\u00f1os y superlibre, para personas de 31 a\u00f1os en adelante.<\/p>\n<p>Los naucalpenses corrieron tres kil\u00f3metros donde los primeros lugares obtuvieron trofeos de madera reciclada, y al resto de los competidores se les dio\u00f3 una medalla en reconocimiento a su participaci\u00f3n en esta din\u00e1mica que promueve la activaci\u00f3n f\u00edsica.<\/p>\n","protected":false},"excerpt":{"rendered":"<p>Con la participaci\u00f3n de m\u00e1s de 3 mil personas se realiz\u00f3 en este municipio la carrera \u201cTodo M\u00e9xico Salvando Vidas\u201d, que organiz\u00f3 la Cruz Roja Mexicana de manera simult\u00e1nea en diversas sedes del pa\u00eds y otros 300 naucalpenses corrieron la justa atl\u00e9tica Probosque.<\/p>\n","protected":false},"author":3,"featured_media":394249,"comment_status":"open","ping_status":"open","sticky":false,"template":"","format":"standard","meta":{"_monsterinsights_skip_tracking":false,"_monsterinsights_sitenote_active":false,"_monsterinsights_sitenote_note":"","_monsterinsights_sitenote_category":0,"footnotes":""},"categories":[35155],"tags":[12584,43675,970],"class_list":["post-394198","post","type-post","status-publish","format-standard","has-post-thumbnail","hentry","category-estado-de-mexico-estado-de-mexico","tag-carrera","tag-estado-de-mexico","tag-naucalpan"],"_links":{"self":[{"href":"https:\/\/www.diarioimagen.net\/index.php?rest_route=\/wp\/v2\/posts\/394198","targetHints":{"allow":["GET"]}}],"collection":[{"href":"https:\/\/www.diarioimagen.net\/index.php?rest_route=\/wp\/v2\/posts"}],"about":[{"href":"https:\/\/www.diarioimagen.net\/index.php?rest_route=\/wp\/v2\/types\/post"}],"author":[{"embeddable":true,"href":"https:\/\/www.diarioimagen.net\/index.php?rest_route=\/wp\/v2\/users\/3"}],"replies":[{"embeddable":true,"href":"https:\/\/www.diarioimagen.net\/index.php?rest_route=%2Fwp%2Fv2%2Fcomments&post=394198"}],"version-history":[{"count":0,"href":"https:\/\/www.diarioimagen.net\/index.php?rest_route=\/wp\/v2\/posts\/394198\/revisions"}],"wp:featuredmedia":[{"embeddable":true,"href":"https:\/\/www.diarioimagen.net\/index.php?rest_route=\/wp\/v2\/media\/394249"}],"wp:attachment":[{"href":"https:\/\/www.diarioimagen.net\/index.php?rest_route=%2Fwp%2Fv2%2Fmedia&parent=394198"}],"wp:term":[{"taxonomy":"category","embeddable":true,"href":"https:\/\/www.diarioimagen.net\/index.php?rest_route=%2Fwp%2Fv2%2Fcategories&post=394198"},{"taxonomy":"post_tag","embeddable":true,"href":"https:\/\/www.diarioimagen.net\/index.php?rest_route=%2Fwp%2Fv2%2Ftags&post=394198"}],"curies":[{"name":"wp","href":"https:\/\/api.w.org\/{rel}","templated":true}]}}