{"id":394204,"date":"2018-09-11T00:05:51","date_gmt":"2018-09-11T05:05:51","guid":{"rendered":"https:\/\/www.diarioimagen.net\/?p=394204"},"modified":"2018-09-11T05:25:45","modified_gmt":"2018-09-11T10:25:45","slug":"listo-el-operativo-de-seguridad-para-este-15-y-16-de-septiembre","status":"publish","type":"post","link":"https:\/\/www.diarioimagen.net\/?p=394204","title":{"rendered":"Listo, el operativo de seguridad para este 15 y 16 de septiembre"},"content":{"rendered":"<ul>\n<li><strong><em>En Huixquilucan habr\u00e1 4 gritos y el desfile<\/em><\/strong><\/li>\n<\/ul>\n<p>&nbsp;<\/p>\n<div id=\"attachment_394259\" style=\"width: 470px\" class=\"wp-caption aligncenter\"><a href=\"https:\/\/www.diarioimagen.net\/?attachment_id=394259\" rel=\"attachment wp-att-394259\"><img loading=\"lazy\" decoding=\"async\" aria-describedby=\"caption-attachment-394259\" class=\"size-large wp-image-394259\" src=\"https:\/\/www.diarioimagen.net\/wp-content\/uploads\/2018\/09\/HIXQUILUCAN-3452-460x259.jpg\" alt=\"\" width=\"460\" height=\"259\" srcset=\"https:\/\/www.diarioimagen.net\/wp-content\/uploads\/2018\/09\/HIXQUILUCAN-3452-460x259.jpg 460w, https:\/\/www.diarioimagen.net\/wp-content\/uploads\/2018\/09\/HIXQUILUCAN-3452-240x135.jpg 240w, https:\/\/www.diarioimagen.net\/wp-content\/uploads\/2018\/09\/HIXQUILUCAN-3452-235x132.jpg 235w, https:\/\/www.diarioimagen.net\/wp-content\/uploads\/2018\/09\/HIXQUILUCAN-3452-202x114.jpg 202w, https:\/\/www.diarioimagen.net\/wp-content\/uploads\/2018\/09\/HIXQUILUCAN-3452-350x196.jpg 350w, https:\/\/www.diarioimagen.net\/wp-content\/uploads\/2018\/09\/HIXQUILUCAN-3452-220x123.jpg 220w, https:\/\/www.diarioimagen.net\/wp-content\/uploads\/2018\/09\/HIXQUILUCAN-3452-237x132.jpg 237w, https:\/\/www.diarioimagen.net\/wp-content\/uploads\/2018\/09\/HIXQUILUCAN-3452.jpg 480w\" sizes=\"auto, (max-width: 460px) 100vw, 460px\" \/><\/a><p id=\"caption-attachment-394259\" class=\"wp-caption-text\">El director de Seguridad P\u00fablica y Vialidad, Luis Antonio Alarc\u00f3n Mart\u00ednez, detall\u00f3 que toda la fuerza p\u00fablica de Huixquilucan ser\u00e1 desplegada para reforzar la vigilancia en el municipio.<\/p><\/div>\n<p>&nbsp;<\/p>\n<p><strong>Huixquilucan, Estado de M\u00e9xico<\/strong>.- Con el fin de que las familias puedan celebrar el 208 aniversario del inicio de la Independencia, a partir del primer minuto del s\u00e1bado 15 de septiembre y hasta concluir las actividades del desfile c\u00edvico en calles de la cabecera municipal de Huixquilucan, se mantendr\u00e1 el operativo de seguridad, \u201cFiestas Patrias 2018\u201d, inform\u00f3 el director de Seguridad P\u00fablica y Vialidad, Luis Antonio Alarc\u00f3n Mart\u00ednez.<\/p>\n<p>Detall\u00f3 que por instrucciones del alcalde, Enrique Vargas del Villar, toda la fuerza p\u00fablica de Huixquilucan ser\u00e1 desplegada para reforzar la vigilancia en el municipio, en especial en las cuatro sedes donde habr\u00e1 Grito de Independencia y durante el desfile.<\/p>\n<p>Para conmemorar el inicio de la gesta heroica, el s\u00e1bado 15 de septiembre, los huixquiluquenses podr\u00e1n disfrutar de los festejos patrios en la explanada municipal, donde se contar\u00e1 con la presencia de Chuy Liz\u00e1rraga y su banda Tierra Sinaloense.<\/p>\n<p>En tanto, en las oficinas administrativas de Pirules, Los Primos MX y Amor Andino, ser\u00e1n los encargados de contagiar de alegr\u00eda a las familias ah\u00ed reunidas. De manera simult\u00e1nea, en San Fernando, el grupo Merengossa y en Magdalena Chichicaspa, Dinast\u00eda Cruz, amenizar\u00e1n la celebraci\u00f3n patria a partir de la 21:00 horas.<\/p>\n<p>En la cabecera municipal, Pirules, San Fernando y Magdalena Chichicaspa, habr\u00e1 operativos de vigilancia para evitar incidentes, adem\u00e1s de supervisar la quema de pirotecnia.<\/p>\n<p>Cabe se\u00f1alar que para el 15 y 16 de septiembre, se realizar\u00e1n cortes a la circulaci\u00f3n en el primer cuadro de la cabecera municipal, por lo que se hace un llamado para tomar precauciones.<\/p>\n","protected":false},"excerpt":{"rendered":"<p>Con el fin de que las familias puedan celebrar el 208 aniversario del inicio de la Independencia, a partir del primer minuto del s\u00e1bado 15 de septiembre y hasta concluir las actividades del desfile c\u00edvico en calles de la cabecera municipal de Huixquilucan, se mantendr\u00e1 el operativo de seguridad, \u201cFiestas Patrias 2018\u201d, inform\u00f3 el director de Seguridad P\u00fablica y Vialidad, Luis Antonio Alarc\u00f3n Mart\u00ednez.<\/p>\n","protected":false},"author":3,"featured_media":394259,"comment_status":"open","ping_status":"open","sticky":false,"template":"","format":"standard","meta":{"_monsterinsights_skip_tracking":false,"_monsterinsights_sitenote_active":false,"_monsterinsights_sitenote_note":"","_monsterinsights_sitenote_category":0,"footnotes":""},"categories":[35155],"tags":[43675,1097,7349,43677],"class_list":["post-394204","post","type-post","status-publish","format-standard","has-post-thumbnail","hentry","category-estado-de-mexico-estado-de-mexico","tag-estado-de-mexico","tag-huixquilucan","tag-operativo","tag-seguridad"],"_links":{"self":[{"href":"https:\/\/www.diarioimagen.net\/index.php?rest_route=\/wp\/v2\/posts\/394204","targetHints":{"allow":["GET"]}}],"collection":[{"href":"https:\/\/www.diarioimagen.net\/index.php?rest_route=\/wp\/v2\/posts"}],"about":[{"href":"https:\/\/www.diarioimagen.net\/index.php?rest_route=\/wp\/v2\/types\/post"}],"author":[{"embeddable":true,"href":"https:\/\/www.diarioimagen.net\/index.php?rest_route=\/wp\/v2\/users\/3"}],"replies":[{"embeddable":true,"href":"https:\/\/www.diarioimagen.net\/index.php?rest_route=%2Fwp%2Fv2%2Fcomments&post=394204"}],"version-history":[{"count":0,"href":"https:\/\/www.diarioimagen.net\/index.php?rest_route=\/wp\/v2\/posts\/394204\/revisions"}],"wp:featuredmedia":[{"embeddable":true,"href":"https:\/\/www.diarioimagen.net\/index.php?rest_route=\/wp\/v2\/media\/394259"}],"wp:attachment":[{"href":"https:\/\/www.diarioimagen.net\/index.php?rest_route=%2Fwp%2Fv2%2Fmedia&parent=394204"}],"wp:term":[{"taxonomy":"category","embeddable":true,"href":"https:\/\/www.diarioimagen.net\/index.php?rest_route=%2Fwp%2Fv2%2Fcategories&post=394204"},{"taxonomy":"post_tag","embeddable":true,"href":"https:\/\/www.diarioimagen.net\/index.php?rest_route=%2Fwp%2Fv2%2Ftags&post=394204"}],"curies":[{"name":"wp","href":"https:\/\/api.w.org\/{rel}","templated":true}]}}