{"id":394208,"date":"2018-09-11T00:09:53","date_gmt":"2018-09-11T05:09:53","guid":{"rendered":"https:\/\/www.diarioimagen.net\/?p=394208"},"modified":"2018-09-11T05:27:50","modified_gmt":"2018-09-11T10:27:50","slug":"equipo-trece-pueblos-va-por-boleto-para-el-nacional-de-charros","status":"publish","type":"post","link":"https:\/\/www.diarioimagen.net\/?p=394208","title":{"rendered":"Equipo \u201cTrece Pueblos\u201d va por boleto para el Nacional de Charros"},"content":{"rendered":"<ul>\n<li><strong><em>Sucesores de los fundadores de Cuautitl\u00e1n<\/em><\/strong><\/li>\n<\/ul>\n<p>&nbsp;<\/p>\n<div id=\"attachment_394265\" style=\"width: 470px\" class=\"wp-caption aligncenter\"><a href=\"https:\/\/www.diarioimagen.net\/?attachment_id=394265\" rel=\"attachment wp-att-394265\"><img loading=\"lazy\" decoding=\"async\" aria-describedby=\"caption-attachment-394265\" class=\"size-large wp-image-394265\" src=\"https:\/\/www.diarioimagen.net\/wp-content\/uploads\/2018\/09\/CUAUTITLAN-3452-460x259.jpg\" alt=\"\" width=\"460\" height=\"259\" srcset=\"https:\/\/www.diarioimagen.net\/wp-content\/uploads\/2018\/09\/CUAUTITLAN-3452-460x259.jpg 460w, https:\/\/www.diarioimagen.net\/wp-content\/uploads\/2018\/09\/CUAUTITLAN-3452-240x135.jpg 240w, https:\/\/www.diarioimagen.net\/wp-content\/uploads\/2018\/09\/CUAUTITLAN-3452-235x132.jpg 235w, https:\/\/www.diarioimagen.net\/wp-content\/uploads\/2018\/09\/CUAUTITLAN-3452-202x114.jpg 202w, https:\/\/www.diarioimagen.net\/wp-content\/uploads\/2018\/09\/CUAUTITLAN-3452-350x196.jpg 350w, https:\/\/www.diarioimagen.net\/wp-content\/uploads\/2018\/09\/CUAUTITLAN-3452-220x123.jpg 220w, https:\/\/www.diarioimagen.net\/wp-content\/uploads\/2018\/09\/CUAUTITLAN-3452-237x132.jpg 237w, https:\/\/www.diarioimagen.net\/wp-content\/uploads\/2018\/09\/CUAUTITLAN-3452.jpg 480w\" sizes=\"auto, (max-width: 460px) 100vw, 460px\" \/><\/a><p id=\"caption-attachment-394265\" class=\"wp-caption-text\">En el pasado Torneo Estatal Atlacomulco 2018, el equipo que ensaya sus suertes en las instalaciones del Lienzo Charro Cuautitl\u00e1n Izcalli, hizo historia al sumar 296 puntos.<\/p><\/div>\n<p>&nbsp;<\/p>\n<p><strong>Cuautitl\u00e1n Izcalli, Estado de M\u00e9xico<\/strong>.- En el marco de las fiestas patrias, el equipo charro de Cuautitl\u00e1n Izcalli, \u201cTrece Pueblos\u201d, participar\u00e1 este viernes 14 de septiembre en el Campeonato Nacional Mexicano de Charrer\u00eda, que tendr\u00e1 como sede Silao, Guanajuato, evento en el que estar\u00e1 en juego el boleto para asistir al Campeonato Nacional Charro Zacatecas 2018.<\/p>\n<p>\u201cTrece Pueblos\u201d est\u00e1 conformado por izcallenses oriundos de algunos de los 13 pueblos que hace 45 a\u00f1os dieron origen a Cuautitl\u00e1n Izcalli y comprometidos con el deporte nacional por excelencia.<\/p>\n<p>Los integrantes de \u201cTrece Pueblos\u201d son: Alejandro Salgado, de 26 a\u00f1os de edad; Alessandro Schiavon, de 20 a\u00f1os; Ra\u00fal Gonz\u00e1lez, de 23 a\u00f1os; Enrique Reus, de 19 a\u00f1os; Israel Fragoso, de 36 a\u00f1os, y Ricardo G\u00f3mez, de 28 a\u00f1os.<\/p>\n<p>Tambi\u00e9n lo integran Jerusalem Fragoso, de 38 a\u00f1os y proveniente de Ecatepec; \u00c9dgar Moctezuma, de Tepeji del R\u00edo y con 33 a\u00f1os de edad, adem\u00e1s del oriundo del municipio mexiquense de Coacalco, Miguel Fragoso, de 18 a\u00f1os. Con tres a\u00f1os de integraci\u00f3n, los charros izcallenses han participado a lo largo del a\u00f1o en distintos torneos enfrentando a equipos de gran nivel, con el objetivo de adquirir confianza y mayor competitividad para enfrentar los compromisos que tienen en puerta.<\/p>\n<p>En el pasado Torneo Estatal Atlacomulco 2018, el equipo que ensaya sus suertes en las instalaciones del Lienzo Charro Cuautitl\u00e1n Izcalli, hizo historia al sumar 296 puntos y clasificarse a la siguiente ronda, lo que no suced\u00eda desde 1994.<\/p>\n<p>De ah\u00ed las expectativas de asistir a la m\u00e1xima competencia de la Charrer\u00eda en M\u00e9xico, que representa el \u201cCongreso y Campeonato Nacional Charro Zacatecas 2018\u201d.<\/p>\n<p>El viernes 14, por cierto, se celebra el \u201cD\u00eda del Charro\u201d, lo que se toma como un buen augurio para que los charros izcallenses muestren su mejor nivel en Silao. Suerte para ellos, exponentes de un deporte nacional y orgullosamente formados en nuestra demarcaci\u00f3n.<\/p>\n","protected":false},"excerpt":{"rendered":"<p>En el marco de las fiestas patrias, el equipo charro de Cuautitl\u00e1n Izcalli, \u201cTrece Pueblos\u201d, participar\u00e1 este viernes 14 de septiembre en el Campeonato Nacional Mexicano de Charrer\u00eda, que tendr\u00e1 como sede Silao, Guanajuato, evento en el que estar\u00e1 en juego el boleto para asistir al Campeonato Nacional Charro Zacatecas 2018.<\/p>\n","protected":false},"author":3,"featured_media":394265,"comment_status":"open","ping_status":"open","sticky":false,"template":"","format":"standard","meta":{"_monsterinsights_skip_tracking":false,"_monsterinsights_sitenote_active":false,"_monsterinsights_sitenote_note":"","_monsterinsights_sitenote_category":0,"footnotes":""},"categories":[35155],"tags":[971,43675,78093],"class_list":["post-394208","post","type-post","status-publish","format-standard","has-post-thumbnail","hentry","category-estado-de-mexico-estado-de-mexico","tag-cuautitlan-izcalli","tag-estado-de-mexico","tag-nacional-de-charros"],"_links":{"self":[{"href":"https:\/\/www.diarioimagen.net\/index.php?rest_route=\/wp\/v2\/posts\/394208","targetHints":{"allow":["GET"]}}],"collection":[{"href":"https:\/\/www.diarioimagen.net\/index.php?rest_route=\/wp\/v2\/posts"}],"about":[{"href":"https:\/\/www.diarioimagen.net\/index.php?rest_route=\/wp\/v2\/types\/post"}],"author":[{"embeddable":true,"href":"https:\/\/www.diarioimagen.net\/index.php?rest_route=\/wp\/v2\/users\/3"}],"replies":[{"embeddable":true,"href":"https:\/\/www.diarioimagen.net\/index.php?rest_route=%2Fwp%2Fv2%2Fcomments&post=394208"}],"version-history":[{"count":0,"href":"https:\/\/www.diarioimagen.net\/index.php?rest_route=\/wp\/v2\/posts\/394208\/revisions"}],"wp:featuredmedia":[{"embeddable":true,"href":"https:\/\/www.diarioimagen.net\/index.php?rest_route=\/wp\/v2\/media\/394265"}],"wp:attachment":[{"href":"https:\/\/www.diarioimagen.net\/index.php?rest_route=%2Fwp%2Fv2%2Fmedia&parent=394208"}],"wp:term":[{"taxonomy":"category","embeddable":true,"href":"https:\/\/www.diarioimagen.net\/index.php?rest_route=%2Fwp%2Fv2%2Fcategories&post=394208"},{"taxonomy":"post_tag","embeddable":true,"href":"https:\/\/www.diarioimagen.net\/index.php?rest_route=%2Fwp%2Fv2%2Ftags&post=394208"}],"curies":[{"name":"wp","href":"https:\/\/api.w.org\/{rel}","templated":true}]}}