{"id":394441,"date":"2018-09-12T00:06:46","date_gmt":"2018-09-12T05:06:46","guid":{"rendered":"https:\/\/www.diarioimagen.net\/?p=394441"},"modified":"2018-09-12T06:41:47","modified_gmt":"2018-09-12T11:41:47","slug":"captura-fgjem-a-2-sujetos-investigados-por-13-homicidios-en-la-region-de-nicolas-romero","status":"publish","type":"post","link":"https:\/\/www.diarioimagen.net\/?p=394441","title":{"rendered":"Captura FGJEM a 2 sujetos investigados por 13 homicidios en la regi\u00f3n de Nicol\u00e1s Romero"},"content":{"rendered":"<ul>\n<li><strong><em>Pertenecen a \u201cLa Banda del Mirra\u201d<\/em><\/strong><\/li>\n<\/ul>\n<p>&nbsp;<\/p>\n<div id=\"attachment_394494\" style=\"width: 470px\" class=\"wp-caption aligncenter\"><a href=\"https:\/\/www.diarioimagen.net\/?attachment_id=394494\" rel=\"attachment wp-att-394494\"><img loading=\"lazy\" decoding=\"async\" aria-describedby=\"caption-attachment-394494\" class=\"size-large wp-image-394494\" src=\"https:\/\/www.diarioimagen.net\/wp-content\/uploads\/2018\/09\/w16-2-460x259.jpg\" alt=\"\" width=\"460\" height=\"259\" srcset=\"https:\/\/www.diarioimagen.net\/wp-content\/uploads\/2018\/09\/w16-2-460x259.jpg 460w, https:\/\/www.diarioimagen.net\/wp-content\/uploads\/2018\/09\/w16-2-240x135.jpg 240w, https:\/\/www.diarioimagen.net\/wp-content\/uploads\/2018\/09\/w16-2-235x132.jpg 235w, https:\/\/www.diarioimagen.net\/wp-content\/uploads\/2018\/09\/w16-2-202x114.jpg 202w, https:\/\/www.diarioimagen.net\/wp-content\/uploads\/2018\/09\/w16-2-350x196.jpg 350w, https:\/\/www.diarioimagen.net\/wp-content\/uploads\/2018\/09\/w16-2-220x123.jpg 220w, https:\/\/www.diarioimagen.net\/wp-content\/uploads\/2018\/09\/w16-2-237x132.jpg 237w, https:\/\/www.diarioimagen.net\/wp-content\/uploads\/2018\/09\/w16-2.jpg 480w\" sizes=\"auto, (max-width: 460px) 100vw, 460px\" \/><\/a><p id=\"caption-attachment-394494\" class=\"wp-caption-text\">Omar \u201cN\u201d lideraba a un grupo de homicidas y Francisco \u201cN\u201d estaba encargado de realizar los asesinatos.<\/p><\/div>\n<p>&nbsp;<\/p>\n<p><strong>Nicol\u00e1s Romero, Estado de M\u00e9xico<\/strong>.- Como resultado de diversas acciones de investigaci\u00f3n realizadas por agentes de la Fiscal\u00eda General de Justicia del Estado de M\u00e9xico (FGJEM), quienes contaron con el apoyo de autoridades federales y estatales, fueron detenidos dos sujetos investigados por su probable participaci\u00f3n en por lo menos 13 homicidios en la regi\u00f3n de Nicol\u00e1s Romero.<\/p>\n<p>En conferencia de prensa, Alejandro G\u00f3mez S\u00e1nchez, titular de la Fiscal\u00eda General de Justicia estatal inform\u00f3 sobre la detenci\u00f3n de Omar \u201cN\u201d, quien lideraba a un grupo de homicidas de la banda delincuencial a la que pertenec\u00eda, conocida como \u201cLa Banda del Mirra\u201d, y Francisco \u201cN\u201d, quien estaba encargado de llevar a cabo diversos homicidios dentro de la c\u00e9lula delictiva.<\/p>\n<p>\u201cDerivado de acciones operativas y de inteligencia realizadas por esta Fiscal\u00eda General, en coordinaci\u00f3n con autoridades federales y estatales, fueron detenidos dos sujetos, quienes formaban parte de una c\u00e9lula delictiva de distribuidores de drogas que operaba en la regi\u00f3n de Nicol\u00e1s Romero, en la que se desempe\u00f1aban como encargados de realizar diversos asesinatos y los cuales estar\u00edan relacionados con al menos 13 homicidios cometidos en los \u00faltimos dos a\u00f1os\u201d, explic\u00f3 G\u00f3mez S\u00e1nchez.<\/p>\n<p>Las diligencias realizadas han permitido establecer la probable participaci\u00f3n de estos dos sujetos en al menos 13 homicidios registrados desde octubre del 2016 en la regi\u00f3n de Nicol\u00e1s Romero.<\/p>\n<p>De los casos referidos, uno se registr\u00f3 el 23 de marzo de 2017 en la colonia Campestre Liberaci\u00f3n, del municipio de Nicol\u00e1s Romero. Ese d\u00eda fue asesinado un sujeto de 30 a\u00f1os de edad y su hija, de 6 a\u00f1os.<\/p>\n<p>Otro m\u00e1s se registr\u00f3 en diciembre de 2017, en la colonia Ju\u00e1rez Barr\u00f3n, del mismo municipio; ese d\u00eda fueron baleados un hombre de 25 a\u00f1os y su pareja, una mujer de 24 a\u00f1os, y de igual manera muri\u00f3 tambi\u00e9n el hijo de ambos, un peque\u00f1o de 3 a\u00f1os de edad.<\/p>\n<p>Estos dos sujetos fueron detenidos a finales de agosto pasado, luego de registrarse un enfrentamiento con elementos de esta Fiscal\u00eda General en el que no se registraron personas lesionadas.<\/p>\n<p>Al momento de su detenci\u00f3n les fueron asegurados los siguientes art\u00edculos: Un arma de fuego .9mm abastecida con 6 cartuchos \u00fatiles, 6 tel\u00e9fonos celulares, 1 bolsa con hierba verde con las caracter\u00edsticas de la mariguana, 1 bolsa con piedra blanca con las caracter\u00edsticas de la coca\u00edna en piedra, un veh\u00edculo compacto<\/p>\n","protected":false},"excerpt":{"rendered":"<p> Como resultado de diversas acciones de investigaci\u00f3n realizadas por agentes de la Fiscal\u00eda General de Justicia del Estado de M\u00e9xico (FGJEM), quienes contaron con el apoyo de autoridades federales y estatales, fueron detenidos dos sujetos investigados por su probable participaci\u00f3n en por lo menos 13 homicidios en la regi\u00f3n de Nicol\u00e1s Romero.<\/p>\n","protected":false},"author":3,"featured_media":394494,"comment_status":"open","ping_status":"open","sticky":false,"template":"","format":"standard","meta":{"_monsterinsights_skip_tracking":false,"_monsterinsights_sitenote_active":false,"_monsterinsights_sitenote_note":"","_monsterinsights_sitenote_category":0,"footnotes":""},"categories":[35155],"tags":[43675,653,78148,752],"class_list":["post-394441","post","type-post","status-publish","format-standard","has-post-thumbnail","hentry","category-estado-de-mexico-estado-de-mexico","tag-estado-de-mexico","tag-homicidio","tag-investigador","tag-nicolas-romero"],"_links":{"self":[{"href":"https:\/\/www.diarioimagen.net\/index.php?rest_route=\/wp\/v2\/posts\/394441","targetHints":{"allow":["GET"]}}],"collection":[{"href":"https:\/\/www.diarioimagen.net\/index.php?rest_route=\/wp\/v2\/posts"}],"about":[{"href":"https:\/\/www.diarioimagen.net\/index.php?rest_route=\/wp\/v2\/types\/post"}],"author":[{"embeddable":true,"href":"https:\/\/www.diarioimagen.net\/index.php?rest_route=\/wp\/v2\/users\/3"}],"replies":[{"embeddable":true,"href":"https:\/\/www.diarioimagen.net\/index.php?rest_route=%2Fwp%2Fv2%2Fcomments&post=394441"}],"version-history":[{"count":0,"href":"https:\/\/www.diarioimagen.net\/index.php?rest_route=\/wp\/v2\/posts\/394441\/revisions"}],"wp:featuredmedia":[{"embeddable":true,"href":"https:\/\/www.diarioimagen.net\/index.php?rest_route=\/wp\/v2\/media\/394494"}],"wp:attachment":[{"href":"https:\/\/www.diarioimagen.net\/index.php?rest_route=%2Fwp%2Fv2%2Fmedia&parent=394441"}],"wp:term":[{"taxonomy":"category","embeddable":true,"href":"https:\/\/www.diarioimagen.net\/index.php?rest_route=%2Fwp%2Fv2%2Fcategories&post=394441"},{"taxonomy":"post_tag","embeddable":true,"href":"https:\/\/www.diarioimagen.net\/index.php?rest_route=%2Fwp%2Fv2%2Ftags&post=394441"}],"curies":[{"name":"wp","href":"https:\/\/api.w.org\/{rel}","templated":true}]}}