{"id":394695,"date":"2018-09-14T00:03:26","date_gmt":"2018-09-14T05:03:26","guid":{"rendered":"https:\/\/www.diarioimagen.net\/?p=394695"},"modified":"2018-09-16T23:37:59","modified_gmt":"2018-09-17T04:37:59","slug":"analizan-lopez-obrador-y-gobernador-del-banxico-agenda-de-trabajo","status":"publish","type":"post","link":"https:\/\/www.diarioimagen.net\/?p=394695","title":{"rendered":"Analizan L\u00f3pez Obrador y gobernador del Banxico agenda de trabajo"},"content":{"rendered":"<ul>\n<li><em><strong>Dialogaron acerca de los retos y coyunturas nacionales<\/strong><\/em><\/li>\n<\/ul>\n<p>&nbsp;<\/p>\n<div id=\"attachment_394696\" style=\"width: 470px\" class=\"wp-caption aligncenter\"><img loading=\"lazy\" decoding=\"async\" aria-describedby=\"caption-attachment-394696\" class=\"size-large wp-image-394696\" src=\"https:\/\/www.diarioimagen.net\/wp-content\/uploads\/2018\/09\/BANXICO14-portal-460x268.jpg\" alt=\"\" width=\"460\" height=\"268\" srcset=\"https:\/\/www.diarioimagen.net\/wp-content\/uploads\/2018\/09\/BANXICO14-portal-460x268.jpg 460w, https:\/\/www.diarioimagen.net\/wp-content\/uploads\/2018\/09\/BANXICO14-portal-240x140.jpg 240w, https:\/\/www.diarioimagen.net\/wp-content\/uploads\/2018\/09\/BANXICO14-portal.jpg 480w\" sizes=\"auto, (max-width: 460px) 100vw, 460px\" \/><p id=\"caption-attachment-394696\" class=\"wp-caption-text\">Andr\u00e9s Manuel L\u00f3pez Obrador y el gobernador del Banxico, Alejandro D\u00edaz de Le\u00f3n, analizaron agenda de trabajo.<\/p><\/div>\n<p>&nbsp;<\/p>\n<p>El presidente electo Andr\u00e9s Manuel L\u00f3pez Obrador y el gobernador del Banco de M\u00e9xico (Banxico), Alejandro D\u00edaz de Le\u00f3n, dialogaron acerca de los retos y coyunturas nacionales para construir una agenda de trabajo.<\/p>\n<p>Entrevistado al salir de la reuni\u00f3n que se llev\u00f3 a cabo en la casa de transici\u00f3n, D\u00edaz de Le\u00f3n asever\u00f3 que fue una pl\u00e1tica sobre \u201cla coyuntura, el entorno; y fue un acercamiento muy productivo\u201d.<\/p>\n<p>Antes de retirarse del inmueble ubicado en el n\u00famero 216 de la calle Chihuahua, abund\u00f3 que el encuentro fue muy constructivo, para \u00abir construyendo di\u00e1logo y una agenda de trabajo como corresponde al Banco de M\u00e9xico, para cumplir con su mandato de tener una inflaci\u00f3n baja y un entorno de estabilidad\u201d.<\/p>\n<p>L\u00f3pez Obrador lleg\u00f3 aproximadamente a las 10:39 horas a sus oficinas, lugar al que tambi\u00e9n lleg\u00f3 la pr\u00f3xima secretaria de Gobernaci\u00f3n, Olga S\u00e1nchez Cordero, as\u00ed como un grupo de ni\u00f1os que le llev\u00f3 serenata al presidente electo.<\/p>\n<p>Se prev\u00e9 que por la tarde, alrededor de las 17:00 horas, L\u00f3pez Obrador asista a la presentaci\u00f3n del programa J\u00f3venes Construyendo el Futuro, en un hotel ubicado en la colonia Roma, de la Ciudad de M\u00e9xico.<\/p>\n","protected":false},"excerpt":{"rendered":"<p>El presidente electo Andr\u00e9s Manuel L\u00f3pez Obrador y el gobernador del Banco de M\u00e9xico (Banxico), Alejandro D\u00edaz de Le\u00f3n, dialogaron acerca de los retos y coyunturas nacionales para construir una agenda de trabajo.<\/p>\n","protected":false},"author":5,"featured_media":394696,"comment_status":"open","ping_status":"open","sticky":false,"template":"","format":"standard","meta":{"_monsterinsights_skip_tracking":false,"_monsterinsights_sitenote_active":false,"_monsterinsights_sitenote_note":"","_monsterinsights_sitenote_category":0,"footnotes":""},"categories":[8],"tags":[68321,1519,78187],"class_list":["post-394695","post","type-post","status-publish","format-standard","has-post-thumbnail","hentry","category-finanzas","tag-alejandro-diaz-de-leon","tag-banxico","tag-retos-y-coyunturas-nacionales"],"_links":{"self":[{"href":"https:\/\/www.diarioimagen.net\/index.php?rest_route=\/wp\/v2\/posts\/394695","targetHints":{"allow":["GET"]}}],"collection":[{"href":"https:\/\/www.diarioimagen.net\/index.php?rest_route=\/wp\/v2\/posts"}],"about":[{"href":"https:\/\/www.diarioimagen.net\/index.php?rest_route=\/wp\/v2\/types\/post"}],"author":[{"embeddable":true,"href":"https:\/\/www.diarioimagen.net\/index.php?rest_route=\/wp\/v2\/users\/5"}],"replies":[{"embeddable":true,"href":"https:\/\/www.diarioimagen.net\/index.php?rest_route=%2Fwp%2Fv2%2Fcomments&post=394695"}],"version-history":[{"count":0,"href":"https:\/\/www.diarioimagen.net\/index.php?rest_route=\/wp\/v2\/posts\/394695\/revisions"}],"wp:featuredmedia":[{"embeddable":true,"href":"https:\/\/www.diarioimagen.net\/index.php?rest_route=\/wp\/v2\/media\/394696"}],"wp:attachment":[{"href":"https:\/\/www.diarioimagen.net\/index.php?rest_route=%2Fwp%2Fv2%2Fmedia&parent=394695"}],"wp:term":[{"taxonomy":"category","embeddable":true,"href":"https:\/\/www.diarioimagen.net\/index.php?rest_route=%2Fwp%2Fv2%2Fcategories&post=394695"},{"taxonomy":"post_tag","embeddable":true,"href":"https:\/\/www.diarioimagen.net\/index.php?rest_route=%2Fwp%2Fv2%2Ftags&post=394695"}],"curies":[{"name":"wp","href":"https:\/\/api.w.org\/{rel}","templated":true}]}}