{"id":394782,"date":"2018-09-14T00:11:58","date_gmt":"2018-09-14T05:11:58","guid":{"rendered":"https:\/\/www.diarioimagen.net\/?p=394782"},"modified":"2018-09-14T05:27:38","modified_gmt":"2018-09-14T10:27:38","slug":"uaem-fue-sede-de-foro-sobre-cambio-climatico","status":"publish","type":"post","link":"https:\/\/www.diarioimagen.net\/?p=394782","title":{"rendered":"UAEM fue sede de foro sobre cambio clim\u00e1tico"},"content":{"rendered":"<ul>\n<li><strong><em>Di\u00e1logo entre expertos para analizar \u2018causas y efectos<\/em><\/strong><\/li>\n<\/ul>\n<p>&nbsp;<\/p>\n<div id=\"attachment_394822\" style=\"width: 470px\" class=\"wp-caption aligncenter\"><a href=\"https:\/\/www.diarioimagen.net\/?attachment_id=394822\" rel=\"attachment wp-att-394822\"><img loading=\"lazy\" decoding=\"async\" aria-describedby=\"caption-attachment-394822\" class=\"size-large wp-image-394822\" src=\"https:\/\/www.diarioimagen.net\/wp-content\/uploads\/2018\/09\/UAEM-3455-460x259.jpg\" alt=\"\" width=\"460\" height=\"259\" srcset=\"https:\/\/www.diarioimagen.net\/wp-content\/uploads\/2018\/09\/UAEM-3455-460x259.jpg 460w, https:\/\/www.diarioimagen.net\/wp-content\/uploads\/2018\/09\/UAEM-3455-240x135.jpg 240w, https:\/\/www.diarioimagen.net\/wp-content\/uploads\/2018\/09\/UAEM-3455-235x132.jpg 235w, https:\/\/www.diarioimagen.net\/wp-content\/uploads\/2018\/09\/UAEM-3455-202x114.jpg 202w, https:\/\/www.diarioimagen.net\/wp-content\/uploads\/2018\/09\/UAEM-3455-350x196.jpg 350w, https:\/\/www.diarioimagen.net\/wp-content\/uploads\/2018\/09\/UAEM-3455-220x123.jpg 220w, https:\/\/www.diarioimagen.net\/wp-content\/uploads\/2018\/09\/UAEM-3455-237x132.jpg 237w, https:\/\/www.diarioimagen.net\/wp-content\/uploads\/2018\/09\/UAEM-3455.jpg 480w\" sizes=\"auto, (max-width: 460px) 100vw, 460px\" \/><\/a><p id=\"caption-attachment-394822\" class=\"wp-caption-text\">En el foro participaron especialistas del Instituto Nacional de Ecolog\u00eda y Cambio Clim\u00e1tico, el Instituto Estatal de Energ\u00eda y Cambio Clim\u00e1tico y la UNAM.<\/p><\/div>\n<p>&nbsp;<\/p>\n<p><strong>Toluca, Estado de M\u00e9xico<\/strong>.\u2013 La Universidad Aut\u00f3noma del Estado de M\u00e9xico fue sede del Tercer Foro Ambiental INECC-UAEM-IEECC. Los retos para la humanidad ante el cambio clim\u00e1tico, que tiene como objetivo generar un di\u00e1logo entre expertos para analizar las causas y efectos del cambio clim\u00e1tico.<\/p>\n<p>En la Facultad de Geograf\u00eda de esta casa de estudios se llevaron a cabo conferencias magistrales, as\u00ed como paneles de discusi\u00f3n entre acad\u00e9micos universitarios y personal del Instituto Nacional de Ecolog\u00eda y Cambio Clim\u00e1tico (INECC) y el Instituto Estatal de Energ\u00eda y Cambio Clim\u00e1tico (IEECC).<\/p>\n<p>Ante la directora general del INECC, Mar\u00eda Elena L\u00f3pez Barrera, y el coordinador general de Cambio Clim\u00e1tico para la Evaluaci\u00f3n de las Pol\u00edticas P\u00fablicas y Adaptaci\u00f3n Social del propio instituto, Marco Antonio Heredia Fragoso, el director de dicho organismo universitario, Francisco Zepeda Mondrag\u00f3n, expres\u00f3 que el cambio clim\u00e1tico es ocasionado por toda la poblaci\u00f3n, \u201cas\u00ed que es necesario hacer un esfuerzo para formular pol\u00edticas p\u00fablicas que reviertan el da\u00f1o al medio ambiente\u201d.<\/p>\n<p>Es complicado, afirm\u00f3 Zepeda Mondrag\u00f3n, mitigar totalmente el da\u00f1o realizado a nuestro planeta; sin embargo, es posible adaptar las ciudades para generar menor cantidad de contaminantes y evitar el desgaste ambiental.<\/p>\n<p>En este ejercicio acad\u00e9mico participaron expertos de las facultades de Ciencias, Qu\u00edmica, Arquitectura y Dise\u00f1o y Planeaci\u00f3n Urbana y Regional. \u201cEl cambio clim\u00e1tico es un problema que debe atenderse desde diversas \u00e1reas del conocimiento\u201d.<\/p>\n<p>A la inauguraci\u00f3n asistieron tambi\u00e9n el coordinador del Programa de Investigaci\u00f3n en Cambio Clim\u00e1tico de la Universidad Nacional Aut\u00f3noma de M\u00e9xico, Carlos Gay Garc\u00eda; la presidenta del Consejo Consultivo de Protecci\u00f3n a la Biodiversidad y Desarrollo Sostenible del Estado de M\u00e9xico, Elizabeth Toriz Garc\u00eda, y el director del \u00c1rea de Protecci\u00f3n de Flora y Fauna del Nevado de Toluca, Mario Ferm\u00edn Casta\u00f1eda Rojas.<\/p>\n","protected":false},"excerpt":{"rendered":"<p>La Universidad Aut\u00f3noma del Estado de M\u00e9xico fue sede del Tercer Foro Ambiental INECC-UAEM-IEECC. Los retos para la humanidad ante el cambio clim\u00e1tico, que tiene como objetivo generar un di\u00e1logo entre expertos para analizar las causas<\/p>\n","protected":false},"author":3,"featured_media":394822,"comment_status":"open","ping_status":"open","sticky":false,"template":"","format":"standard","meta":{"_monsterinsights_skip_tracking":false,"_monsterinsights_sitenote_active":false,"_monsterinsights_sitenote_note":"","_monsterinsights_sitenote_category":0,"footnotes":""},"categories":[5],"tags":[2096,43675,452,1491],"class_list":["post-394782","post","type-post","status-publish","format-standard","has-post-thumbnail","hentry","category-estado-de-mexico","tag-cambio-climatico","tag-estado-de-mexico","tag-toluca","tag-uaem"],"_links":{"self":[{"href":"https:\/\/www.diarioimagen.net\/index.php?rest_route=\/wp\/v2\/posts\/394782","targetHints":{"allow":["GET"]}}],"collection":[{"href":"https:\/\/www.diarioimagen.net\/index.php?rest_route=\/wp\/v2\/posts"}],"about":[{"href":"https:\/\/www.diarioimagen.net\/index.php?rest_route=\/wp\/v2\/types\/post"}],"author":[{"embeddable":true,"href":"https:\/\/www.diarioimagen.net\/index.php?rest_route=\/wp\/v2\/users\/3"}],"replies":[{"embeddable":true,"href":"https:\/\/www.diarioimagen.net\/index.php?rest_route=%2Fwp%2Fv2%2Fcomments&post=394782"}],"version-history":[{"count":0,"href":"https:\/\/www.diarioimagen.net\/index.php?rest_route=\/wp\/v2\/posts\/394782\/revisions"}],"wp:featuredmedia":[{"embeddable":true,"href":"https:\/\/www.diarioimagen.net\/index.php?rest_route=\/wp\/v2\/media\/394822"}],"wp:attachment":[{"href":"https:\/\/www.diarioimagen.net\/index.php?rest_route=%2Fwp%2Fv2%2Fmedia&parent=394782"}],"wp:term":[{"taxonomy":"category","embeddable":true,"href":"https:\/\/www.diarioimagen.net\/index.php?rest_route=%2Fwp%2Fv2%2Fcategories&post=394782"},{"taxonomy":"post_tag","embeddable":true,"href":"https:\/\/www.diarioimagen.net\/index.php?rest_route=%2Fwp%2Fv2%2Ftags&post=394782"}],"curies":[{"name":"wp","href":"https:\/\/api.w.org\/{rel}","templated":true}]}}