{"id":394821,"date":"2018-09-14T00:09:16","date_gmt":"2018-09-14T05:09:16","guid":{"rendered":"https:\/\/www.diarioimagen.net\/?p=394821"},"modified":"2018-09-14T05:13:05","modified_gmt":"2018-09-14T10:13:05","slug":"encabeza-el-alcalde-victor-estrada-reunion-de-gabinete-ante-inundaciones","status":"publish","type":"post","link":"https:\/\/www.diarioimagen.net\/?p=394821","title":{"rendered":"Encabeza el alcalde V\u00edctor Estrada reuni\u00f3n de gabinete ante inundaciones"},"content":{"rendered":"<ul>\n<li><strong><em>Por las fuertes lluvias<\/em><\/strong><\/li>\n<\/ul>\n<p>&nbsp;<\/p>\n<div id=\"attachment_394864\" style=\"width: 470px\" class=\"wp-caption aligncenter\"><a href=\"https:\/\/www.diarioimagen.net\/?attachment_id=394864\" rel=\"attachment wp-att-394864\"><img loading=\"lazy\" decoding=\"async\" aria-describedby=\"caption-attachment-394864\" class=\"size-large wp-image-394864\" src=\"https:\/\/www.diarioimagen.net\/wp-content\/uploads\/2018\/09\/CUAUTITLAN-3455-460x259.jpg\" alt=\"\" width=\"460\" height=\"259\" srcset=\"https:\/\/www.diarioimagen.net\/wp-content\/uploads\/2018\/09\/CUAUTITLAN-3455-460x259.jpg 460w, https:\/\/www.diarioimagen.net\/wp-content\/uploads\/2018\/09\/CUAUTITLAN-3455-240x135.jpg 240w, https:\/\/www.diarioimagen.net\/wp-content\/uploads\/2018\/09\/CUAUTITLAN-3455-235x132.jpg 235w, https:\/\/www.diarioimagen.net\/wp-content\/uploads\/2018\/09\/CUAUTITLAN-3455-202x114.jpg 202w, https:\/\/www.diarioimagen.net\/wp-content\/uploads\/2018\/09\/CUAUTITLAN-3455-350x196.jpg 350w, https:\/\/www.diarioimagen.net\/wp-content\/uploads\/2018\/09\/CUAUTITLAN-3455-220x123.jpg 220w, https:\/\/www.diarioimagen.net\/wp-content\/uploads\/2018\/09\/CUAUTITLAN-3455-237x132.jpg 237w, https:\/\/www.diarioimagen.net\/wp-content\/uploads\/2018\/09\/CUAUTITLAN-3455.jpg 480w\" sizes=\"auto, (max-width: 460px) 100vw, 460px\" \/><\/a><p id=\"caption-attachment-394864\" class=\"wp-caption-text\">El alcalde, V\u00edctor Estrada, se\u00f1al\u00f3 que el censo preliminar de afectaciones arroj\u00f3 115 casas da\u00f1adas, con inundaciones desde 15 y hasta m\u00e1s de 40 cent\u00edmetros.<\/p><\/div>\n<p>&nbsp;<\/p>\n<p><strong>Cuautitl\u00e1n Izcalli, Estado de M\u00e9xico<\/strong>.- El alcalde V\u00edctor Estrada Garibay encabez\u00f3 reuni\u00f3n de gabinete de seguridad para reforzar las medidas de prevenci\u00f3n, derivadas de las intensas lluvias registradas en las \u00faltimas horas en gran parte del municipio de Cuautitl\u00e1n Izcalli.<\/p>\n<p>El censo preliminar de afectaciones arroj\u00f3 115 casas afectadas, con inundaciones desde 15 y hasta m\u00e1s de 40 cent\u00edmetros. Se orden\u00f3 el desfogue gradual de la presa El \u00c1ngulo, para tener capacidad suficiente en caso de presencia de precipitaciones severas; adem\u00e1s, se pidi\u00f3 la suspensi\u00f3n de clases en 4 planteles de la zona el d\u00eda de hoy.<\/p>\n<p>M\u00e1s de 300 elementos de diversas corporaciones municipales realizan trabajos de limpieza y desazolve desde la noche del mi\u00e9rcoles y madrugada de este jueves,\u00a0 en apoyo a casas y familias afectadas por las intensas lluvias.<\/p>\n<p>El trabajo de apoyo ha sido permanente, ininterrumpido, principalmente en auxilio de personas que sufrieron inundaciones en su domicilio, as\u00ed como diversas situaciones en las que veh\u00edculos quedaron varados por la subida del agua.<\/p>\n<p>En los sitios afectados se encuentran 55 elementos del Grupo Tormenta; 8 veh\u00edculos Vactor; 100 efectivos de la Secretar\u00eda de la Defensa Nacional (Sedena); 100 trabajadores del Ayuntamiento, entre ellos de Operagua; 4 veh\u00edculos del Cuerpo de Bomberos; 12 elementos de Bomberos; y 6 de Protecci\u00f3n Civil.<\/p>\n<p>Personal de Operagua en coordinaci\u00f3n con elementos de la Direcci\u00f3n General de Gobierno del Estado de M\u00e9xico, Protecci\u00f3n Civil, Sedena, Servicios P\u00fablicos, y Polic\u00eda Estatal participa en labores de limpieza en Carril de San Agust\u00edn. En el sitio se encuentran brigadas del Instituto de Salud del Estado de M\u00e9xico para aplicar vacunas, desparasitantes y suero oral.<\/p>\n<p>Entre las colonias afectadas que reciben apoyo de limpieza y desazolve se encuentran: Fraccionamiento San Antonio; Ensue\u00f1os; Colinas del Lago; Unidad Habitacional Ferrocarrilera; Infonavit Norte; Unidad Habitacional Adolfo L\u00f3pez Mateos; Cofrad\u00eda I, II, III y IV; Ex Hacienda San Miguel; Jardines de San Miguel III; San Jos\u00e9 Buenavista; San Jos\u00e9 Huilango; Santiago Tepalcapa; Unidad Habitacional Fidel Vel\u00e1zquez; y Centro Urbano, todas ellas ubicadas en el mapa de riesgo del municipio.<\/p>\n","protected":false},"excerpt":{"rendered":"<p>El alcalde V\u00edctor Estrada Garibay encabez\u00f3 reuni\u00f3n de gabinete de seguridad para reforzar las medidas de prevenci\u00f3n, derivadas de las intensas lluvias registradas en las \u00faltimas horas en gran parte del municipio de Cuautitl\u00e1n Izcalli.<\/p>\n","protected":false},"author":3,"featured_media":394864,"comment_status":"open","ping_status":"open","sticky":false,"template":"","format":"standard","meta":{"_monsterinsights_skip_tracking":false,"_monsterinsights_sitenote_active":false,"_monsterinsights_sitenote_note":"","_monsterinsights_sitenote_category":0,"footnotes":""},"categories":[35155],"tags":[971,43675,1985,78225],"class_list":["post-394821","post","type-post","status-publish","format-standard","has-post-thumbnail","hentry","category-estado-de-mexico-estado-de-mexico","tag-cuautitlan-izcalli","tag-estado-de-mexico","tag-inundaciones","tag-victor-estrada"],"_links":{"self":[{"href":"https:\/\/www.diarioimagen.net\/index.php?rest_route=\/wp\/v2\/posts\/394821","targetHints":{"allow":["GET"]}}],"collection":[{"href":"https:\/\/www.diarioimagen.net\/index.php?rest_route=\/wp\/v2\/posts"}],"about":[{"href":"https:\/\/www.diarioimagen.net\/index.php?rest_route=\/wp\/v2\/types\/post"}],"author":[{"embeddable":true,"href":"https:\/\/www.diarioimagen.net\/index.php?rest_route=\/wp\/v2\/users\/3"}],"replies":[{"embeddable":true,"href":"https:\/\/www.diarioimagen.net\/index.php?rest_route=%2Fwp%2Fv2%2Fcomments&post=394821"}],"version-history":[{"count":0,"href":"https:\/\/www.diarioimagen.net\/index.php?rest_route=\/wp\/v2\/posts\/394821\/revisions"}],"wp:featuredmedia":[{"embeddable":true,"href":"https:\/\/www.diarioimagen.net\/index.php?rest_route=\/wp\/v2\/media\/394864"}],"wp:attachment":[{"href":"https:\/\/www.diarioimagen.net\/index.php?rest_route=%2Fwp%2Fv2%2Fmedia&parent=394821"}],"wp:term":[{"taxonomy":"category","embeddable":true,"href":"https:\/\/www.diarioimagen.net\/index.php?rest_route=%2Fwp%2Fv2%2Fcategories&post=394821"},{"taxonomy":"post_tag","embeddable":true,"href":"https:\/\/www.diarioimagen.net\/index.php?rest_route=%2Fwp%2Fv2%2Ftags&post=394821"}],"curies":[{"name":"wp","href":"https:\/\/api.w.org\/{rel}","templated":true}]}}