{"id":394954,"date":"2018-09-17T00:11:43","date_gmt":"2018-09-17T05:11:43","guid":{"rendered":"https:\/\/www.diarioimagen.net\/?p=394954"},"modified":"2018-09-17T00:33:59","modified_gmt":"2018-09-17T05:33:59","slug":"fortalecen-difem-y-fundacion-teleton-atencion-a-personas-con-alguna-discapacidad","status":"publish","type":"post","link":"https:\/\/www.diarioimagen.net\/?p=394954","title":{"rendered":"Fortalecen atenci\u00f3n a personas con discapacidad"},"content":{"rendered":"<h2>Arco Norte<\/h2>\n<h5>Jos\u00e9 Luis Monta\u00f1ez Aguilar<\/h5>\n<p>&nbsp;<\/p>\n<div id=\"attachment_394955\" style=\"width: 470px\" class=\"wp-caption aligncenter\"><img loading=\"lazy\" decoding=\"async\" aria-describedby=\"caption-attachment-394955\" class=\"wp-image-394955 size-large\" src=\"https:\/\/www.diarioimagen.net\/wp-content\/uploads\/2018\/09\/DIFEM17-portal-460x268.jpg\" alt=\"\" width=\"460\" height=\"268\" srcset=\"https:\/\/www.diarioimagen.net\/wp-content\/uploads\/2018\/09\/DIFEM17-portal-460x268.jpg 460w, https:\/\/www.diarioimagen.net\/wp-content\/uploads\/2018\/09\/DIFEM17-portal-240x140.jpg 240w, https:\/\/www.diarioimagen.net\/wp-content\/uploads\/2018\/09\/DIFEM17-portal.jpg 480w\" sizes=\"auto, (max-width: 460px) 100vw, 460px\" \/><p id=\"caption-attachment-394955\" class=\"wp-caption-text\">De acuerdo con la Organizaci\u00f3n Mundial de la Salud, 15 por ciento de la poblaci\u00f3n mundial presenta alguna discapacidad, y de este porcentaje tres por ciento corresponde a poblaci\u00f3n infantil.<\/p><\/div>\n<p>&nbsp;<\/p>\n<p>&nbsp;<\/p>\n<p>Para fortalecer las redes de apoyo a la poblaci\u00f3n con discapacidad neuromusculoesquel\u00e9tica, mediante la evaluaci\u00f3n y atenci\u00f3n de alta especialidad, el DIF Estado de M\u00e9xico, en equipo con la Fundaci\u00f3n Telet\u00f3n, a trav\u00e9s de los Centros de Rehabilitaci\u00f3n e Inclusi\u00f3n Infantil Telet\u00f3n de Tlalnepantla y Nezahualc\u00f3yotl, acerca diversos servicios de diagn\u00f3stico pedi\u00e1trico en materia de discapacidad, capacitaci\u00f3n y detecci\u00f3n, a diversas regiones del estado.<\/p>\n<p>Como ejemplo de estas acciones, en Atlacomulco se realiz\u00f3 la primera jornada regional, en la que se brindaron 172 consultas de rehabilitaci\u00f3n pedi\u00e1trica, neuropediatr\u00eda, ortopedia pedi\u00e1trica, terapia f\u00edsica, ocupacional y de lenguaje, as\u00ed como de asistencia tecnol\u00f3gica, psicolog\u00eda, autismo, entre otras.<\/p>\n<p>Adriana Ramos Vizca\u00edno, Directora de Atenci\u00f3n a la Discapacidad del DIFEM, acompa\u00f1ada por Roberto Uribe Noya, Director de los Centros de Rehabilitaci\u00f3n Infantil del Estado de M\u00e9xico, destac\u00f3 que con esta labor se consolida la atenci\u00f3n a este sector poblacional, con la finalidad de contribuir a mejorar las condiciones de vida de cada uno.<\/p>\n<p>Como parte de este proyecto, se contempla la entrega de Becas Integrales de Atenci\u00f3n en Centros de Rehabilitaci\u00f3n Infantil Telet\u00f3n, a pacientes pedi\u00e1tricos, as\u00ed como capacitaci\u00f3n a personas con discapacidad, sus familiares, estudiantes o profesionales dedicados a la atenci\u00f3n de este sector, y de las cuales, a la fecha, se han realizado 422.<\/p>\n<p>En Atlacomulco tambi\u00e9n se entregaron 14 vales para kits de ayudas funcionales a igual n\u00famero de Sistemas Municipales DIF de esta regi\u00f3n, as\u00ed como 38 ayudas funcionales\u00a0 y se emitieron 36 certificados de discapacidad y 10 credenciales para quienes tienen alguna limitaci\u00f3n f\u00edsica o mental.<\/p>\n<p>Roberto Uribe Noya resalt\u00f3 que la Fundaci\u00f3n Telet\u00f3n, el personal de los centros de rehabilitaci\u00f3n infantil y del Centro de Autismo Telet\u00f3n, salen de los consultorios para acercarse a las regiones de la entidad y atender a quienes m\u00e1s lo necesitan.\u201cQue cada vez incluyamos a m\u00e1s personas con discapacidad a la sociedad, a las escuelas, a la parte recreativa, a la parte laboral, y por supuesto que cada vez haya m\u00e1s calidad de vida para este sector\u201d.<\/p>\n<p><em><a href=\"mailto:montanezaguilar@gmail.com\" target=\"_blank\" rel=\"noopener\">montanezaguilar@gmail.com<\/a><\/em><\/p>\n<p>&nbsp;<\/p>\n","protected":false},"excerpt":{"rendered":"<p>Para fortalecer las redes de apoyo a la poblaci\u00f3n con discapacidad neuromusculoesquel\u00e9tica, mediante la evaluaci\u00f3n y atenci\u00f3n de alta especialidad, el DIF Estado de M\u00e9xico, en equipo con la Fundaci\u00f3n Telet\u00f3n, a trav\u00e9s de los Centros de Rehabilitaci\u00f3n e Inclusi\u00f3n Infantil Telet\u00f3n de Tlalnepantla y Nezahualc\u00f3yotl, acerca diversos servicios de diagn\u00f3stico pedi\u00e1trico en materia de discapacidad, capacitaci\u00f3n y detecci\u00f3n, a diversas regiones del estado.<\/p>\n","protected":false},"author":5,"featured_media":394955,"comment_status":"open","ping_status":"open","sticky":false,"template":"","format":"standard","meta":{"_monsterinsights_skip_tracking":false,"_monsterinsights_sitenote_active":false,"_monsterinsights_sitenote_note":"","_monsterinsights_sitenote_category":0,"footnotes":""},"categories":[5],"tags":[78234,13284,78233,43704,43674,1175],"class_list":["post-394954","post","type-post","status-publish","format-standard","has-post-thumbnail","hentry","category-estado-de-mexico","tag-alguna-discapacidad","tag-arco-norte","tag-fortalecen-difem","tag-jose-luis-montanez-aguilar","tag-opinion","tag-teleton"],"_links":{"self":[{"href":"https:\/\/www.diarioimagen.net\/index.php?rest_route=\/wp\/v2\/posts\/394954","targetHints":{"allow":["GET"]}}],"collection":[{"href":"https:\/\/www.diarioimagen.net\/index.php?rest_route=\/wp\/v2\/posts"}],"about":[{"href":"https:\/\/www.diarioimagen.net\/index.php?rest_route=\/wp\/v2\/types\/post"}],"author":[{"embeddable":true,"href":"https:\/\/www.diarioimagen.net\/index.php?rest_route=\/wp\/v2\/users\/5"}],"replies":[{"embeddable":true,"href":"https:\/\/www.diarioimagen.net\/index.php?rest_route=%2Fwp%2Fv2%2Fcomments&post=394954"}],"version-history":[{"count":0,"href":"https:\/\/www.diarioimagen.net\/index.php?rest_route=\/wp\/v2\/posts\/394954\/revisions"}],"wp:featuredmedia":[{"embeddable":true,"href":"https:\/\/www.diarioimagen.net\/index.php?rest_route=\/wp\/v2\/media\/394955"}],"wp:attachment":[{"href":"https:\/\/www.diarioimagen.net\/index.php?rest_route=%2Fwp%2Fv2%2Fmedia&parent=394954"}],"wp:term":[{"taxonomy":"category","embeddable":true,"href":"https:\/\/www.diarioimagen.net\/index.php?rest_route=%2Fwp%2Fv2%2Fcategories&post=394954"},{"taxonomy":"post_tag","embeddable":true,"href":"https:\/\/www.diarioimagen.net\/index.php?rest_route=%2Fwp%2Fv2%2Ftags&post=394954"}],"curies":[{"name":"wp","href":"https:\/\/api.w.org\/{rel}","templated":true}]}}