{"id":394957,"date":"2018-09-17T00:08:01","date_gmt":"2018-09-17T05:08:01","guid":{"rendered":"https:\/\/www.diarioimagen.net\/?p=394957"},"modified":"2018-09-17T23:26:49","modified_gmt":"2018-09-18T04:26:49","slug":"encabeza-del-mazo-desfile-civico-militar-en-la-capital-mexiquense","status":"publish","type":"post","link":"https:\/\/www.diarioimagen.net\/?p=394957","title":{"rendered":"Encabeza Del Mazo desfile c\u00edvico militar en la capital"},"content":{"rendered":"<ul>\n<li><em><strong>Concluyen festividades patrias con saldo blanco<\/strong><\/em><\/li>\n<li><em><strong>M\u00e1s de 8 mil asistentes disfrutaron de las demostraciones<\/strong><\/em><\/li>\n<\/ul>\n<p>&nbsp;<\/p>\n<div id=\"attachment_394958\" style=\"width: 470px\" class=\"wp-caption aligncenter\"><img loading=\"lazy\" decoding=\"async\" aria-describedby=\"caption-attachment-394958\" class=\"wp-image-394958 size-large\" src=\"https:\/\/www.diarioimagen.net\/wp-content\/uploads\/2018\/09\/DEL-MAZO17-portal-460x268.jpg\" alt=\"\" width=\"460\" height=\"268\" srcset=\"https:\/\/www.diarioimagen.net\/wp-content\/uploads\/2018\/09\/DEL-MAZO17-portal-460x268.jpg 460w, https:\/\/www.diarioimagen.net\/wp-content\/uploads\/2018\/09\/DEL-MAZO17-portal-240x140.jpg 240w, https:\/\/www.diarioimagen.net\/wp-content\/uploads\/2018\/09\/DEL-MAZO17-portal.jpg 480w\" sizes=\"auto, (max-width: 460px) 100vw, 460px\" \/><p id=\"caption-attachment-394958\" class=\"wp-caption-text\">Asisten m\u00e1s de 8 mil mexiquenses a disfrutar del desfile militar, como parte del 208 Aniversario de la Independencia de M\u00e9xico.<\/p><\/div>\n<p>&nbsp;<\/p>\n<p><strong>Toluca, Estado de M\u00e9xico<\/strong>.- El gobernador Alfredo Del Mazo Maza encabez\u00f3 el desfile c\u00edvico militar por el 208 Aniversario de la Independencia de M\u00e9xico, en el que m\u00e1s de 8 mil asistentes disfrutaron de espect\u00e1culos a\u00e9reos, cuadros art\u00edsticos de bandas de marcha, demostraciones de cuerpos de seguridad y rescate, y carros aleg\u00f3ricos, entre otros.<\/p>\n<p>Los mexiquenses que acudieron al tradicional desfile que recorri\u00f3 las principales calles del centro de la ciudad de Toluca, observaron los cuadros presentados por elementos de la Secretar\u00eda de la Defensa Nacional (Sedena), quienes con gallard\u00eda portaron la bandera nacional e hicieron gala de equipos, veh\u00edculos y herramientas de las que hacen uso en la defensa de la naci\u00f3n.<\/p>\n<p>Pilotos de la Fuerza A\u00e9rea Mexicana surcaron el cielo en distintas ocasiones con formaciones de vuelo en grupo con aviones Boing 737.<\/p>\n<p>Asimismo, alumnos de la entidad, de los distintos niveles educativos, as\u00ed como de la Universidad Aut\u00f3noma del Estado de M\u00e9xico, deleitaron al p\u00fablico con bandas de marcha, escoltas y representaciones de distintos pasajes hist\u00f3ricos del\u00a0 movimiento independentista, a trav\u00e9s de carros aleg\u00f3ricos. De igual forma, los cuerpos de rescate del Servicio de Urgencias de Estado de M\u00e9xico (SUEM), Cruz Roja estatal y aeronaves del Grupo\u00a0 de Rescate A\u00e9reo \u201cRel\u00e1mpagos\u201d, engalanaron el desfile con demostraciones de los servicios que ofrecen en caso de rescate, socorro y auxilio a la poblaci\u00f3n.<\/p>\n<p>Los asistentes tambi\u00e9n pudieron observar y conocer las distintas divisiones que conforman a la Secretar\u00eda de Seguridad del Estado de M\u00e9xico, como Fuerzas Especiales, Inteligencia, Binomios Caninos, Alta Monta\u00f1a, entre otras, quienes hicieron muestra de sus veh\u00edculos y adiestramiento que han recibido para servir y cuidar a los mexiquenses.<\/p>\n<p>Tambi\u00e9n se cont\u00f3 con la participaci\u00f3n de representantes de los pueblos ind\u00edgenas de la entidad, quienes con danzas y atuendos tradicionales, mostraron orgullosamente a los asistentes, la importancia de resguardar las tradiciones que brindan identidad a los habitantes del Estado de M\u00e9xico. El gobernador mexiquense observ\u00f3 el tradicional desfile desde el balc\u00f3n central de Palacio de Gobierno, donde estuvo acompa\u00f1ado por su esposa Fernanda Castillo de Del Mazo y dos de sus hijos, as\u00ed como por Azucena Cisneros Coss, presidenta de la Mesa Directiva de la Legislatura estatal; el presidente del Poder Judicial, Sergio Medina Pe\u00f1aloza; el comandante de la 22 Zona Militar, Enrique Dena Salgado;, el presidente municipal de la ciuda de Toluca, Fernando Zamora Morales e integrantes del gabinete estatal.<\/p>\n<p>Previo a la realizaci\u00f3n del desfile c\u00edvico militar, el mandatario estatal mont\u00f3 una guardia solemne de honor, en el monumento a Miguel Hidalgo de la Escuela Secundaria Oficial N\u00famero 1, en la ciudad de Toluca.<\/p>\n<p>Participaron como parte de los contingentes que desfilaron este d\u00eda, m\u00e1s de 5 mil personas, as\u00ed como cuatro bandas juveniles de marcha, 14 contingentes, nueve carros aleg\u00f3ricos, ocho autos cl\u00e1sicos, 123 veh\u00edculos oficiales, tres helic\u00f3pteros, cinco aviones Boing 737, 39 canes y 30 caballos; asimismo, se reporta saldo blanco.<\/p>\n","protected":false},"excerpt":{"rendered":"<p>El gobernador Alfredo Del Mazo Maza encabez\u00f3 el desfile c\u00edvico militar por el 208 Aniversario de la Independencia de M\u00e9xico, en el que m\u00e1s de 8 mil asistentes disfrutaron de espect\u00e1culos a\u00e9reos, cuadros art\u00edsticos de bandas de marcha, demostraciones de cuerpos de seguridad y rescate, y carros aleg\u00f3ricos, entre otros.<\/p>\n","protected":false},"author":5,"featured_media":394958,"comment_status":"open","ping_status":"open","sticky":false,"template":"","format":"standard","meta":{"_monsterinsights_skip_tracking":false,"_monsterinsights_sitenote_active":false,"_monsterinsights_sitenote_note":"","_monsterinsights_sitenote_category":0,"footnotes":""},"categories":[5],"tags":[2505,78235,78236,43675,452],"class_list":["post-394957","post","type-post","status-publish","format-standard","has-post-thumbnail","hentry","category-estado-de-mexico","tag-alfredo-del-mazo-maza","tag-capital-mexiquense","tag-desfile-civico-militar","tag-estado-de-mexico","tag-toluca"],"_links":{"self":[{"href":"https:\/\/www.diarioimagen.net\/index.php?rest_route=\/wp\/v2\/posts\/394957","targetHints":{"allow":["GET"]}}],"collection":[{"href":"https:\/\/www.diarioimagen.net\/index.php?rest_route=\/wp\/v2\/posts"}],"about":[{"href":"https:\/\/www.diarioimagen.net\/index.php?rest_route=\/wp\/v2\/types\/post"}],"author":[{"embeddable":true,"href":"https:\/\/www.diarioimagen.net\/index.php?rest_route=\/wp\/v2\/users\/5"}],"replies":[{"embeddable":true,"href":"https:\/\/www.diarioimagen.net\/index.php?rest_route=%2Fwp%2Fv2%2Fcomments&post=394957"}],"version-history":[{"count":0,"href":"https:\/\/www.diarioimagen.net\/index.php?rest_route=\/wp\/v2\/posts\/394957\/revisions"}],"wp:featuredmedia":[{"embeddable":true,"href":"https:\/\/www.diarioimagen.net\/index.php?rest_route=\/wp\/v2\/media\/394958"}],"wp:attachment":[{"href":"https:\/\/www.diarioimagen.net\/index.php?rest_route=%2Fwp%2Fv2%2Fmedia&parent=394957"}],"wp:term":[{"taxonomy":"category","embeddable":true,"href":"https:\/\/www.diarioimagen.net\/index.php?rest_route=%2Fwp%2Fv2%2Fcategories&post=394957"},{"taxonomy":"post_tag","embeddable":true,"href":"https:\/\/www.diarioimagen.net\/index.php?rest_route=%2Fwp%2Fv2%2Ftags&post=394957"}],"curies":[{"name":"wp","href":"https:\/\/api.w.org\/{rel}","templated":true}]}}