{"id":395019,"date":"2018-09-17T00:09:20","date_gmt":"2018-09-17T05:09:20","guid":{"rendered":"https:\/\/www.diarioimagen.net\/?p=395019"},"modified":"2018-09-17T01:57:30","modified_gmt":"2018-09-17T06:57:30","slug":"magno-desfile-militar-en-cdmx","status":"publish","type":"post","link":"https:\/\/www.diarioimagen.net\/?p=395019","title":{"rendered":"Magno desfile militar en CDMX"},"content":{"rendered":"<ul>\n<li><em><strong>Concluyen festejos por 208 aniversario de la Independencia de M\u00e9xico<\/strong><\/em><\/li>\n<li><em><strong>Participaron 18 mil 736 efectivos de las Fuerzas Armadas, Polic\u00eda Federal, Conagua e integrantes de Charros de M\u00e9xico, report\u00f3 el general Arturo Granados Gallardo<\/strong><\/em><\/li>\n<\/ul>\n<p>&nbsp;<\/p>\n<div id=\"attachment_395100\" style=\"width: 470px\" class=\"wp-caption aligncenter\"><a href=\"https:\/\/www.diarioimagen.net\/?attachment_id=395100\" rel=\"attachment wp-att-395100\"><img loading=\"lazy\" decoding=\"async\" aria-describedby=\"caption-attachment-395100\" class=\"size-large wp-image-395100\" src=\"https:\/\/www.diarioimagen.net\/wp-content\/uploads\/2018\/09\/DESFILE-3456-460x259.jpg\" alt=\"\" width=\"460\" height=\"259\" srcset=\"https:\/\/www.diarioimagen.net\/wp-content\/uploads\/2018\/09\/DESFILE-3456-460x259.jpg 460w, https:\/\/www.diarioimagen.net\/wp-content\/uploads\/2018\/09\/DESFILE-3456-240x135.jpg 240w, https:\/\/www.diarioimagen.net\/wp-content\/uploads\/2018\/09\/DESFILE-3456-235x132.jpg 235w, https:\/\/www.diarioimagen.net\/wp-content\/uploads\/2018\/09\/DESFILE-3456-202x114.jpg 202w, https:\/\/www.diarioimagen.net\/wp-content\/uploads\/2018\/09\/DESFILE-3456-350x196.jpg 350w, https:\/\/www.diarioimagen.net\/wp-content\/uploads\/2018\/09\/DESFILE-3456-220x123.jpg 220w, https:\/\/www.diarioimagen.net\/wp-content\/uploads\/2018\/09\/DESFILE-3456-237x132.jpg 237w, https:\/\/www.diarioimagen.net\/wp-content\/uploads\/2018\/09\/DESFILE-3456.jpg 480w\" sizes=\"auto, (max-width: 460px) 100vw, 460px\" \/><\/a><p id=\"caption-attachment-395100\" class=\"wp-caption-text\">El desfile inici\u00f3 a las 11:15 horas, luego de que el presidente de la Rep\u00fablica, Enrique Pe\u00f1a Nieto, pasara lista a las Fuerzas Armadas; enseguida, dos aviones supers\u00f3nicos F-5 surcaron sobre la Plaza de la Constituci\u00f3n, mientras que en tierra un grupo de motociclistas del Ej\u00e9rcito y Armada\u00a0de M\u00e9xico iniciaban el acto.<\/p><\/div>\n<p>&nbsp;<\/p>\n<p>El general de Divisi\u00f3n Diplomado de Estado Mayor, Roble Arturo Granados Gallardo, comandante del desfile militar, dio parte al comandante supremo de las Fuerzas Armadas, el presidente Enrique Pe\u00f1a Nieto, que el desfile por el 208 aniversario de la Independencia de M\u00e9xico se desarroll\u00f3 sin novedad.<\/p>\n<p>Ante el primer mandatario, el general Granados Gallardo inform\u00f3 que desfilaron 123 banderas, un total de 18 mil 736 efectivos de las Fuerzas Armadas, Polic\u00eda Federal, Comisi\u00f3n Nacional del Agua (Conagua) y Charros de M\u00e9xico.<\/p>\n<p>Entre el contingente reportado al comandante supremo est\u00e1n marinos y militares honorarios, 10 rescatistas, 20 ni\u00f1os, 401 veh\u00edculos, 177 aeronaves, 53 canes y 269 caballos pura sangre.<\/p>\n<p>El desfile inici\u00f3 a las 11:15 horas, luego de que el presidente de la Rep\u00fablica, Enrique Pe\u00f1a Nieto, pasara lista a las Fuerzas Armadas; enseguida, dos aviones supers\u00f3nicos F-5 surcaron sobre la Plaza de la Constituci\u00f3n, mientras que en tierra un grupo de motociclistas del Ej\u00e9rcito y Armada de M\u00e9xico iniciaban el desfile militar.<\/p>\n<p>Entre lo novedoso de este evento fueron los contingentes a\u00e9reos que sobrevolaron la Ciudad de M\u00e9xico en masa, lo que nunca se hab\u00eda hecho; hubo un mayor n\u00famero de elementos de la Polic\u00eda Federal, adem\u00e1s de los invitados deportistas medallistas de las Fuerzas Armadas.<\/p>\n<p>El desfile tuvo una duraci\u00f3n de una hora y 20 minutos, aproximadamente, concluy\u00f3 con el paso de la Asociaci\u00f3n Nacional de Charros y detr\u00e1s de ellos los camiones de limpia de la Ciudad de M\u00e9xico.<\/p>\n<p>La gente que asisti\u00f3 a la plancha de la Constituci\u00f3n pudo apreciar y admirar aviones de todo tipo de las Fuerzas Armadas, como los F-5, aviones H\u00e9rcules, helic\u00f3pteros Bell, Cougar, Boeing 737, helic\u00f3pteros Panther, aeronaves, un total de 177 aviones.<\/p>\n<p>Paracaidistas, veteranos del Escuadr\u00f3n 201, lanchas, perros, camiones articulados fueron parte del desfile militar que se present\u00f3 ante el Presidente de M\u00e9xico, \u00faltimo de su sexenio, y que pudo disfrutar en compa\u00f1\u00eda de su esposa y de los representantes de los tres poderes de la Uni\u00f3n.<\/p>\n<p>Muy cerca al balc\u00f3n principal, la familia del Presidente estuvo presente en este magno acto militar, as\u00ed como invitados especiales, mientras en una tribuna instalada frente al Palacio Nacional militares formaban mensajes como \u201cViva M\u00e9xico\u201d, \u201cSedena-Marina\u201d, y mostraban im\u00e1genes de los h\u00e9roes que nos dieron patria y tambi\u00e9n fotograf\u00edas de instituciones militares.<\/p>\n<p>Entre otros desfilaron Fuerzas Especiales de la Polic\u00eda Federal, divisi\u00f3n antidrogas y asuntos internos, Gendarmer\u00eda, aviones de inteligencia, divisi\u00f3n cient\u00edfica, laboratorios clandestinos. Por parte del Ej\u00e9rcito estuvieron presentes los agrupamientos de actividades sociales, Rescate de la Sedena y de la Secretar\u00eda de Marina (Semar), as\u00ed como un cami\u00f3n con una escena de un desastre y perros de rescate.<\/p>\n<p>Lanchas r\u00e1pidas y equipos de rescate, ambulancias, cocina comunitaria y comedor con capacidad para atender a 900 raciones, una tortiller\u00eda, unidad potabilizadora, entre otras unidades militares, participaron en el desfile.<\/p>\n<p>Tambi\u00e9n, bomberos de la industria militar, puente militar desmontable, personal de Conagua, apoyo interinstitucional, un cami\u00f3n de reforestaci\u00f3n, protecci\u00f3n civil, as\u00ed como agrupamientos de las montadas de Marina, Sedena y Polic\u00eda Federal, que mostraron los caballos pura sangre.<\/p>\n<p>Invitados de honor, ni\u00f1os vestidos de militares y atletas adornaron este desfile que culmin\u00f3 a las 12:20 minutos y que el presidente Enrique Pe\u00f1a despidi\u00f3 desde el balc\u00f3n.<\/p>\n<p><strong>\u00a0<\/strong><\/p>\n<div id=\"attachment_395101\" style=\"width: 470px\" class=\"wp-caption aligncenter\"><a href=\"https:\/\/www.diarioimagen.net\/?attachment_id=395101\" rel=\"attachment wp-att-395101\"><img loading=\"lazy\" decoding=\"async\" aria-describedby=\"caption-attachment-395101\" class=\"size-large wp-image-395101\" src=\"https:\/\/www.diarioimagen.net\/wp-content\/uploads\/2018\/09\/DESFILE-1-3456-460x345.jpg\" alt=\"\" width=\"460\" height=\"345\" srcset=\"https:\/\/www.diarioimagen.net\/wp-content\/uploads\/2018\/09\/DESFILE-1-3456-460x345.jpg 460w, https:\/\/www.diarioimagen.net\/wp-content\/uploads\/2018\/09\/DESFILE-1-3456-240x180.jpg 240w, https:\/\/www.diarioimagen.net\/wp-content\/uploads\/2018\/09\/DESFILE-1-3456.jpg 700w\" sizes=\"auto, (max-width: 460px) 100vw, 460px\" \/><\/a><p id=\"caption-attachment-395101\" class=\"wp-caption-text\">Entre lo novedoso de este evento fueron los contingentes a\u00e9reos que sobrevolaron la Ciudad de M\u00e9xico en masa, lo que nunca se hab\u00eda hecho; hubo un mayor n\u00famero de elementos de la Polic\u00eda Federal, adem\u00e1s de los invitados deportistas medallistas\u00a0de las Fuerzas Armadas.<\/p><\/div>\n","protected":false},"excerpt":{"rendered":"<p>El general de Divisi\u00f3n Diplomado de Estado Mayor, Roble Arturo Granados Gallardo, comandante del desfile militar, dio parte al comandante supremo de las Fuerzas Armadas, el presidente Enrique Pe\u00f1a Nieto, que el desfile por el 208 aniversario de la Independencia de M\u00e9xico se desarroll\u00f3 sin novedad.<\/p>\n","protected":false},"author":3,"featured_media":395100,"comment_status":"open","ping_status":"open","sticky":false,"template":"","format":"standard","meta":{"_monsterinsights_skip_tracking":false,"_monsterinsights_sitenote_active":false,"_monsterinsights_sitenote_note":"","_monsterinsights_sitenote_category":0,"footnotes":""},"categories":[6],"tags":[34444,204,55173],"class_list":["post-395019","post","type-post","status-publish","format-standard","has-post-thumbnail","hentry","category-cd-de-mexico","tag-cdmx","tag-ciudad-de-mexico","tag-desfile"],"_links":{"self":[{"href":"https:\/\/www.diarioimagen.net\/index.php?rest_route=\/wp\/v2\/posts\/395019","targetHints":{"allow":["GET"]}}],"collection":[{"href":"https:\/\/www.diarioimagen.net\/index.php?rest_route=\/wp\/v2\/posts"}],"about":[{"href":"https:\/\/www.diarioimagen.net\/index.php?rest_route=\/wp\/v2\/types\/post"}],"author":[{"embeddable":true,"href":"https:\/\/www.diarioimagen.net\/index.php?rest_route=\/wp\/v2\/users\/3"}],"replies":[{"embeddable":true,"href":"https:\/\/www.diarioimagen.net\/index.php?rest_route=%2Fwp%2Fv2%2Fcomments&post=395019"}],"version-history":[{"count":0,"href":"https:\/\/www.diarioimagen.net\/index.php?rest_route=\/wp\/v2\/posts\/395019\/revisions"}],"wp:featuredmedia":[{"embeddable":true,"href":"https:\/\/www.diarioimagen.net\/index.php?rest_route=\/wp\/v2\/media\/395100"}],"wp:attachment":[{"href":"https:\/\/www.diarioimagen.net\/index.php?rest_route=%2Fwp%2Fv2%2Fmedia&parent=395019"}],"wp:term":[{"taxonomy":"category","embeddable":true,"href":"https:\/\/www.diarioimagen.net\/index.php?rest_route=%2Fwp%2Fv2%2Fcategories&post=395019"},{"taxonomy":"post_tag","embeddable":true,"href":"https:\/\/www.diarioimagen.net\/index.php?rest_route=%2Fwp%2Fv2%2Ftags&post=395019"}],"curies":[{"name":"wp","href":"https:\/\/api.w.org\/{rel}","templated":true}]}}