{"id":395036,"date":"2018-09-17T00:01:05","date_gmt":"2018-09-17T05:01:05","guid":{"rendered":"https:\/\/www.diarioimagen.net\/?p=395036"},"modified":"2018-09-17T01:53:24","modified_gmt":"2018-09-17T06:53:24","slug":"air-canada-unica-aerolinea-internacional-de-cuatro-estrellas-skytrax-en-norteamerica-obtuvo-por-primera-vez-en-2-13-la-certificacion","status":"publish","type":"post","link":"https:\/\/www.diarioimagen.net\/?p=395036","title":{"rendered":"<em>Air Canada<\/em>, \u00fanica aerol\u00ednea internacional de cuatro estrellas <em>Skytrax<\/em>, en Norteam\u00e9rica, obtuvo por primera vez en 2-13, la certificaci\u00f3n"},"content":{"rendered":"<h2>De cinco estrellas<\/h2>\n<h5>Victoria Gonz\u00e1lez Prado<\/h5>\n<p>&nbsp;<\/p>\n<ul>\n<li><strong><em>Ixtapa-Zihuatanejo recibi\u00f3 m\u00e1s de 400 mil visitantes; es destino ideal para disfrutar en cualquier temporada del a\u00f1o<\/em><\/strong><\/li>\n<li><strong><em>En octubre pr\u00f3ximo, Volaris iniciar\u00e1 nueva ruta directa Tijuana-Ixtapa Zihuatanejo, con dos frecuencias a la semana<\/em><\/strong><\/li>\n<\/ul>\n<p>&nbsp;<\/p>\n<div id=\"attachment_395094\" style=\"width: 470px\" class=\"wp-caption aligncenter\"><a href=\"https:\/\/www.diarioimagen.net\/?attachment_id=395094\" rel=\"attachment wp-att-395094\"><img loading=\"lazy\" decoding=\"async\" aria-describedby=\"caption-attachment-395094\" class=\"size-large wp-image-395094\" src=\"https:\/\/www.diarioimagen.net\/wp-content\/uploads\/2018\/09\/turismo-3456-460x259.jpg\" alt=\"\" width=\"460\" height=\"259\" srcset=\"https:\/\/www.diarioimagen.net\/wp-content\/uploads\/2018\/09\/turismo-3456-460x259.jpg 460w, https:\/\/www.diarioimagen.net\/wp-content\/uploads\/2018\/09\/turismo-3456-240x135.jpg 240w, https:\/\/www.diarioimagen.net\/wp-content\/uploads\/2018\/09\/turismo-3456-235x132.jpg 235w, https:\/\/www.diarioimagen.net\/wp-content\/uploads\/2018\/09\/turismo-3456-202x114.jpg 202w, https:\/\/www.diarioimagen.net\/wp-content\/uploads\/2018\/09\/turismo-3456-350x196.jpg 350w, https:\/\/www.diarioimagen.net\/wp-content\/uploads\/2018\/09\/turismo-3456-220x123.jpg 220w, https:\/\/www.diarioimagen.net\/wp-content\/uploads\/2018\/09\/turismo-3456-237x132.jpg 237w, https:\/\/www.diarioimagen.net\/wp-content\/uploads\/2018\/09\/turismo-3456.jpg 480w\" sizes=\"auto, (max-width: 460px) 100vw, 460px\" \/><\/a><p id=\"caption-attachment-395094\" class=\"wp-caption-text\">\u00danica con cuatro estrellas <em>Skytrax<\/em> en Norteam\u00e9rica.<\/p><\/div>\n<p>&nbsp;<\/p>\n<p>La aerol\u00ednea de bandera canadiense,<em> Air Canada,<\/em> reafirma posici\u00f3n como la Mejor de Norteam\u00e9rica, al obtener la calificaci\u00f3n de cuatro estrellas que otorga <em>Skytrax,<\/em> con lo cual se convierte en la \u00fanica l\u00ednea a\u00e9rea internacional de Norteam\u00e9rica en contar con dicha distinci\u00f3n.<\/p>\n<p><strong>Lucie Guillemette<\/strong>, vicepresidenta ejecutiva y directora comercial de la compa\u00f1\u00eda a\u00e9rea dijo: \u201cestamos orgullosos de que <em>Skytrax <\/em>haya reafirmado la calificaci\u00f3n de cuatro estrellas, con lo que nos convertimos en el \u00fanico operador de red internacional en Norteam\u00e9rica que posee esta codiciada distinci\u00f3n. Estos resultados validan nuestra estrategia de invertir en productos y servicios que hagan m\u00e1s f\u00e1ciles y placenteros los viajes a nuestros usuarios, tanto a bordo de nuestras aeronaves, como desde el momento de su llegada al aeropuerto. En particular, estamos encantados de que nuestra nueva <em>Air Canada Signature Suite <\/em>en el Aeropuerto Internacional Toronto-Pearson, puede ser considerada una de las mejores, si no es que la mejor del mundo, para la cena previa al vuelo en clase <em>Business\u201d. <\/em><\/p>\n<p>\u201cAs\u00ed, las 30 mil personas que integran la aerol\u00ednea trabajan cada d\u00eda para ofrecer servicios de calidad a todos los viajeros, comprometi\u00e9ndose a seguir mejorando la oferta de productos para que los clientes puedan continuar disfrutando de una experiencia \u00fanica e inolvidable\u201d.<\/p>\n<p>Adem\u00e1s de la recertificaci\u00f3n de 4 estrellas por parte de <em>Skytrax,<\/em> la l\u00ednea a\u00e9rea tambi\u00e9n recibi\u00f3 altas calificaciones por su m\u00e1s reciente servicio <em>Signature Class <\/em>en mercados transcontinentales norteamericanos selectos, el nuevo asiento de <em>Business Class.<\/em> en el <em>Boeing 737MAX,<\/em> el sistema de entretenimiento de \u00faltima generaci\u00f3n, as\u00ed como el concepto de servicio en <em>Premium Economy Class<\/em>, lo que refleja la importante inversi\u00f3n realizada.<\/p>\n<p>Por s\u00e9ptima vez en nueve a\u00f1os, la l\u00ednea a\u00e9rea fue nombrada Mejor Aerol\u00ednea de Norteam\u00e9rica, y recibi\u00f3 la distinci\u00f3n de Mejor Clase Ejecutiva de Norteam\u00e9rica.<\/p>\n<p>\u2730\u2730\u2730\u2730\u2730 Ixtapa-Zihuatanejo se posiciona como uno de los destinos preferidos para vacacionar por los turistas, con un porcentaje promedio de ocupaci\u00f3n hotelera de 72.6 por ciento, esto, durante toda la temporada de verano. El destino recibi\u00f3 a 419 mil 759 turistas que dejaron una derrama econ\u00f3mica de\u00a0 mil 851 millones de pesos.<\/p>\n<p>La \u00faltima semana de julio, el binomio, registr\u00f3 su mayor afluencia con un 88.4 por ciento, de ocupaci\u00f3n hotelera gracias al esfuerzo que ha realizado el destino por mantener la diversidad de actividades para los turistas y locales, adem\u00e1s de su variada oferta hotelera, excelente clima y reconocidas playas como La Ropa, El Palmar, la Isla de Ixtapa y Las Gatas.<\/p>\n<p>Los turistas que deseen visitar Ixtapa-Zihuatanejo encontrar\u00e1n un para\u00edso rodeado de fabulosas playas en donde es posible practicar el <em>surf, snorkel<\/em> y buceo libre para observar los coloridos arrecifes de coral y nadar entre peces. El ecoturismo y la naturaleza son atractivos incre\u00edbles que ofrecen experiencias inolvidables con actividades, como la tirolesa sobre la selva, senderismo en la reserva para observar la gran variedad de aves ex\u00f3ticas rodeado de los majestuosos paisajes de la costa monta\u00f1osa, visitas al campamento Tortuguero para la liberaci\u00f3n y conocimiento sobre las tortugas marinas.<\/p>\n<p>Para los amantes del deporte, el recorrido en bicicleta en la ciclopista\u00a0 solos o en familia disfrutando del sol y la playa. Cabe destacar que Ixtapa- Zihuatanejo es uno de los destinos con mayor tradici\u00f3n para realizar pesca.<\/p>\n<p>Durante todo el a\u00f1o puedes hacer recorridos en cuatrimoto para descubrir las maravillas de las plantaciones de coco y los senderos naturales en las playas de la regi\u00f3n, el mirador de la Laguna del Negro y el cocodrilario de Playa Linda, donde se puede observar incre\u00edble fauna y flora.<\/p>\n<p>Tambi\u00e9n cuenta con una gran oferta gastron\u00f3mica y puedes disfrutar las famosas tiritas de pescado, el aporreadillo, el pozole de puerco estilo Guerrero en el tradicional jueves pozolero, la talla de pescado con adobo a las brasas, ostiones en su concha, almejas chocolatadas, alb\u00f3ndigas de langosta, ceviche de pescado estilo Zihua, cata de mezcal cupreata con denominaci\u00f3n de origen, una variedad de agave que s\u00f3lo crece en Guerrero, entre muchos m\u00e1s.<\/p>\n<p><strong>Pedro Castel\u00e1n<\/strong>, director ejecutivo de la Oficina de Convenciones y Visitantes de Ixtapa-Zihuatanejo, asegur\u00f3: \u201cuno de los objetivos de nuestro destino es ofrecer tanto a turistas, como a locales una amplia gama de opciones a elegir, donde puedan disfrutar de las bellezas naturales y la excelente infraestructura tur\u00edstica que nuestros dos para\u00edsos en uno tienen para ofrecer\u201d.<\/p>\n<p>Ixtapa-Zihuatanejo representa la opci\u00f3n ideal para vacacionar tanto para turistas nacionales como internacionales. El destino se ha dado a la tarea de intensificar sus estrategias de promoci\u00f3n tur\u00edstica para el visitante, en el que la playa, el sol y la arena se complementan con el elemento m\u00e1s caracter\u00edstico del destino: la calidez de su gente.<\/p>\n<p>\u2730\u2730\u2730\u2730\u2730 Volaris dio a conocer el inicio de operaciones de la nueva ruta directa Tijuana-Ixtapa-Zihuatanejo, que iniciar\u00e1 operaciones el pr\u00f3ximo 15 de octubre.<\/p>\n<p>El destino abre las puertas, no s\u00f3lo al turismo nacional, sino al internacional. Es posible el acceso al aeropuerto a trav\u00e9s del puente transfronterizo <em>Cross Border<\/em> <em>Xpress,<\/em> que conecta f\u00e1cilmente con San Diego. Adem\u00e1s de los recientes vuelos directos a Managua y a Pek\u00edn, Tijuana tiene conexi\u00f3n directa a EU., Alemania, Suecia, Suiza, Costa Rica, Per\u00fa, Espa\u00f1a, Canad\u00e1, Inglaterra, Panam\u00e1, Francia, Italia, China, Brasil y Jap\u00f3n, entre otros. Todo esto abre las posibilidades al estado de Guerrero al turismo internacional.<\/p>\n<p><strong>Martha Mendoza<\/strong>, directora del Fideicomiso de promoci\u00f3n del estado de Baja California y <strong>Gilberto Leyva<\/strong>, secretario del Comit\u00e9 de Turismo y Convenciones de Tijuana, coincidieron en se\u00f1alar su emoci\u00f3n por el vuelo y el trabajo conjunto que realizar\u00e1n con Ixtapa-Zihuatanejo para compartir m\u00e1s visitantes en ambos destinos adem\u00e1s de desear \u00e9xito a la aerol\u00ednea con m\u00e1s vuelos a Tijuana desde diferentes partes de la Rep\u00fablica Mexicana.<\/p>\n<p>El director de la Oficina de Convenciones y Visitantes de Ixtapa Zihuatanejo,\u00a0 <strong>Pedro Castel\u00e1n<\/strong>, se\u00f1al\u00f3: \u201ceste intercambio tendr\u00e1 un alto potencial para ambos destinos, al atraer m\u00e1s visitantes, tanto nacionales, como internacionales\u201d.<\/p>\n<p>La ruta Tijuana-Zihuatanejo tendr\u00e1 dos frecuencias semanales; lunes y viernes\u00a0 y conf\u00edan en incrementar a corto plazo los vuelos directos hacia este destino.<\/p>\n<p>No olvidemos que \u201cEl \u00e1ngel de la fama tiene sus alas hechas de papel&#8230; peri\u00f3dico\u201d.<\/p>\n<p><em><a href=\"mailto:victoriagprado@gmail.com\" target=\"_blank\" rel=\"noopener\">victoriagprado@gmail.com<\/a><\/em><br \/>\n<em> Twitter: <a href=\"https:\/\/twitter.com\/victoriagprado\" target=\"_blank\" rel=\"noopener\">@victoriagprado<\/a><\/em><\/p>\n","protected":false},"excerpt":{"rendered":"<p>La aerol\u00ednea de bandera canadiense,<em> Air Canada,<\/em> reafirma posici\u00f3n como la Mejor de Norteam\u00e9rica, al obtener la calificaci\u00f3n de cuatro estrellas que otorga <em>Skytrax,<\/em> con lo cual se convierte en la \u00fanica l\u00ednea a\u00e9rea internacional de Norteam\u00e9rica en contar con dicha distinci\u00f3n.<\/p>\n","protected":false},"author":3,"featured_media":395094,"comment_status":"open","ping_status":"open","sticky":false,"template":"","format":"standard","meta":{"_monsterinsights_skip_tracking":false,"_monsterinsights_sitenote_active":false,"_monsterinsights_sitenote_note":"","_monsterinsights_sitenote_category":0,"footnotes":""},"categories":[11],"tags":[107,43674,106],"class_list":["post-395036","post","type-post","status-publish","format-standard","has-post-thumbnail","hentry","category-turismo","tag-de-cinco-estrellas","tag-opinion","tag-victoria-gonzalez-prado"],"_links":{"self":[{"href":"https:\/\/www.diarioimagen.net\/index.php?rest_route=\/wp\/v2\/posts\/395036","targetHints":{"allow":["GET"]}}],"collection":[{"href":"https:\/\/www.diarioimagen.net\/index.php?rest_route=\/wp\/v2\/posts"}],"about":[{"href":"https:\/\/www.diarioimagen.net\/index.php?rest_route=\/wp\/v2\/types\/post"}],"author":[{"embeddable":true,"href":"https:\/\/www.diarioimagen.net\/index.php?rest_route=\/wp\/v2\/users\/3"}],"replies":[{"embeddable":true,"href":"https:\/\/www.diarioimagen.net\/index.php?rest_route=%2Fwp%2Fv2%2Fcomments&post=395036"}],"version-history":[{"count":0,"href":"https:\/\/www.diarioimagen.net\/index.php?rest_route=\/wp\/v2\/posts\/395036\/revisions"}],"wp:featuredmedia":[{"embeddable":true,"href":"https:\/\/www.diarioimagen.net\/index.php?rest_route=\/wp\/v2\/media\/395094"}],"wp:attachment":[{"href":"https:\/\/www.diarioimagen.net\/index.php?rest_route=%2Fwp%2Fv2%2Fmedia&parent=395036"}],"wp:term":[{"taxonomy":"category","embeddable":true,"href":"https:\/\/www.diarioimagen.net\/index.php?rest_route=%2Fwp%2Fv2%2Fcategories&post=395036"},{"taxonomy":"post_tag","embeddable":true,"href":"https:\/\/www.diarioimagen.net\/index.php?rest_route=%2Fwp%2Fv2%2Ftags&post=395036"}],"curies":[{"name":"wp","href":"https:\/\/api.w.org\/{rel}","templated":true}]}}