{"id":395047,"date":"2018-09-17T00:09:04","date_gmt":"2018-09-17T05:09:04","guid":{"rendered":"https:\/\/www.diarioimagen.net\/?p=395047"},"modified":"2018-09-17T02:36:50","modified_gmt":"2018-09-17T07:36:50","slug":"tultitlan-celebro-el-208-aniversario-del-movimiento-independentista","status":"publish","type":"post","link":"https:\/\/www.diarioimagen.net\/?p=395047","title":{"rendered":"Tultitl\u00e1n celebr\u00f3 el 208 aniversario del movimiento independentista"},"content":{"rendered":"<ul>\n<li><strong><em>Interesante desfile del sector escolar<\/em><\/strong><\/li>\n<\/ul>\n<p>&nbsp;<\/p>\n<div id=\"attachment_395147\" style=\"width: 470px\" class=\"wp-caption aligncenter\"><a href=\"https:\/\/www.diarioimagen.net\/?attachment_id=395147\" rel=\"attachment wp-att-395147\"><img loading=\"lazy\" decoding=\"async\" aria-describedby=\"caption-attachment-395147\" class=\"size-large wp-image-395147\" src=\"https:\/\/www.diarioimagen.net\/wp-content\/uploads\/2018\/09\/TULTITLAN-3456-460x259.jpg\" alt=\"\" width=\"460\" height=\"259\" srcset=\"https:\/\/www.diarioimagen.net\/wp-content\/uploads\/2018\/09\/TULTITLAN-3456-460x259.jpg 460w, https:\/\/www.diarioimagen.net\/wp-content\/uploads\/2018\/09\/TULTITLAN-3456-240x135.jpg 240w, https:\/\/www.diarioimagen.net\/wp-content\/uploads\/2018\/09\/TULTITLAN-3456-235x132.jpg 235w, https:\/\/www.diarioimagen.net\/wp-content\/uploads\/2018\/09\/TULTITLAN-3456-202x114.jpg 202w, https:\/\/www.diarioimagen.net\/wp-content\/uploads\/2018\/09\/TULTITLAN-3456-350x196.jpg 350w, https:\/\/www.diarioimagen.net\/wp-content\/uploads\/2018\/09\/TULTITLAN-3456-220x123.jpg 220w, https:\/\/www.diarioimagen.net\/wp-content\/uploads\/2018\/09\/TULTITLAN-3456-237x132.jpg 237w, https:\/\/www.diarioimagen.net\/wp-content\/uploads\/2018\/09\/TULTITLAN-3456.jpg 480w\" sizes=\"auto, (max-width: 460px) 100vw, 460px\" \/><\/a><p id=\"caption-attachment-395147\" class=\"wp-caption-text\">El alcalde inici\u00f3 el hist\u00f3rico festejo con la liberaci\u00f3n de personas que se encontraban detenidas en las galeras por faltas administrativas.<\/p><\/div>\n<p>&nbsp;<\/p>\n<p><strong>Tultitl\u00e1n, Estado de M\u00e9xico<\/strong>.- Una fiesta musical y de sana convivencia se vivi\u00f3 en Tultitl\u00e1n con motivo del 208 aniversario del inicio de la Independencia de M\u00e9xico, celebraci\u00f3n que fue encabezada por Jorge Ad\u00e1n Barr\u00f3n Elizalde, dio el grito en compa\u00f1\u00eda de miles de tultitlenses y vecinos aleda\u00f1os que se dieron cita en la explanada principal de las zonas centro y oriente del municipio para celebrar las fiestas patrias.<\/p>\n<p>En medio de la algarab\u00eda patria, el alcalde inici\u00f3 el hist\u00f3rico festejo con la liberaci\u00f3n de personas que se encontraban detenidas en las galeras por faltas administrativas, por lo que emulando a Miguel Hidalgo les dio la libertad y los exhort\u00f3 a cumplir las disposiciones municipales.<\/p>\n<p>Posteriormente, Ad\u00e1n Barr\u00f3n se condujo al balc\u00f3n central para rendir honores al l\u00e1baro patrio y desde ah\u00ed dar el tradicional grito de Independencia en compa\u00f1\u00eda de los ciudadanos hizo retumbar la campana y grito: \u201cMexicanos, \u00a1Vivan los h\u00e9roes que nos dieron patria y libertad, viva Hidalgo, viva Morelos, viva Allende, viva Josefa Ortiz de Dom\u00ednguez, viva Guerrero, viva Tultitl\u00e1n, viva M\u00e9xico, viva M\u00e9xico, viva M\u00e9xico!\u201d grito el edil la noche del 15 de septiembre.<\/p>\n<p>Luego de ondear la bandera ante el j\u00fabilo de los tultitlenses, el alcalde municipal, acompa\u00f1ada de integrantes del cuerpo edilicio de cabildo, presenci\u00f3 el espect\u00e1culo pirot\u00e9cnico que ilumin\u00f3 la explanada y disfrutando la m\u00fasica de El Bebeto y La Trakalosa de Monterrey, quienes fueron los encargados de poner a bailar a miles de tultitlenses.<\/p>\n<p>Cabe se\u00f1alar, que el presidente tambi\u00e9n dio el tradicional Grito de Dolores en Zona Oriente del municipio, en donde miles de familias disfrutaron una fiesta mexicana, se cont\u00f3 con la presencia de los Artligh, y en San Pablo de las Salinas el elenco art\u00edstico fueron los Askis.<\/p>\n<p>Por otra parte, el 16 de septiembre, autoridades municipales encabezadas por el alcalde, s\u00edndicos, regidores, directores, personal administrativo y estudiantes de los distintos niveles educativos participaron en el magno desfile conmemorativo a estas fiestas patrias.<\/p>\n<p>En punto de las 9 de la ma\u00f1ana m\u00e1s de 3,000 mil personas desfilaron sobre Avenida San Antonio en direcci\u00f3n a la explanada municipal, mostrando su deber c\u00edvico con la Naci\u00f3n.<\/p>\n<p>En este contingente participaron 36 alumnos de medio superior, 1, 398 de secundarias y 456 estudiantes de nivel primaria, adem\u00e1s de 500 servidores p\u00fablicos pertenecientes al Suteym, 812 servidores p\u00fablicos, 850 adultos mayores y 96 veh\u00edculos.\u00a0 Cabe se\u00f1alar que durante estas celebraciones no se report\u00f3 ning\u00fan incidente gracias al operativo implementado por los elementos de Seguridad Ciudadana y Tr\u00e1nsito Municipal, as\u00ed como servidores p\u00fablicos pertenecientes a Protecci\u00f3n Civil y Bomberos.<\/p>\n","protected":false},"excerpt":{"rendered":"<p>Una fiesta musical y de sana convivencia se vivi\u00f3<\/p>\n","protected":false},"author":3,"featured_media":395147,"comment_status":"open","ping_status":"open","sticky":false,"template":"","format":"standard","meta":{"_monsterinsights_skip_tracking":false,"_monsterinsights_sitenote_active":false,"_monsterinsights_sitenote_note":"","_monsterinsights_sitenote_category":0,"footnotes":""},"categories":[35155],"tags":[40123,43675,78268,578],"class_list":["post-395047","post","type-post","status-publish","format-standard","has-post-thumbnail","hentry","category-estado-de-mexico-estado-de-mexico","tag-celebra","tag-estado-de-mexico","tag-independentista","tag-tultitlan"],"_links":{"self":[{"href":"https:\/\/www.diarioimagen.net\/index.php?rest_route=\/wp\/v2\/posts\/395047","targetHints":{"allow":["GET"]}}],"collection":[{"href":"https:\/\/www.diarioimagen.net\/index.php?rest_route=\/wp\/v2\/posts"}],"about":[{"href":"https:\/\/www.diarioimagen.net\/index.php?rest_route=\/wp\/v2\/types\/post"}],"author":[{"embeddable":true,"href":"https:\/\/www.diarioimagen.net\/index.php?rest_route=\/wp\/v2\/users\/3"}],"replies":[{"embeddable":true,"href":"https:\/\/www.diarioimagen.net\/index.php?rest_route=%2Fwp%2Fv2%2Fcomments&post=395047"}],"version-history":[{"count":0,"href":"https:\/\/www.diarioimagen.net\/index.php?rest_route=\/wp\/v2\/posts\/395047\/revisions"}],"wp:featuredmedia":[{"embeddable":true,"href":"https:\/\/www.diarioimagen.net\/index.php?rest_route=\/wp\/v2\/media\/395147"}],"wp:attachment":[{"href":"https:\/\/www.diarioimagen.net\/index.php?rest_route=%2Fwp%2Fv2%2Fmedia&parent=395047"}],"wp:term":[{"taxonomy":"category","embeddable":true,"href":"https:\/\/www.diarioimagen.net\/index.php?rest_route=%2Fwp%2Fv2%2Fcategories&post=395047"},{"taxonomy":"post_tag","embeddable":true,"href":"https:\/\/www.diarioimagen.net\/index.php?rest_route=%2Fwp%2Fv2%2Ftags&post=395047"}],"curies":[{"name":"wp","href":"https:\/\/api.w.org\/{rel}","templated":true}]}}