{"id":395049,"date":"2018-09-17T00:08:54","date_gmt":"2018-09-17T05:08:54","guid":{"rendered":"https:\/\/www.diarioimagen.net\/?p=395049"},"modified":"2018-09-17T02:36:19","modified_gmt":"2018-09-17T07:36:19","slug":"encabeza-el-alcalde-enrique-vargas-los-festejos-patrios-en-huixquilucan","status":"publish","type":"post","link":"https:\/\/www.diarioimagen.net\/?p=395049","title":{"rendered":"Encabeza el alcalde Enrique Vargas los festejos patrios en Huixquilucan"},"content":{"rendered":"<ul>\n<li><strong><em>Con pirotecnia y grupos musicales<\/em><\/strong><\/li>\n<\/ul>\n<p>&nbsp;<\/p>\n<div id=\"attachment_395119\" style=\"width: 470px\" class=\"wp-caption aligncenter\"><a href=\"https:\/\/www.diarioimagen.net\/?attachment_id=395119\" rel=\"attachment wp-att-395119\"><img loading=\"lazy\" decoding=\"async\" aria-describedby=\"caption-attachment-395119\" class=\"size-large wp-image-395119\" src=\"https:\/\/www.diarioimagen.net\/wp-content\/uploads\/2018\/09\/HUIXQUILUCAN-3456-460x259.jpg\" alt=\"\" width=\"460\" height=\"259\" srcset=\"https:\/\/www.diarioimagen.net\/wp-content\/uploads\/2018\/09\/HUIXQUILUCAN-3456-460x259.jpg 460w, https:\/\/www.diarioimagen.net\/wp-content\/uploads\/2018\/09\/HUIXQUILUCAN-3456-240x135.jpg 240w, https:\/\/www.diarioimagen.net\/wp-content\/uploads\/2018\/09\/HUIXQUILUCAN-3456-235x132.jpg 235w, https:\/\/www.diarioimagen.net\/wp-content\/uploads\/2018\/09\/HUIXQUILUCAN-3456-202x114.jpg 202w, https:\/\/www.diarioimagen.net\/wp-content\/uploads\/2018\/09\/HUIXQUILUCAN-3456-350x196.jpg 350w, https:\/\/www.diarioimagen.net\/wp-content\/uploads\/2018\/09\/HUIXQUILUCAN-3456-220x123.jpg 220w, https:\/\/www.diarioimagen.net\/wp-content\/uploads\/2018\/09\/HUIXQUILUCAN-3456-237x132.jpg 237w, https:\/\/www.diarioimagen.net\/wp-content\/uploads\/2018\/09\/HUIXQUILUCAN-3456.jpg 480w\" sizes=\"auto, (max-width: 460px) 100vw, 460px\" \/><\/a><p id=\"caption-attachment-395119\" class=\"wp-caption-text\">Enrique Vargas encabez\u00f3 los festejos por el 208 aniversario del inicio de la Guerra de Independencia.<\/p><\/div>\n<p>&nbsp;<\/p>\n<p><strong>Huixquilucan, Estado de M\u00e9xico<\/strong>.- El presidente municipal, Enrique Vargas, encabez\u00f3 los festejos por el 208 aniversario del inicio de la Guerra de Independencia, en donde m\u00e1s de 20 mil personas disfrutaron de las celebraciones patrias.<\/p>\n<p>Con festejos simult\u00e1neos en distintos puntos del territorio, el gobierno municipal celebr\u00f3 a los h\u00e9roes que nos dieron Patria y Libertad, con el Grito de Independencia y el desfile c\u00edvico, en calles de la Cabecera Municipal, que tuvo una participaci\u00f3n de m\u00e1s de 6 mil personas.<\/p>\n<p>Desde el balc\u00f3n de la sede del ayuntamiento, Vargas del Villar record\u00f3 a quienes iniciaron la gesta heroica para lograr la Independencia en 1810. Aqu\u00ed Chuy Liz\u00e1rraga, puso a bailar a miles de personas que abarrotaron la explanada municipal.<\/p>\n<p>Los regidores Mar\u00eda Teresa Ram\u00edrez Trujillo, Alfredo Curiel Bustos y Evaristo Ces\u00e1reo S\u00e1nchez, en representaci\u00f3n del edil, realizaron la tradicional arenga en Magdalena Chichicaspa, Pirules y San Fernando, respectivamente, en donde tambi\u00e9n se cont\u00f3 con los grupos musicales\u00a0Los Primos MX y Amor Andino; Dinast\u00eda Cruz; el grupo Merengossa y Los Jefes de la Banda, que amenizaron las fiestas.<\/p>\n<p>De acuerdo con la Direcci\u00f3n General de Seguridad P\u00fablica y Vialidad, los festejos patrios en Huixquilucan registraron saldo blanco.<\/p>\n<p>Este domingo, las familias huixquiluquenses se dieron cita en las principales calles de la Cabecera Municipal para disfrutar del tradicional desfile, en el que participaron contingentes de las diferentes direcciones de la administraci\u00f3n p\u00fablica, estudiantes y la asociaci\u00f3n de charros de Huixquilucan, que fueron ovacionados por los asistentes.<\/p>\n","protected":false},"excerpt":{"rendered":"<p>El presidente municipal, Enrique Vargas, encabez\u00f3 los festejos<\/p>\n","protected":false},"author":3,"featured_media":395119,"comment_status":"open","ping_status":"open","sticky":false,"template":"","format":"standard","meta":{"_monsterinsights_skip_tracking":false,"_monsterinsights_sitenote_active":false,"_monsterinsights_sitenote_note":"","_monsterinsights_sitenote_category":0,"footnotes":""},"categories":[35155],"tags":[47218,43675,1097],"class_list":["post-395049","post","type-post","status-publish","format-standard","has-post-thumbnail","hentry","category-estado-de-mexico-estado-de-mexico","tag-enrique-vargas-del-villar","tag-estado-de-mexico","tag-huixquilucan"],"_links":{"self":[{"href":"https:\/\/www.diarioimagen.net\/index.php?rest_route=\/wp\/v2\/posts\/395049","targetHints":{"allow":["GET"]}}],"collection":[{"href":"https:\/\/www.diarioimagen.net\/index.php?rest_route=\/wp\/v2\/posts"}],"about":[{"href":"https:\/\/www.diarioimagen.net\/index.php?rest_route=\/wp\/v2\/types\/post"}],"author":[{"embeddable":true,"href":"https:\/\/www.diarioimagen.net\/index.php?rest_route=\/wp\/v2\/users\/3"}],"replies":[{"embeddable":true,"href":"https:\/\/www.diarioimagen.net\/index.php?rest_route=%2Fwp%2Fv2%2Fcomments&post=395049"}],"version-history":[{"count":0,"href":"https:\/\/www.diarioimagen.net\/index.php?rest_route=\/wp\/v2\/posts\/395049\/revisions"}],"wp:featuredmedia":[{"embeddable":true,"href":"https:\/\/www.diarioimagen.net\/index.php?rest_route=\/wp\/v2\/media\/395119"}],"wp:attachment":[{"href":"https:\/\/www.diarioimagen.net\/index.php?rest_route=%2Fwp%2Fv2%2Fmedia&parent=395049"}],"wp:term":[{"taxonomy":"category","embeddable":true,"href":"https:\/\/www.diarioimagen.net\/index.php?rest_route=%2Fwp%2Fv2%2Fcategories&post=395049"},{"taxonomy":"post_tag","embeddable":true,"href":"https:\/\/www.diarioimagen.net\/index.php?rest_route=%2Fwp%2Fv2%2Ftags&post=395049"}],"curies":[{"name":"wp","href":"https:\/\/api.w.org\/{rel}","templated":true}]}}