{"id":395056,"date":"2018-09-17T00:01:19","date_gmt":"2018-09-17T05:01:19","guid":{"rendered":"https:\/\/www.diarioimagen.net\/?p=395056"},"modified":"2018-09-17T01:10:39","modified_gmt":"2018-09-17T06:10:39","slug":"urgencias-del-imss-sigue-fallando","status":"publish","type":"post","link":"https:\/\/www.diarioimagen.net\/?p=395056","title":{"rendered":"Urgencias del IMSS sigue fallando"},"content":{"rendered":"<h2>Derecho de r\u00e9plica<\/h2>\n<ul>\n<li><em><strong>Una derechohabiente fue por un fuerte dolor en el vientre y no fue atendida<\/strong><\/em><\/li>\n<\/ul>\n<p>&nbsp;<\/p>\n<p>&nbsp;<\/p>\n<p>Nuevamente, el tal\u00f3n de Aquiles del Instituto Mexicano del Seguro Social (IMSS), en Chetumal, sigue siendo la insensible atenci\u00f3n en Urgencias de la Cl\u00ednica de Chetumal, as\u00ed calificada por una derechohabiente, la cual fue por un fuerte dolor en el vientre el viernes pasado, y simplemente no fue atendida.<\/p>\n<p>\u201cNo me hicieron nada en el IMSS, ma\u00f1ana ir\u00e9 a un m\u00e9dico particular a hacerme el ultrasonido, de hecho me trataron mal, una se\u00f1ora g\u00fcera de lentes ya grande (de edad) que est\u00e1 en Urgencias\u201d, dijo a <strong>DIARIO IMAGEN<\/strong>, la se\u00f1ora J.D.R.D. (Jacqueline Dianeli Reyes D\u00edaz), trabajadora de una empresa de seguridad en Chetumal.<\/p>\n<p>Fui el viernes 14 de septiembre, como a las once y media o doce y al no quererme atender en Urgencias por el fuerte dolor en mi vientre, me traslad\u00e9 a un m\u00e9dico particular, porque en el IMSS no me hicieron nada.<\/p>\n<p>J.D.R.D. se\u00f1al\u00f3 que tuvo que ir al IMSS por el fuerte dolor, porque es de escasos recursos y porque en su trabajo le piden el justificante oficial, pero que no fue atendida, ya que la se\u00f1ora de recepci\u00f3n de Urgencias, consider\u00f3 que no era urgente y que se fuera a su casa, pero ante lo insoportable del malestar fue a un doctor particular.<\/p>\n<p>Precisamente, el delegado del IMSS, Flavio Carlos Rosado se\u00f1al\u00f3 que Urgencias de la Cl\u00ednica de Chetumal, al ampliar su infraestructura, crecer\u00eda en personal, equipo e instrumental; sin embargo, tendr\u00e1 que mejorar la atenci\u00f3n, a fin de que sea de calidez y calidad, ya que es evidente que la queja es por la insensibilidad del personal que atiende y decide qu\u00e9 es una \u201curgencia\u201d, precis\u00f3 la derechohabiente J.D.R.D.<\/p>\n<p>Tengo un problema en los ovarios, se\u00f1al\u00f3 la paciente, quien dijo que el doctor particular le extender\u00e1 el diagn\u00f3stico para darle tratamiento y se le desinflame y quite el dolor, atenci\u00f3n que le fue negada el viernes a medio d\u00eda en el \u00e1rea de Urgencias del IMSS de Chetumal.<\/p>\n<p style=\"text-align: center;\"><strong>Tercer atentado contra Pedro Flota<\/strong><\/p>\n<p>Luego de tres atentados a su patrimonio, Pedro Flota Alcocer, ex l\u00edder del Congreso local y quien lider\u00f3 la aprobaci\u00f3n del entonces llamado \u201cpaquete de impunidad\u201d, que proteg\u00eda la corrupci\u00f3n del ex gobernador Roberto Borge, exigi\u00f3 justicia y que la autoridad investigue hasta las \u00faltimas consecuencias, al formular una denuncia ante la Fiscal\u00eda General del Estado, luego de que su vivienda fuera baleada.<\/p>\n<p>La madrugada del viernes pasado, individuos armados con metralletas, balacearon la casa de Flota Alcocer, logrando hacer blanco en su camioneta, que registra seis impactos, el port\u00f3n de su cochera con cuatro, dos m\u00e1s en la fachada y dos impactos m\u00e1s en la cocina, donde rompieron una ventana, en su vivienda marcada con el n\u00famero 470 de la avenida Adolfo L\u00f3pez Mateos, colonia Campestre, en Chetumal.<\/p>\n<p>Por el momento, no se observa nadie que est\u00e9 habitando la vivienda de la colonia Campestre, ya que est\u00e1n en otro lugar, viviendo para facilitar que hagan el peritaje y las pesquisas por parte de la polic\u00eda ministerial, a quien solicit\u00f3 se llegue hasta las \u00faltimas consecuencias.<\/p>\n<p>Relat\u00f3 que no recibi\u00f3 amenazas de ninguna \u00edndole y que \u00e9ste es el tercer atentado que sufre.<\/p>\n<p>A principios de a\u00f1o le fue quemado su restaurante-bar El Camarote; en mayo, uno de sus empleados que tiene en el ejido Juan Sarabia, fue asaltado cuando llevaba el pago de los salarios a los trabajadores, y ahora balean su domicilio.<\/p>\n<p>El ex l\u00edder estatal del PRI, indic\u00f3 que \u00e9l y su esposa se encontraban durmiendo al momento del atentado y su hermano que vive a un lado fue el primero en salir y alcanz\u00f3 a ver el carro en el que hu\u00edan los malechores que atentaron contra su vivienda.<\/p>\n<p>Antes de finalizar la administraci\u00f3n 2011-2016, Pedro Flota Alcocer gozaba de la protecci\u00f3n de escoltas por el hecho de haber sido secretario de Seguridad P\u00fablica en el gobierno de F\u00e9lix Gonz\u00e1lez, mismos que le fueron retirados en octubre de 2016 en el gobierno actual.<\/p>\n<p>Asegur\u00f3 que es chetumale\u00f1o y que no le debe nada a nadie, por lo que no sospecha de nadie en especial que quisiera hacerle da\u00f1o.<\/p>\n<p>Dijo que pide justicia a las autoridades estatales y que sea parada la ola de inseguridad que se vive ya en el estado.<\/p>\n<p>Por la forma de los disparos, la quema de su bar y el asalto a su empleado, es evidente que alguien quiere meterle miedo.<\/p>\n<p style=\"text-align: center;\"><strong>Perla Tun &amp; Pante\u00f3n Rococ\u00f3, lo mejor del fin de semana <\/strong><\/p>\n<p>Para celebrar el Grito de Independencia, la alcaldesa de Cozumel, Perla \u201cTrump\u201d Pech, contrat\u00f3 a Pante\u00f3n Rococ\u00f3, y el grupo chilango de ska, super\u00f3 por mucho el atractivo del informe de gobierno de la edil.<\/p>\n<p>Perla Tun termin\u00f3 su gesti\u00f3n con un cabildo destruido por su soberbia, intolerancia e imposici\u00f3n, que opac\u00f3 cualquier acci\u00f3n de gobierno, eso qued\u00f3 claro cuando a su informe no asistieron los regidores de oposici\u00f3n Georgina Ruiz Ch\u00e1vez, Jos\u00e9 Luis Chac\u00f3n y Mar\u00eda Fernanda Vargas, con los que, en cada sesi\u00f3n tuvo altercados donde los insultos a gritos iban y ven\u00edan. Tambi\u00e9n los representantes de los poderes Ejecutivo, Legislativo y Judicial, brillaron por su ausencia.<\/p>\n<p style=\"text-align: center;\"><strong>Se lo busc\u00f3<\/strong><\/p>\n<p>Tal parece que Perla Tun se esforz\u00f3 para que su administraci\u00f3n fuera un fracaso en todos los sentidos, pues no pudo atraer apoyos federales a la \u00ednsula, por lo que la obra p\u00fablica fue inexistente y la seguridad se le fue de las manos; sin embargo, durante su informe no par\u00f3 de darse de <em>cebollazos<\/em> y se calific\u00f3 como la mejor de las administraciones que han pasado por Cozumel.<\/p>\n<p>El informe de Tun Pech no incluy\u00f3 datos concretos, s\u00f3lo se conmiser\u00f3 y asegur\u00f3 que \u201cfuerzas mal\u00e9volas\u201d le pusieron obst\u00e1culos, sin ponerle nombre a esos entes del mal, aunque se calific\u00f3 como una mujer sin miedo. \u00a1Que no Mouse Mickey!<\/p>\n<p>Empero, en la realidad, fue el car\u00e1cter y la soberbia de Tun Pech la \u00fanica entidad mal\u00e9vola que la persigue, pues en lugar de buscar el apoyo y conciliaci\u00f3n con su cabildo, el a\u00f1o pasado, durante su primer informe, ni siquiera los salud\u00f3; mientras con el gobierno del estado mantuvo una guerra de despechos constantes.<\/p>\n<p>La \u00faltima fue cuando en un evento de Ciudades Inteligentes en Puebla, la alcaldesa dijo que el gobernador no ha querido cambiar el porcentaje de lo que recauda la Administraci\u00f3n Portuaria Integral, que le da s\u00f3lo el 1% a los municipios: \u201cMenos del uno por ciento, as\u00ed de abusador es el gobierno de Quintana Roo, el mandatario Carlos Joaquin, con todas las letras, y no ha querido cambiar esa pol\u00edtica\u201d.<\/p>\n<p>Sin lugar a dudas, \u00e9sta fue la l\u00e1pida de la carrera pol\u00edtica de Perla Tun. \u00a1Abuelita tus chanclitas!<\/p>\n<p style=\"text-align: center;\"><strong>De verde a gris<\/strong><\/p>\n<p>Otro que se vio solitario en su informe fue el alcalde de Benito Ju\u00e1rez, Remberto Estrada Barba, pues a su informe no acudieron las figuras emblem\u00e1ticas del Partido Verde, quien lo coloc\u00f3 en la silla municipal; ni al diputado federal, Jorge Emilio Gonz\u00e1lez Mart\u00ednez \u2018El Ni\u00f1o Verde\u2019, o al l\u00edder nacional del PVEM, Carlos Puente Salas, se les vio en apoyo a quien fue considerado su cachorro e hijo pol\u00edtico.<\/p>\n<p>Que, Remberto Estrada Barba le heredar\u00e1 a la alcaldesa electa por Morena, Mara Lezama Espinosa, las 97 patrullas que rent\u00f3, y lo anunci\u00f3 como un gran logro; sin embargo, el oficial mayor, H\u00e9ctor Jos\u00e9 Contreras Mercader, cuando inform\u00f3 sobre el arrendamiento de unidades en el Congreso local asegur\u00f3 que no exist\u00eda posibilidad de que, al t\u00e9rmino del contrato, el ayuntamiento pudiera retener los veh\u00edculos.<\/p>\n<p>Sin embargo, s\u00ed Remberto asegur\u00f3 que las patrullas se quedan, eso no es ning\u00fan logro, pues el costo anual de renta de las unidades, seg\u00fan el contrato de la licitaci\u00f3n, fue de 51 millones de pesos, por lo que, cada patrulla cost\u00f3 m\u00e1s de un mill\u00f3n de pesos. \u00a1Que barato! \u00bfNo le pierden?. Tant\u00e1n.<\/p>\n","protected":false},"excerpt":{"rendered":"<p><span style=\"color: #005497;\"><strong>Derecho de r\u00e9plica<\/strong><\/span><\/p>\n","protected":false},"author":3,"featured_media":0,"comment_status":"open","ping_status":"open","sticky":false,"template":"","format":"standard","meta":{"_monsterinsights_skip_tracking":false,"_monsterinsights_sitenote_active":false,"_monsterinsights_sitenote_note":"","_monsterinsights_sitenote_category":0,"footnotes":""},"categories":[62907],"tags":[47840,43674],"class_list":["post-395056","post","type-post","status-publish","format-standard","hentry","category-derecho-de-replica","tag-derecho-de-replica","tag-opinion"],"_links":{"self":[{"href":"https:\/\/www.diarioimagen.net\/index.php?rest_route=\/wp\/v2\/posts\/395056","targetHints":{"allow":["GET"]}}],"collection":[{"href":"https:\/\/www.diarioimagen.net\/index.php?rest_route=\/wp\/v2\/posts"}],"about":[{"href":"https:\/\/www.diarioimagen.net\/index.php?rest_route=\/wp\/v2\/types\/post"}],"author":[{"embeddable":true,"href":"https:\/\/www.diarioimagen.net\/index.php?rest_route=\/wp\/v2\/users\/3"}],"replies":[{"embeddable":true,"href":"https:\/\/www.diarioimagen.net\/index.php?rest_route=%2Fwp%2Fv2%2Fcomments&post=395056"}],"version-history":[{"count":0,"href":"https:\/\/www.diarioimagen.net\/index.php?rest_route=\/wp\/v2\/posts\/395056\/revisions"}],"wp:attachment":[{"href":"https:\/\/www.diarioimagen.net\/index.php?rest_route=%2Fwp%2Fv2%2Fmedia&parent=395056"}],"wp:term":[{"taxonomy":"category","embeddable":true,"href":"https:\/\/www.diarioimagen.net\/index.php?rest_route=%2Fwp%2Fv2%2Fcategories&post=395056"},{"taxonomy":"post_tag","embeddable":true,"href":"https:\/\/www.diarioimagen.net\/index.php?rest_route=%2Fwp%2Fv2%2Ftags&post=395056"}],"curies":[{"name":"wp","href":"https:\/\/api.w.org\/{rel}","templated":true}]}}