{"id":395124,"date":"2018-09-17T00:04:06","date_gmt":"2018-09-17T05:04:06","guid":{"rendered":"https:\/\/www.diarioimagen.net\/?p=395124"},"modified":"2018-09-17T02:09:02","modified_gmt":"2018-09-17T07:09:02","slug":"ayotzinapa-el-tiempo-ayuda-a-epn","status":"publish","type":"post","link":"https:\/\/www.diarioimagen.net\/?p=395124","title":{"rendered":"Ayotzinapa, el tiempo ayuda a EPN"},"content":{"rendered":"<h2>Poder y dinero<\/h2>\n<h5>V\u00edctor S\u00e1nchez Ba\u00f1os<\/h5>\n<p>&nbsp;<\/p>\n<p style=\"text-align: right;\"><strong><em>La iron\u00eda es el <\/em><\/strong><em><strong>pudor de la sociedad<\/strong><br \/>\nJules Renard, 1864-1010;<\/em><em>\u00a0escritor franc\u00e9s<\/em><\/p>\n<p>&nbsp;<\/p>\n<p>#Ayotzinapa #AMLO #Izquierda #EPN #PapaCaliente #NoFueElEstado #FueronNarcoPol\u00edticos #MorenaObligadoALaVerdad #EPNalaidoDelTiempo #Liverpool #F\u00e1bricasDeFrancia #Suburbia #VelascoDemagogo #ConclaveFronterizo #EquilibrioEcon\u00f3mico #Pepsico<\/p>\n<p>&nbsp;<\/p>\n<p>El fondo y trasfondo del secuestro y asesinato de los j\u00f3venes de la Normal de Ayotzinapa, en Iguala Guerrero, as\u00ed como otros j\u00f3venes del equipo de futbol de la tercera divisi\u00f3n, Los Avispones, fue la disputa de los grupos que mantienen secuestrado a todo un estado.<\/p>\n<p>El motivo de la disputa es el control del \u201ctri\u00e1ngulo de oro\u201d de la hero\u00edna y la amapola, que deja miles de millones de d\u00f3lares de utilidad a los c\u00e1rteles de las drogas, por una parte, y que derraman a la clase pol\u00edtica y polic\u00edaca.<\/p>\n<p>En el Congreso, la izquierda morenista ahora exige que se aclare ese asesinato multitudinario. Son mayor\u00eda en las c\u00e1maras de Diputados y Senadores, por lo que puede influir en la soluci\u00f3n de la investigaci\u00f3n que realizan, tanto la Procuradur\u00eda de Guerrero, como la Procuradur\u00eda General de la Rep\u00fablica.<\/p>\n<p>S\u00ed, el gobierno de Enrique Pe\u00f1a Nieto, cometi\u00f3 varios errores graves en el manejo pol\u00edtico y medi\u00e1ticos de la investigaci\u00f3n. Se neg\u00f3 a dar a conocer los verdaderos motivos de ese asesinato m\u00faltiple, aunque dejaron varias pistas para el an\u00e1lisis pol\u00edtico.<\/p>\n<p>Sin embargo, la verdad hist\u00f3rica del que fue el primer fiscal investigador, Jes\u00fas Murillo Karam, est\u00e1 plagada de errores de los grupos polic\u00edacos, algunos involucrados con los c\u00e1rteles locales; esto lo saben perfectamente desde el gobierno federal, as\u00ed como en la entidad que ahora gobierna H\u00e9ctor Astudillo del PRI.<\/p>\n<p>Todo, al respecto, est\u00e1 muy explicado y la izquierda extremosa la utiliza como un arma contra el gobierno, lo que se permite en un sistema democr\u00e1tico.\u00a0 A pesar de ello, a partir del 1 de diciembre, le toca a esa izquierda a trav\u00e9s del gobierno morenista de Andr\u00e9s Manuel L\u00f3pez Obrador, el investigar y obtener la \u201cverdadera verdad\u201d del caso Ayotzinapa. Los normalistas han sido intocables y no se les toca, a sus maestros que enviaron a esa masacre, ni con el p\u00e9talo de una averiguaci\u00f3n previa, mucho menos de un citatorio.<\/p>\n<p>Precisamente, el tiempo juega un papel especial para Enrique Pe\u00f1a Nieto. Al terminar su gesti\u00f3n, inmediatamente el gobierno de L\u00f3pez Obrador tendr\u00e1 la obligaci\u00f3n de sacar la verdad e ir contra los culpables; est\u00e9n donde est\u00e9n. La papa caliente pasar\u00e1 a manos de Morena y la izquierda.<\/p>\n<p>\u00bfSacar\u00e1 toda la verdad el gobierno de L\u00f3pez Obrador en temas como Ayotzinapa y el Movimiento del 68?<\/p>\n<p><strong>PODEROSOS CABALLEROS<\/strong>: La conversi\u00f3n de 41 tiendas de F\u00e1bricas de Francia en Liverpool o Suburbia, era esperado desde hace varios meses por la comunidad inversionista en el mercado de valores mexicano. La decisi\u00f3n de Max Michel, fue acertada, ya que de esa manera aprovecha la aceptaci\u00f3n de los consumidores sobre las marcas existentes. Adem\u00e1s, duplica oferta para diversos consumidores, al aumentar el surtido de mercanc\u00edas en Suburbia con m\u00e1s calzado, joyas y cosm\u00e9ticos. Incluso, impulso la venta de marcas m\u00e1s reconocidas en el mercado, por su calidad. Estiman analistas burs\u00e1tiles que podr\u00e1 incrementar sus ventas.<\/p>\n<p>*** Fue importante para los habitantes de la frontera norte del pa\u00eds, la reuni\u00f3n que sostuvieron el presidente electo, Andr\u00e9s Manuel L\u00f3pez Obrador, con los gobernadores de la franja, en la ciudad de M\u00e9xico. Estuvieron los gobernadores panistas Francisco Vega, de BC; Francisco Garc\u00eda Cabeza de Vaca, Tamaulipas; Jaime Rodr\u00edguez de Nuevo Le\u00f3n; Miguel Riquelme de Coahuila as\u00ed como Claudia Pavlovich de Sonora. Los compromisos del presidente electo van en establecer un equilibrio econ\u00f3mico en la regi\u00f3n para hacer competitivos los mexicanos ante sus pares estadounidenses, en las ciudades fronterizas.<\/p>\n<p>*** Manuel Velasco, quien le gusta estar como gobernador y senador al mismo tiempo, manipulando el Congreso de Chiapas, dice que \u201casume los costos pol\u00edticos\u201d de su regreso a la gubernatura. Por favor, esa frase es m\u00e1s falsa y demag\u00f3gica que un insulto a la inteligencia de los chiapanecos. Qu\u00e9 desprecio por un pueblo tan noble que le toc\u00f3 gobernar al nuevo joven maravilla.<\/p>\n<p><strong>RESPONSABILIDAD SOCIAL CORPORATIVA<\/strong>.- Para Indra K. Nooyi, presidenta y CEO de PepsiCo., lo m\u00e1s importante que nunca fomentar la sustentabilidad y la rentabilidad al mismo tiempo. Redujeron los az\u00facares a\u00f1adidos y el sodio en sus portafolios de bebidas y alimentos, respectivamente, en 2017 y continu\u00f3 moviendo su negocio hacia productos m\u00e1s nutritivos. Por ejemplo, Mirinda ahora tienen al menos 30 a 50 por ciento menos de az\u00facares a\u00f1adidos que las versiones con az\u00facar que fueron reemplazadas en muchos mercados de todo el mundo. La Fundaci\u00f3n PepsiCo y sus socios proporcionaron acceso a agua segura a casi 16 millones de personas desde 2006: un aumento de casi 5 millones de personas en 2017.<\/p>\n<p><em><a href=\"mailto:vsb@poderydinero.mx\" target=\"_blank\" rel=\"noopener\">vsb@poderydinero.mx<\/a><br \/>\n<\/em><em><strong>Twitter:<\/strong><a href=\"https:\/\/twitter.com\/vsanchezbanos\" target=\"_blank\" rel=\"noopener\">@vsanchezbano<br \/>\n<\/a><\/em><em><strong>Facebook:\u00a0<\/strong><a href=\"https:\/\/www.facebook.com\/vsanchezbanos?fref=ts\" target=\"_blank\" rel=\"noopener\">vsanchezbano<\/a><\/em><\/p>\n","protected":false},"excerpt":{"rendered":"<p><span style=\"color: #005497;\"><strong>V\u00edctor S\u00e1nchez Ba\u00f1os<\/strong><\/span><\/p>\n","protected":false},"author":3,"featured_media":0,"comment_status":"open","ping_status":"open","sticky":false,"template":"","format":"standard","meta":{"_monsterinsights_skip_tracking":false,"_monsterinsights_sitenote_active":false,"_monsterinsights_sitenote_note":"","_monsterinsights_sitenote_category":0,"footnotes":""},"categories":[38844],"tags":[43674,38847,38848],"class_list":["post-395124","post","type-post","status-publish","format-standard","hentry","category-victor-sanchez-banos","tag-opinion","tag-poder-y-dinero","tag-victor-sanchez-banos"],"_links":{"self":[{"href":"https:\/\/www.diarioimagen.net\/index.php?rest_route=\/wp\/v2\/posts\/395124","targetHints":{"allow":["GET"]}}],"collection":[{"href":"https:\/\/www.diarioimagen.net\/index.php?rest_route=\/wp\/v2\/posts"}],"about":[{"href":"https:\/\/www.diarioimagen.net\/index.php?rest_route=\/wp\/v2\/types\/post"}],"author":[{"embeddable":true,"href":"https:\/\/www.diarioimagen.net\/index.php?rest_route=\/wp\/v2\/users\/3"}],"replies":[{"embeddable":true,"href":"https:\/\/www.diarioimagen.net\/index.php?rest_route=%2Fwp%2Fv2%2Fcomments&post=395124"}],"version-history":[{"count":0,"href":"https:\/\/www.diarioimagen.net\/index.php?rest_route=\/wp\/v2\/posts\/395124\/revisions"}],"wp:attachment":[{"href":"https:\/\/www.diarioimagen.net\/index.php?rest_route=%2Fwp%2Fv2%2Fmedia&parent=395124"}],"wp:term":[{"taxonomy":"category","embeddable":true,"href":"https:\/\/www.diarioimagen.net\/index.php?rest_route=%2Fwp%2Fv2%2Fcategories&post=395124"},{"taxonomy":"post_tag","embeddable":true,"href":"https:\/\/www.diarioimagen.net\/index.php?rest_route=%2Fwp%2Fv2%2Ftags&post=395124"}],"curies":[{"name":"wp","href":"https:\/\/api.w.org\/{rel}","templated":true}]}}