{"id":395237,"date":"2018-09-18T00:09:30","date_gmt":"2018-09-18T05:09:30","guid":{"rendered":"https:\/\/www.diarioimagen.net\/?p=395237"},"modified":"2018-09-18T05:12:31","modified_gmt":"2018-09-18T10:12:31","slug":"inicio-semana-institucional-de-proteccion-civil-de-la-uaem","status":"publish","type":"post","link":"https:\/\/www.diarioimagen.net\/?p=395237","title":{"rendered":"Inici\u00f3 Semana Institucional de Protecci\u00f3n Civil de la UAEM"},"content":{"rendered":"<ul>\n<li><strong><em>Panel en la Facultad de Derecho<\/em><\/strong><\/li>\n<\/ul>\n<p>&nbsp;<\/p>\n<div id=\"attachment_395330\" style=\"width: 470px\" class=\"wp-caption aligncenter\"><a href=\"https:\/\/www.diarioimagen.net\/?attachment_id=395330\" rel=\"attachment wp-att-395330\"><img loading=\"lazy\" decoding=\"async\" aria-describedby=\"caption-attachment-395330\" class=\"size-large wp-image-395330\" src=\"https:\/\/www.diarioimagen.net\/wp-content\/uploads\/2018\/09\/UAEM-3457-460x259.jpg\" alt=\"\" width=\"460\" height=\"259\" srcset=\"https:\/\/www.diarioimagen.net\/wp-content\/uploads\/2018\/09\/UAEM-3457-460x259.jpg 460w, https:\/\/www.diarioimagen.net\/wp-content\/uploads\/2018\/09\/UAEM-3457-240x135.jpg 240w, https:\/\/www.diarioimagen.net\/wp-content\/uploads\/2018\/09\/UAEM-3457-235x132.jpg 235w, https:\/\/www.diarioimagen.net\/wp-content\/uploads\/2018\/09\/UAEM-3457-202x114.jpg 202w, https:\/\/www.diarioimagen.net\/wp-content\/uploads\/2018\/09\/UAEM-3457-350x196.jpg 350w, https:\/\/www.diarioimagen.net\/wp-content\/uploads\/2018\/09\/UAEM-3457-220x123.jpg 220w, https:\/\/www.diarioimagen.net\/wp-content\/uploads\/2018\/09\/UAEM-3457-237x132.jpg 237w, https:\/\/www.diarioimagen.net\/wp-content\/uploads\/2018\/09\/UAEM-3457.jpg 480w\" sizes=\"auto, (max-width: 460px) 100vw, 460px\" \/><\/a><p id=\"caption-attachment-395330\" class=\"wp-caption-text\">Panel \u201cRetos y perspectivas de la protecci\u00f3n civil en M\u00e9xico\u201d, realizado en la Facultad de Derecho de la UAEM.<\/p><\/div>\n<p>&nbsp;<\/p>\n<p><strong>Toluca, Estado de M\u00e9xico<\/strong>.\u2013 Con el panel \u201cRetos y perspectivas de la protecci\u00f3n civil en M\u00e9xico\u201d, en la Facultad de Derecho inici\u00f3 la Semana Institucional de Protecci\u00f3n Civil de la Universidad Aut\u00f3noma del Estado de M\u00e9xico.<\/p>\n<p>En este marco, la directora de Seguridad y Protecci\u00f3n Universitaria, Griselda Camacho T\u00e9llez, afirm\u00f3 que luego de los sismos de 2017, los j\u00f3venes tienen una participaci\u00f3n m\u00e1s decidida e importante en esta materia y muestran una gran voluntad para enfrentar las contingencias.<\/p>\n<p>Detall\u00f3 que esta direcci\u00f3n cuenta con cinco brigadas: primeros auxilios, b\u00fasqueda y rescate, combate y control de incendios, evacuaci\u00f3n y log\u00edstica, todas con el objetivo de continuar incentivando la cultura de protecci\u00f3n civil en todos los organismos de la UAEM.<\/p>\n<p>El responsable del Programa de Protecci\u00f3n Universitaria, Ruggiero Olivera Guadarrama, asever\u00f3 que la Aut\u00f3noma mexiquense pone especial \u00e9nfasis en proteger a alumnos, profesores y trabajadores administrativos, al contar con protocolos establecidos de evacuaci\u00f3n y un sistema de alerta s\u00edsmica en toda la instituci\u00f3n.<\/p>\n<p>\u201cEn cualquier momento puede ocurrir un sismo, por ello es fundamental estar preparados y conocer los lineamientos de protecci\u00f3n civil, las salidas de emergencia y rutas de evacuaci\u00f3n. La uni\u00f3n de la comunidad universitaria en torno a las acciones preventivas es sustancial\u201d.<\/p>\n<p>El reto de la m\u00e1xima casa de estudios mexiquense, enfatiz\u00f3, es consolidarse como una instituci\u00f3n segura, con una cultura de protecci\u00f3n civil s\u00f3lida, ya que en los primeros minutos de una contingencia las acciones recaen en toda la poblaci\u00f3n.<\/p>\n<p>En este sentido, subray\u00f3 que durante contingencias ocurridas, las brigadas de protecci\u00f3n civil de la Aut\u00f3noma mexiquense han actuado de forma oportuna para salvaguardar la integridad de la comunidad universitaria.<\/p>\n<p>En su momento, el jefe del Departamento de Protecci\u00f3n Civil del Instituto de Seguridad Social del Estado de M\u00e9xico y Municipios (ISSEMyM), Rodrigo Rubio Mej\u00eda, destac\u00f3 la importancia de respetar el Atlas Nacional de Riesgos para reducir los peligros y minimizar los da\u00f1os en caso de un siniestro.<\/p>\n","protected":false},"excerpt":{"rendered":"<p>Con el panel \u201cRetos y perspectivas de la protecci\u00f3n civil en M\u00e9xico\u201d, en la Facultad de Derecho inici\u00f3 la Semana Institucional de Protecci\u00f3n Civil de la Universidad Aut\u00f3noma del Estado de M\u00e9xico.<\/p>\n","protected":false},"author":3,"featured_media":395330,"comment_status":"open","ping_status":"open","sticky":false,"template":"","format":"standard","meta":{"_monsterinsights_skip_tracking":false,"_monsterinsights_sitenote_active":false,"_monsterinsights_sitenote_note":"","_monsterinsights_sitenote_category":0,"footnotes":""},"categories":[35155],"tags":[43675,78312,452,78311],"class_list":["post-395237","post","type-post","status-publish","format-standard","has-post-thumbnail","hentry","category-estado-de-mexico-estado-de-mexico","tag-estado-de-mexico","tag-semana-institucional-de-proteccion-civil","tag-toluca","tag-uaem-semana-institucional-de-proteccion-civil"],"_links":{"self":[{"href":"https:\/\/www.diarioimagen.net\/index.php?rest_route=\/wp\/v2\/posts\/395237","targetHints":{"allow":["GET"]}}],"collection":[{"href":"https:\/\/www.diarioimagen.net\/index.php?rest_route=\/wp\/v2\/posts"}],"about":[{"href":"https:\/\/www.diarioimagen.net\/index.php?rest_route=\/wp\/v2\/types\/post"}],"author":[{"embeddable":true,"href":"https:\/\/www.diarioimagen.net\/index.php?rest_route=\/wp\/v2\/users\/3"}],"replies":[{"embeddable":true,"href":"https:\/\/www.diarioimagen.net\/index.php?rest_route=%2Fwp%2Fv2%2Fcomments&post=395237"}],"version-history":[{"count":0,"href":"https:\/\/www.diarioimagen.net\/index.php?rest_route=\/wp\/v2\/posts\/395237\/revisions"}],"wp:featuredmedia":[{"embeddable":true,"href":"https:\/\/www.diarioimagen.net\/index.php?rest_route=\/wp\/v2\/media\/395330"}],"wp:attachment":[{"href":"https:\/\/www.diarioimagen.net\/index.php?rest_route=%2Fwp%2Fv2%2Fmedia&parent=395237"}],"wp:term":[{"taxonomy":"category","embeddable":true,"href":"https:\/\/www.diarioimagen.net\/index.php?rest_route=%2Fwp%2Fv2%2Fcategories&post=395237"},{"taxonomy":"post_tag","embeddable":true,"href":"https:\/\/www.diarioimagen.net\/index.php?rest_route=%2Fwp%2Fv2%2Ftags&post=395237"}],"curies":[{"name":"wp","href":"https:\/\/api.w.org\/{rel}","templated":true}]}}