{"id":395268,"date":"2018-09-18T00:05:24","date_gmt":"2018-09-18T05:05:24","guid":{"rendered":"https:\/\/www.diarioimagen.net\/?p=395268"},"modified":"2018-09-18T05:25:32","modified_gmt":"2018-09-18T10:25:32","slug":"festejan-con-exito-la-independencia-en-nicolas-romero","status":"publish","type":"post","link":"https:\/\/www.diarioimagen.net\/?p=395268","title":{"rendered":"Festejan con \u00e9xito la Independencia en Nicol\u00e1s Romero"},"content":{"rendered":"<p><a href=\"https:\/\/www.diarioimagen.net\/?attachment_id=395354\" rel=\"attachment wp-att-395354\"><img loading=\"lazy\" decoding=\"async\" class=\"aligncenter size-large wp-image-395354\" src=\"https:\/\/www.diarioimagen.net\/wp-content\/uploads\/2018\/09\/NICOLAS-3457-460x259.jpg\" alt=\"\" width=\"460\" height=\"259\" srcset=\"https:\/\/www.diarioimagen.net\/wp-content\/uploads\/2018\/09\/NICOLAS-3457-460x259.jpg 460w, https:\/\/www.diarioimagen.net\/wp-content\/uploads\/2018\/09\/NICOLAS-3457-240x135.jpg 240w, https:\/\/www.diarioimagen.net\/wp-content\/uploads\/2018\/09\/NICOLAS-3457-235x132.jpg 235w, https:\/\/www.diarioimagen.net\/wp-content\/uploads\/2018\/09\/NICOLAS-3457-202x114.jpg 202w, https:\/\/www.diarioimagen.net\/wp-content\/uploads\/2018\/09\/NICOLAS-3457-350x196.jpg 350w, https:\/\/www.diarioimagen.net\/wp-content\/uploads\/2018\/09\/NICOLAS-3457-220x123.jpg 220w, https:\/\/www.diarioimagen.net\/wp-content\/uploads\/2018\/09\/NICOLAS-3457-237x132.jpg 237w, https:\/\/www.diarioimagen.net\/wp-content\/uploads\/2018\/09\/NICOLAS-3457.jpg 480w\" sizes=\"auto, (max-width: 460px) 100vw, 460px\" \/><\/a><\/p>\n<p>&nbsp;<\/p>\n<p><strong>Nicol\u00e1s Romero, Estado de M\u00e9xico.- <\/strong>La alcaldesa de Nicol\u00e1s Romero, Angelina Carre\u00f1o y su cabildo celebraron las fiestas patrias con gran \u00e9xito. Desde el aniversario de la gesta heroica de los Ni\u00f1os H\u00e9roes en el marco del evento c\u00edvico se entregaron 2 aulas y mobiliario escolar en el jard\u00edn de ni\u00f1os de la cabecera el cual lleva el nombre \u201cNi\u00f1os H\u00e9roes\u201d.<\/p>\n<p>Posteriormente el 15 de septiembre se dio el tradicional Grito de Independencia ante miles de asistentes que coreaban con fervor el \u201cViva M\u00e9xico\u201d. Al t\u00e9rmino de la arenga se disfrut\u00f3 de un piromusical que combinaba colores de juegos pirot\u00e9cnicos y\u00a0 m\u00fasica mexicana como parte de una magna exhibici\u00f3n.<\/p>\n","protected":false},"excerpt":{"rendered":"<p>La alcaldesa de Nicol\u00e1s Romero, Angelina Carre\u00f1o y su cabildo celebraron las fiestas patrias con gran \u00e9xito. Desde el aniversario de la gesta heroica de los Ni\u00f1os H\u00e9roes en el marco del evento c\u00edvico se entregaron 2 aulas y mobiliario escolar en el jard\u00edn de ni\u00f1os de la cabecera el cual lleva el nombre \u201cNi\u00f1os H\u00e9roes\u201d.<\/p>\n","protected":false},"author":3,"featured_media":395354,"comment_status":"open","ping_status":"open","sticky":false,"template":"","format":"standard","meta":{"_monsterinsights_skip_tracking":false,"_monsterinsights_sitenote_active":false,"_monsterinsights_sitenote_note":"","_monsterinsights_sitenote_category":0,"footnotes":""},"categories":[35155],"tags":[43675,752,2122],"class_list":["post-395268","post","type-post","status-publish","format-standard","has-post-thumbnail","hentry","category-estado-de-mexico-estado-de-mexico","tag-estado-de-mexico","tag-nicolas-romero","tag-ninos-heroes"],"_links":{"self":[{"href":"https:\/\/www.diarioimagen.net\/index.php?rest_route=\/wp\/v2\/posts\/395268","targetHints":{"allow":["GET"]}}],"collection":[{"href":"https:\/\/www.diarioimagen.net\/index.php?rest_route=\/wp\/v2\/posts"}],"about":[{"href":"https:\/\/www.diarioimagen.net\/index.php?rest_route=\/wp\/v2\/types\/post"}],"author":[{"embeddable":true,"href":"https:\/\/www.diarioimagen.net\/index.php?rest_route=\/wp\/v2\/users\/3"}],"replies":[{"embeddable":true,"href":"https:\/\/www.diarioimagen.net\/index.php?rest_route=%2Fwp%2Fv2%2Fcomments&post=395268"}],"version-history":[{"count":0,"href":"https:\/\/www.diarioimagen.net\/index.php?rest_route=\/wp\/v2\/posts\/395268\/revisions"}],"wp:featuredmedia":[{"embeddable":true,"href":"https:\/\/www.diarioimagen.net\/index.php?rest_route=\/wp\/v2\/media\/395354"}],"wp:attachment":[{"href":"https:\/\/www.diarioimagen.net\/index.php?rest_route=%2Fwp%2Fv2%2Fmedia&parent=395268"}],"wp:term":[{"taxonomy":"category","embeddable":true,"href":"https:\/\/www.diarioimagen.net\/index.php?rest_route=%2Fwp%2Fv2%2Fcategories&post=395268"},{"taxonomy":"post_tag","embeddable":true,"href":"https:\/\/www.diarioimagen.net\/index.php?rest_route=%2Fwp%2Fv2%2Ftags&post=395268"}],"curies":[{"name":"wp","href":"https:\/\/api.w.org\/{rel}","templated":true}]}}